{"id":7398,"date":"2024-04-19T08:41:14","date_gmt":"2024-04-19T06:41:14","guid":{"rendered":"https:\/\/esportsmunicipalsalzira.com\/el-passat-5-i-6-dabril-es-va-celebrar-a-murcia-el-%f0%9d%97%96%f0%9d%97%ae%f0%9d%97%ba%f0%9d%97%bd%f0%9d%97%b6%f0%9d%97%bc%f0%9d%97%bb%f0%9d%97%ae%f0%9d%98%81-%f0%9d%97%b1%f0%9d%97%98%f0%9d%98%80\/"},"modified":"2024-04-19T08:41:14","modified_gmt":"2024-04-19T06:41:14","slug":"el-passat-5-i-6-dabril-es-va-celebrar-a-murcia-el-%f0%9d%97%96%f0%9d%97%ae%f0%9d%97%ba%f0%9d%97%bd%f0%9d%97%b6%f0%9d%97%bc%f0%9d%97%bb%f0%9d%97%ae%f0%9d%98%81-%f0%9d%97%b1%f0%9d%97%98%f0%9d%98%80","status":"publish","type":"post","link":"https:\/\/esportsmunicipalsalzira.com\/es\/el-passat-5-i-6-dabril-es-va-celebrar-a-murcia-el-%f0%9d%97%96%f0%9d%97%ae%f0%9d%97%ba%f0%9d%97%bd%f0%9d%97%b6%f0%9d%97%bc%f0%9d%97%bb%f0%9d%97%ae%f0%9d%98%81-%f0%9d%97%b1%f0%9d%97%98%f0%9d%98%80\/","title":{"rendered":"El pasado 5 y 6 de abril, se celebr\u00f3 en Murcia el \ud835\uddd6\ud835\uddee\ud835\uddfa\ud835\uddfd\ud835\uddf6\ud835\uddfc\ud835\uddfb\ud835\uddee\ud835\ude01 \ud835\uddf1&#039;\ud835\uddd8\ud835\ude00\ud835\uddfd\ud835\uddee\ud835\uddfb\ud835\ude06\ud835\uddee \ud835\uddf1\ud83d\ude00 \ud835\uddfc\ud835\uddf3\ud835\uddf6\u0301\ud835\uddf9\ud835\uddf6\ud835\uddee \ud835\udde8\ud835\uddfb\ud835\uddf6\ud835\ude03\ud835\uddf2\ud835\uddff\ud835\ude00\ud835\uddf6\ud835\ude01\ud835\uddee\ud835\uddff\ud835\uddf6. La alzire\u00f1a \ud835\uddd6\ud835\uddff\ud835\uddf6"},"content":{"rendered":"<p><br \/>\n\ud83c\udfcb\ufe0f\u200d\u2640\ufe0f\ud83c\udfcb\ufe0f El pasado 5 y 6 de abril, se celebr\u00f3 en Murcia el \ud835\uddd6\ud835\uddee\ud835\uddfa\ud835\uddfd\ud835\uddf6\ud835\uddfc\ud835\uddfb\ud835\uddee\ud835\ude01 \ud835\uddf1&#039;\ud835\uddd8\ud835\ude00\ud835\uddfd \ud835\uddf9\ud835\ude01\ud835\uddf2\ud835\uddff\ud835\uddfc\ud835\uddf3\ud835\uddf6\u0301\ud835\uddf9\ud835\uddf6\ud835\uddee \ud835\udde8\ud835\uddfb\ud835\uddf6\ud835\ude03\ud835\uddf2\ud835\uddff\ud835\ude00\ud835\uddf6\ud835\ude01\ud835\uddee\ud835\uddff\ud835\uddf6.<\/p>\n<p>\ud83e\udd47\ud83c\udfc6 La alzire\u00f1a \ud835\uddd6\ud835\uddff\ud835\uddf6\ud835\ude00\ud835\ude01\ud835\uddf6\ud835\uddfb\ud835\uddee \ud835\uddd9\ud835\uddf9\ud835\uddfc\ud835\uddff se proclam\u00f3 \ud835\uddf0\ud835\uddee\ud835\uddfa\ud835\uddfd\ud835\uddf6\ud835\uddfc\ud835\ude1d \ud835\uddee\ud835\uddfb\ud835\ude06\ud835\uddee en la categor\u00eda femenina de hasta 55 kg de peso corporal.<\/p>\n<p>\ud83c\udfcb\ufe0f\u200d\u2640\ufe0f\ud83c\udfcb\ufe0f Tambi\u00e9n se celebr\u00f3, la semana pasada en Alicante, el \ud835\udddc\ud835\uddeb \ud835\uddd6\ud835\uddee\ud835\uddfa\ud835\uddfd\ud835\uddf6\ud835\uddfc\ud835\uddfb\ud835\uddee\ud835\ude01 \ud835\uddf1&#039;\ud835\uddd8\ud835\ude00\ud835\uddfd \ud835\uddee\ud835\uddf9\ud835\ude01\ud835\uddf2\ud835\uddff\ud835\uddfc\ud835\uddf3\ud835\uddf6\u0301\ud835\uddf9\ud835\uddf6\ud835\uddee \ud835\udde0\ud835\uddee\u0300\ud835\ude00\ud835\ude01\ud835\uddf2\ud835\uddff.<\/p>\n<p>\ud83c\udfc6\ud83e\udd47 El alzire\u00f1o \ud835\udddd\ud835\uddfc\ud835\uddee\ud835\uddfb \ud835\udddd\ud835\uddfc\ud835\ude00\ud835\uddf2\ud835\uddfd \ud835\udde0\ud835\uddee\ud835\uddff\ud835\uddf0\ud835\uddfc, en la categor\u00eda M35, se proclam\u00f3 campe\u00f3n de Espa\u00f1a.<\/p>\n<p>\ud83c\udfc6\ud83e\udd48 El alzire\u00f1o \ud835\udddb\ud835\uddf2\u0301\ud835\uddf0\ud835\ude01\ud835\uddfc\ud835\uddff \ud835\uddd7\ud835\uddee\ud835\uddfb\ud835\uddf6\ud835\uddf2\ud835\uddf9 \ud835\udddf\ud835\uddee\ud835\uddfd\ud835\uddfc se proclam\u00f3 subcampe\u00f3n de Espa\u00f1a en la categor\u00eda.<\/p>\n<p>\u00a1Enhorabuena a todos y todas, campeones!! \ud83e\udd73<\/p>\n<p>Servicio Municipal de Deportes Alzira<\/p>\n<p><a href=\"https:\/\/esportsmunicipalsalzira.com\/wp-content\/uploads\/2024\/04\/437521887_816970503797690_430922240124415526_n.jpg\"><img decoding=\"async\" class=\"wp_automatic_fb_img\" title=\"\" src=\"https:\/\/esportsmunicipalsalzira.com\/wp-content\/uploads\/2024\/04\/437521887_816970503797690_430922240124415526_n.jpg\" \/><\/a><br \/><a href=\"https:\/\/esportsmunicipalsalzira.com\/wp-content\/uploads\/2024\/04\/438109466_816970487131025_3765230235657573400_n.jpg\"><img decoding=\"async\" class=\"wp_automatic_fb_img\" title=\"\" src=\"https:\/\/esportsmunicipalsalzira.com\/wp-content\/uploads\/2024\/04\/438109466_816970487131025_3765230235657573400_n.jpg\" \/><\/a><br \/><a href=\"https:\/\/esportsmunicipalsalzira.com\/wp-content\/uploads\/2024\/04\/437382178_816970490464358_6926021702870955566_n.jpg\"><img decoding=\"async\" class=\"wp_automatic_fb_img\" title=\"\" src=\"https:\/\/esportsmunicipalsalzira.com\/wp-content\/uploads\/2024\/04\/437382178_816970490464358_6926021702870955566_n.jpg\" \/><\/a><br \/><a href=\"https:\/\/esportsmunicipalsalzira.com\/wp-content\/uploads\/2024\/04\/437535354_816970493797691_2151024041915202882_n.jpg\"><img decoding=\"async\" class=\"wp_automatic_fb_img\" title=\"\" src=\"https:\/\/esportsmunicipalsalzira.com\/wp-content\/uploads\/2024\/04\/437535354_816970493797691_2151024041915202882_n.jpg\" \/><\/a><br \/><a href=\"https:\/\/esportsmunicipalsalzira.com\/wp-content\/uploads\/2024\/04\/437490939_816970497131024_898035968234656811_n.jpg\"><img decoding=\"async\" class=\"wp_automatic_fb_img\" title=\"\" src=\"https:\/\/esportsmunicipalsalzira.com\/wp-content\/uploads\/2024\/04\/437490939_816970497131024_898035968234656811_n.jpg\" \/><\/a><br \/>\n<br \/>\n<br \/><a href=\"https:\/\/www.facebook.com\/100063537194811\/posts\/963299305797967\">source<\/a>  <\/p>","protected":false},"excerpt":{"rendered":"<p>\ud83c\udfcb\ufe0f\u200d\u2640\ufe0f\ud83c\udfcb\ufe0f El passat 5 i 6 d&#8217;abril, es va celebrar a M\u00farcia el \ud835\uddd6\ud835\uddee\ud835\uddfa\ud835\uddfd\ud835\uddf6\ud835\uddfc\ud835\uddfb\ud835\uddee\ud835\ude01 \ud835\uddf1&#8217;\ud835\uddd8\ud835\ude00\ud835\uddfd\ud835\uddee\ud835\uddfb\ud835\ude06\ud835\uddee \ud835\uddf1&#8217;\ud835\udddb\ud835\uddee\ud835\uddf9\ud835\ude01\ud835\uddf2\ud835\uddff\ud835\uddfc\ud835\uddf3\ud835\uddf6\u0301\ud835\uddf9\ud835\uddf6\ud835\uddee \ud835\udde8\ud835\uddfb\ud835\uddf6\ud835\ude03\ud835\uddf2\ud835\uddff\ud835\ude00\ud835\uddf6\ud835\ude01\ud835\uddee\ud835\uddff\ud835\uddf6. \ud83e\udd47\ud83c\udfc6 L&#8217;alzirenya \ud835\uddd6\ud835\uddff\ud835\uddf6\ud835\ude00\ud835\ude01\ud835\uddf6\ud835\uddfb\ud835\uddee \ud835\uddd9\ud835\uddf9\ud835\uddfc\ud835\uddff es va proclamar \ud835\uddf0\ud835\uddee\ud835\uddfa\ud835\uddfd\ud835\uddf6\ud835\uddfc\ud835\uddfb\ud835\uddee \ud835\uddf1&#8217;\ud835\uddd8\ud835\ude00\ud835\uddfd\ud835\uddee\ud835\uddfb\ud835\ude06\ud835\uddee en la categoria femenina de fins a 55 kg de pes corporal. \ud83c\udfcb\ufe0f\u200d\u2640\ufe0f\ud83c\udfcb\ufe0f Tamb\u00e9 es va celebrar, la setmana passada a Alacant, el \ud835\udddc\ud835\uddeb \ud835\uddd6\ud835\uddee\ud835\uddfa\ud835\uddfd\ud835\uddf6\ud835\uddfc\ud835\uddfb\ud835\uddee\ud835\ude01 \ud835\uddf1&#8217;\ud835\uddd8\ud835\ude00\ud835\uddfd\ud835\uddee\ud835\uddfb\ud835\ude06\ud835\uddee \ud835\uddf1&#8217;\ud835\udddb\ud835\uddee\ud835\uddf9\ud835\ude01\ud835\uddf2\ud835\uddff\ud835\uddfc\ud835\uddf3\ud835\uddf6\u0301\ud835\uddf9\ud835\uddf6\ud835\uddee \ud835\udde0\ud835\uddee\u0300\ud835\ude00\ud835\ude01\ud835\uddf2\ud835\uddff. \ud83c\udfc6\ud83e\udd47 [&hellip;]<\/p>\n","protected":false},"author":2,"featured_media":7399,"comment_status":"open","ping_status":"open","sticky":false,"template":"","format":"standard","meta":{"footnotes":""},"categories":[1],"tags":[],"class_list":["post-7398","post","type-post","status-publish","format-standard","has-post-thumbnail","hentry","category-esports-alzira"],"featured_image_src":{"landsacpe":["https:\/\/esportsmunicipalsalzira.com\/wp-content\/uploads\/2024\/04\/437521887_816970503797690_430922240124415526_n-1080x445.jpg",1080,445,true],"list":["https:\/\/esportsmunicipalsalzira.com\/wp-content\/uploads\/2024\/04\/437521887_816970503797690_430922240124415526_n-463x348.jpg",463,348,true],"medium":["https:\/\/esportsmunicipalsalzira.com\/wp-content\/uploads\/2024\/04\/437521887_816970503797690_430922240124415526_n-300x300.jpg",300,300,true],"full":["https:\/\/esportsmunicipalsalzira.com\/wp-content\/uploads\/2024\/04\/437521887_816970503797690_430922240124415526_n.jpg",1080,1080,false]},"_links":{"self":[{"href":"https:\/\/esportsmunicipalsalzira.com\/es\/wp-json\/wp\/v2\/posts\/7398","targetHints":{"allow":["GET"]}}],"collection":[{"href":"https:\/\/esportsmunicipalsalzira.com\/es\/wp-json\/wp\/v2\/posts"}],"about":[{"href":"https:\/\/esportsmunicipalsalzira.com\/es\/wp-json\/wp\/v2\/types\/post"}],"author":[{"embeddable":true,"href":"https:\/\/esportsmunicipalsalzira.com\/es\/wp-json\/wp\/v2\/users\/2"}],"replies":[{"embeddable":true,"href":"https:\/\/esportsmunicipalsalzira.com\/es\/wp-json\/wp\/v2\/comments?post=7398"}],"version-history":[{"count":0,"href":"https:\/\/esportsmunicipalsalzira.com\/es\/wp-json\/wp\/v2\/posts\/7398\/revisions"}],"wp:featuredmedia":[{"embeddable":true,"href":"https:\/\/esportsmunicipalsalzira.com\/es\/wp-json\/wp\/v2\/media\/7399"}],"wp:attachment":[{"href":"https:\/\/esportsmunicipalsalzira.com\/es\/wp-json\/wp\/v2\/media?parent=7398"}],"wp:term":[{"taxonomy":"category","embeddable":true,"href":"https:\/\/esportsmunicipalsalzira.com\/es\/wp-json\/wp\/v2\/categories?post=7398"},{"taxonomy":"post_tag","embeddable":true,"href":"https:\/\/esportsmunicipalsalzira.com\/es\/wp-json\/wp\/v2\/tags?post=7398"}],"curies":[{"name":"wp","href":"https:\/\/api.w.org\/{rel}","templated":true}]}}