{"id":7428,"date":"2024-04-24T17:35:31","date_gmt":"2024-04-24T15:35:31","guid":{"rendered":"https:\/\/esportsmunicipalsalzira.com\/el-campeonato-de-europa-de-natacion-paralimpica-de-madeira-esta-siendo-todo-un-exito-para-el-teamespana-en-las-prime\/"},"modified":"2024-04-24T17:35:31","modified_gmt":"2024-04-24T15:35:31","slug":"el-campeonato-de-europa-de-natacion-paralimpica-de-madeira-esta-siendo-todo-un-exito-para-el-teamespana-en-las-prime","status":"publish","type":"post","link":"https:\/\/esportsmunicipalsalzira.com\/es\/el-campeonato-de-europa-de-natacion-paralimpica-de-madeira-esta-siendo-todo-un-exito-para-el-teamespana-en-las-prime\/","title":{"rendered":"El Campeonato de Europa de nataci\u00f3n paral\u00edmpica de Madeira est\u00e1 siendo todo un \u00e9xito para el #TeamEspa\u00f1a. En las prime"},"content":{"rendered":"<p><br \/>\n\ud83c\udfca El Campeonato de Europa de nataci\u00f3n paral\u00edmpica de Madeira est\u00e1 siendo todo un \u00e9xito para el #TeamEspa\u00f1a\ud83c\uddea\ud83c\uddf8.<\/p>\n<p>En las primeras tres jornadas, el equipo nacional ha conseguido 17 medallas:<\/p>\n<p>\ud83e\udd47I\u00f1igo Llopis, 100 espalda.<br \/>\n\ud83e\udd47N\u00faria Marqu\u00e8s, 200 estilos.<br \/>\n\ud83e\udd47 Relevo mixto 4\u00d750 estilos (Sarai Gasc\u00f3n, Toni Ponce, Marta Fern\u00e1ndez y Miguel Luque)<br \/>\n\ud83e\udd47Relevo mixto 4\u00d750 libros (Luis Huerta, Leyre Ort\u00ed, Marta Fern\u00e1ndez y Toni Ponce)<\/p>\n<p>\ud83e\udd48Nahia Zudaire, plata en 400 libros.<br \/>\n\ud83e\udd48Mar\u00eda Delgado, plata en 100 espalda.<br \/>\n\ud83e\udd48Marta Fern\u00e1ndez, plata en 50 braza.<br \/>\n\ud83e\udd48 Toni Ponce, 50 mariposa<br \/>\n\ud83e\udd48 Toni Ponce, 50 espalda S5<br \/>\n\ud83e\udd48Marian Polo, 100 braza SB13<br \/>\n\ud83e\udd48 Emma Feli\u00fa, 100 libros<\/p>\n<p>\ud83e\udd49 Toni Ponce, 200 estilos<br \/>\n\ud83e\udd49 I\u00f1igo Llopis, 100 mariposa<br \/>\n\ud83e\udd49 Nahia Zudaire, 100 braza<br \/>\n\ud83e\udd49 Sarai Gasc\u00f3n, 100 mariposa<br \/>\n\ud83e\udd49Sarai Gasc\u00f3n, 200 estilos<br \/>\n\ud83e\udd49Miguel Luque, bronce en 50 braza.<\/p>\n<p>\u00a1Inmensos!<\/p>\n<p><a href=\"https:\/\/esportsmunicipalsalzira.com\/wp-content\/uploads\/2024\/04\/439748630_740374788279265_2139268322307428512_n.jpg\"><img decoding=\"async\" class=\"wp_automatic_fb_img\" title=\"\" src=\"https:\/\/esportsmunicipalsalzira.com\/wp-content\/uploads\/2024\/04\/439748630_740374788279265_2139268322307428512_n.jpg\" \/><\/a><br \/><a href=\"https:\/\/esportsmunicipalsalzira.com\/wp-content\/uploads\/2024\/04\/439756505_740374798279264_3871467740685653574_n.jpg\"><img decoding=\"async\" class=\"wp_automatic_fb_img\" title=\"\" src=\"https:\/\/esportsmunicipalsalzira.com\/wp-content\/uploads\/2024\/04\/439756505_740374798279264_3871467740685653574_n.jpg\" \/><\/a><br \/><a href=\"https:\/\/esportsmunicipalsalzira.com\/wp-content\/uploads\/2024\/04\/439849307_740374881612589_6359274953843449802_n.jpg\"><img decoding=\"async\" class=\"wp_automatic_fb_img\" title=\"\" src=\"https:\/\/esportsmunicipalsalzira.com\/wp-content\/uploads\/2024\/04\/439849307_740374881612589_6359274953843449802_n.jpg\" \/><\/a><br \/><a href=\"https:\/\/esportsmunicipalsalzira.com\/wp-content\/uploads\/2024\/04\/439935322_740374868279257_4689041652042448195_n.jpg\"><img decoding=\"async\" class=\"wp_automatic_fb_img\" title=\"\" src=\"https:\/\/esportsmunicipalsalzira.com\/wp-content\/uploads\/2024\/04\/439935322_740374868279257_4689041652042448195_n.jpg\" \/><\/a><br \/><a href=\"https:\/\/esportsmunicipalsalzira.com\/wp-content\/uploads\/2024\/04\/440160708_740374738279270_7630799159533312893_n.jpg\"><img decoding=\"async\" class=\"wp_automatic_fb_img\" title=\"\" src=\"https:\/\/esportsmunicipalsalzira.com\/wp-content\/uploads\/2024\/04\/440160708_740374738279270_7630799159533312893_n.jpg\" \/><\/a><br \/>\n<br \/>\n<br \/><a href=\"https:\/\/www.facebook.com\/100063537194811\/posts\/967603292034235\">source<\/a>  <\/p>","protected":false},"excerpt":{"rendered":"<p>\ud83c\udfca El Campeonato de Europa de nataci\u00f3n paral\u00edmpica de Madeira est\u00e1 siendo todo un \u00e9xito para el #TeamEspa\u00f1a\ud83c\uddea\ud83c\uddf8. En las primeras tres jornadas, el equipo nacional ha conseguido 17 medallas: \ud83e\udd47I\u00f1igo Llopis, 100 espalda. \ud83e\udd47N\u00faria Marqu\u00e8s, 200 estilos. \ud83e\udd47 Relevo mixto 4&#215;50 estilos (Sarai Gasc\u00f3n, Toni Ponce, Marta Fern\u00e1ndez y Miguel Luque) \ud83e\udd47Relevo mixto 4&#215;50 [&hellip;]<\/p>\n","protected":false},"author":2,"featured_media":7429,"comment_status":"open","ping_status":"open","sticky":false,"template":"","format":"standard","meta":{"footnotes":""},"categories":[1],"tags":[],"class_list":["post-7428","post","type-post","status-publish","format-standard","has-post-thumbnail","hentry","category-esports-alzira"],"featured_image_src":{"landsacpe":["https:\/\/esportsmunicipalsalzira.com\/wp-content\/uploads\/2024\/04\/439748630_740374788279265_2139268322307428512_n-1140x445.jpg",1140,445,true],"list":["https:\/\/esportsmunicipalsalzira.com\/wp-content\/uploads\/2024\/04\/439748630_740374788279265_2139268322307428512_n-463x348.jpg",463,348,true],"medium":["https:\/\/esportsmunicipalsalzira.com\/wp-content\/uploads\/2024\/04\/439748630_740374788279265_2139268322307428512_n-300x200.jpg",300,200,true],"full":["https:\/\/esportsmunicipalsalzira.com\/wp-content\/uploads\/2024\/04\/439748630_740374788279265_2139268322307428512_n.jpg",1200,800,false]},"_links":{"self":[{"href":"https:\/\/esportsmunicipalsalzira.com\/es\/wp-json\/wp\/v2\/posts\/7428","targetHints":{"allow":["GET"]}}],"collection":[{"href":"https:\/\/esportsmunicipalsalzira.com\/es\/wp-json\/wp\/v2\/posts"}],"about":[{"href":"https:\/\/esportsmunicipalsalzira.com\/es\/wp-json\/wp\/v2\/types\/post"}],"author":[{"embeddable":true,"href":"https:\/\/esportsmunicipalsalzira.com\/es\/wp-json\/wp\/v2\/users\/2"}],"replies":[{"embeddable":true,"href":"https:\/\/esportsmunicipalsalzira.com\/es\/wp-json\/wp\/v2\/comments?post=7428"}],"version-history":[{"count":0,"href":"https:\/\/esportsmunicipalsalzira.com\/es\/wp-json\/wp\/v2\/posts\/7428\/revisions"}],"wp:featuredmedia":[{"embeddable":true,"href":"https:\/\/esportsmunicipalsalzira.com\/es\/wp-json\/wp\/v2\/media\/7429"}],"wp:attachment":[{"href":"https:\/\/esportsmunicipalsalzira.com\/es\/wp-json\/wp\/v2\/media?parent=7428"}],"wp:term":[{"taxonomy":"category","embeddable":true,"href":"https:\/\/esportsmunicipalsalzira.com\/es\/wp-json\/wp\/v2\/categories?post=7428"},{"taxonomy":"post_tag","embeddable":true,"href":"https:\/\/esportsmunicipalsalzira.com\/es\/wp-json\/wp\/v2\/tags?post=7428"}],"curies":[{"name":"wp","href":"https:\/\/api.w.org\/{rel}","templated":true}]}}