{"id":7461,"date":"2024-05-02T14:50:42","date_gmt":"2024-05-02T12:50:42","guid":{"rendered":"https:\/\/esportsmunicipalsalzira.com\/el-dimarts-es-van-complir-30-anys-des-que-el-club-handbol-alzira-avidesa-va-guanyar-la-copa-ehf-al-linde-lindt-austriac\/"},"modified":"2024-05-02T14:50:42","modified_gmt":"2024-05-02T12:50:42","slug":"el-dimarts-es-van-complir-30-anys-des-que-el-club-handbol-alzira-avidesa-va-guanyar-la-copa-ehf-al-linde-lindt-austriac","status":"publish","type":"post","link":"https:\/\/esportsmunicipalsalzira.com\/es\/el-dimarts-es-van-complir-30-anys-des-que-el-club-handbol-alzira-avidesa-va-guanyar-la-copa-ehf-al-linde-lindt-austriac\/","title":{"rendered":"El martes se cumplieron 30 a\u00f1os desde que el Club Balonmano Alzira Avidesa gan\u00f3 la Copa EHF en el Linde Lindt austr\u00edaco."},"content":{"rendered":"<p><br \/>\nEl martes se cumplieron 30 a\u00f1os desde que el Club Balonmano Alzira Avidesa gan\u00f3 la Copa EHF en el Linde Lindt austr\u00edaco. Lo recordamos con quien erVicent Cucarella Moreno<br \/>\nPreviamente hablamos del precio de las entradas para el Family-Manzanares del s\u00e1bado a las 19 h. y el triunfo de Adri Climent en los octavos de final del Mutua Madrid Open sub-16.<\/p>\n<p>https:\/\/alziraradio.com\/30-anys-del-titol-de-la-ehf-del-cb-avidesa\/<\/p>\n<p><a href=\"https:\/\/esportsmunicipalsalzira.com\/wp-content\/uploads\/2024\/05\/438170816_932522425549020_2963585453020102259_n.jpg\"><img decoding=\"async\" class=\"wp_automatic_fb_img\" title=\"\" src=\"https:\/\/esportsmunicipalsalzira.com\/wp-content\/uploads\/2024\/05\/438170816_932522425549020_2963585453020102259_n.jpg\" \/><\/a><br \/>\n<br \/>\n<br \/><a href=\"https:\/\/www.facebook.com\/100063537194811\/posts\/973336691460895\">source<\/a>  <\/p>","protected":false},"excerpt":{"rendered":"<p>El dimarts es van complir 30 anys des que el Club Handbol Alzira Avidesa va guanyar la Copa EHF al Linde Lindt austr\u00edac. Ho recordem amb qui erVicent Cucarella Moreno Pr\u00e8viament hem parlat del preu de les entrades per al Family-Manzanares de dissabte a les 19 h. i el triomf d&#8217;Adri Climent en els huitens [&hellip;]<\/p>\n","protected":false},"author":2,"featured_media":7462,"comment_status":"open","ping_status":"open","sticky":false,"template":"","format":"standard","meta":{"footnotes":""},"categories":[1],"tags":[],"class_list":["post-7461","post","type-post","status-publish","format-standard","has-post-thumbnail","hentry","category-esports-alzira"],"featured_image_src":{"landsacpe":["https:\/\/esportsmunicipalsalzira.com\/wp-content\/uploads\/2024\/05\/438170816_932522425549020_2963585453020102259_n.jpg",649,427,false],"list":["https:\/\/esportsmunicipalsalzira.com\/wp-content\/uploads\/2024\/05\/438170816_932522425549020_2963585453020102259_n-463x348.jpg",463,348,true],"medium":["https:\/\/esportsmunicipalsalzira.com\/wp-content\/uploads\/2024\/05\/438170816_932522425549020_2963585453020102259_n-300x197.jpg",300,197,true],"full":["https:\/\/esportsmunicipalsalzira.com\/wp-content\/uploads\/2024\/05\/438170816_932522425549020_2963585453020102259_n.jpg",649,427,false]},"_links":{"self":[{"href":"https:\/\/esportsmunicipalsalzira.com\/es\/wp-json\/wp\/v2\/posts\/7461","targetHints":{"allow":["GET"]}}],"collection":[{"href":"https:\/\/esportsmunicipalsalzira.com\/es\/wp-json\/wp\/v2\/posts"}],"about":[{"href":"https:\/\/esportsmunicipalsalzira.com\/es\/wp-json\/wp\/v2\/types\/post"}],"author":[{"embeddable":true,"href":"https:\/\/esportsmunicipalsalzira.com\/es\/wp-json\/wp\/v2\/users\/2"}],"replies":[{"embeddable":true,"href":"https:\/\/esportsmunicipalsalzira.com\/es\/wp-json\/wp\/v2\/comments?post=7461"}],"version-history":[{"count":0,"href":"https:\/\/esportsmunicipalsalzira.com\/es\/wp-json\/wp\/v2\/posts\/7461\/revisions"}],"wp:featuredmedia":[{"embeddable":true,"href":"https:\/\/esportsmunicipalsalzira.com\/es\/wp-json\/wp\/v2\/media\/7462"}],"wp:attachment":[{"href":"https:\/\/esportsmunicipalsalzira.com\/es\/wp-json\/wp\/v2\/media?parent=7461"}],"wp:term":[{"taxonomy":"category","embeddable":true,"href":"https:\/\/esportsmunicipalsalzira.com\/es\/wp-json\/wp\/v2\/categories?post=7461"},{"taxonomy":"post_tag","embeddable":true,"href":"https:\/\/esportsmunicipalsalzira.com\/es\/wp-json\/wp\/v2\/tags?post=7461"}],"curies":[{"name":"wp","href":"https:\/\/api.w.org\/{rel}","templated":true}]}}