{"id":7467,"date":"2024-05-01T10:25:09","date_gmt":"2024-05-01T08:25:09","guid":{"rendered":"https:\/\/esportsmunicipalsalzira.com\/enhorabona-a-lequip-femeni-de-categoria-infantil-de-la-u-d-alzira-perque-es-proclamaren-ahir-campiones-de-lliga-de\/"},"modified":"2024-05-01T10:25:09","modified_gmt":"2024-05-01T08:25:09","slug":"enhorabona-a-lequip-femeni-de-categoria-infantil-de-la-u-d-alzira-perque-es-proclamaren-ahir-campiones-de-lliga-de","status":"publish","type":"post","link":"https:\/\/esportsmunicipalsalzira.com\/es\/enhorabona-a-lequip-femeni-de-categoria-infantil-de-la-u-d-alzira-perque-es-proclamaren-ahir-campiones-de-lliga-de\/","title":{"rendered":"Enhorabuena al equipo femenino de categor\u00eda infantil de la UD Alzira porque se proclamaron ayer Campeonas de Liga de"},"content":{"rendered":"<p>\ud83c\udf89Enhorabuena al equipo femenino de categor\u00eda infantil de la <br \/> <a href=\"https:\/\/facebook.com\/udalzira?eav=AfZYRxi5aGBDaWwGKkSvxImMF0XdfQ7_rhZDFKf1Z-j7Fegqr8-fs0wUgyHlBTP-PuY&amp;_ft_=encrypted_tracking_data.0AY8S6beSFnKetg4V80phZcTnA8eI7jtH1ZeEWk3QkUNAtMbmAyIZkWhXjGK6sPuUbgzBQJKa3r-QNhCdCMSMT6aYfSKXoeFc8TREmZZLL1PoMVueY7dygiJq83qtq0kntYGpE7bfsF3OvRAwLb8L46e4Jy1N7qmY5B1nbzFSZR-a1XpKSo2SpB8HZDZi6FvZ76MFballV4lKlNec5u9nDJcBrMIzmd7EBRvychrG3tOWxG1k6TLKydq1TcjCNa9bar3857W9E3Xlv5YIztZtJ4VhCqLWhKT5YxbaK3VwvFxRNhzg7bg49V790Im7rSTrJoc0fdGABCHkmlTeep5VDDWo_UWPTf_Igx6v0z195En4SWiipk-C2F8JEoMjLVHqdPXRYHpCCQCG2h7coymQlL3zwXYYDvLlozcuSqYTkH-UtZStEwmJ3LBqeEKt4T2CjJHckydQHxupGpPknv8zcEj3TjlChMp7iVQRSbwqVxiEMSYelsIYtxA_4iteeLtkMNNf_JYcpgkizEGOUNpNRJC49VrIwG0iJrIClbkJ2KhGGSAbaE7TA4ZEEEf0MXvi_bxvz3uYs0DOxC8TjZymZARwjO42d7pc6loyklT1ohLsFzQZsFayRlwJrPc2TbRud1s-L38gdaWEkKcComVmxHBuggFXIDrQH5QsXpbgl1xIAuBG1d8f8ActTSp1YX22CHkp0XcaK2xRQIlMlDninMdc4EkAWp5ta7i3NSy2RoL9TvOKCrCSJPuW0RK9adT5aM0kyoDMpk5v1hQn0ZuS7axXv5Z62pLP-oXxq6jlVog_naxLprB5hBTNM853Ge7L7ZZCpK9uXc4G3cTyi9s8ZLm2Une5r7asuL1TI-hlcs1bxdZD2QV1lJS6hRUrnKAqdNpJ8j0IebK7D3ity8yKyoi3ppXNLBCJxqtI3DLKFPkp6OBN6UbyuKodFYeq29AOeTc8UUaoeWCy_x2EnQ5FULKyEoiiB3XwI4mNrHwgwAerQI5Wi3lNrT8jKZyB5bPM97GK2IugbumqthWvpQ1QJo2cFM9uAEW9eaeBN3-Y6CZmYPlQH_50QlyhjwZRSJ9DPkqzv4PnMU20_zn5PjeSJ-aYLHQpsiY-nbYcmysgEAgpgRC37gDI-aWw2cTCbKXW5NK9yGRGsdor3t5FxXWL0Y7duvxYtSUNElLZC-DcPeiypunG3PJEwk0AGiBCJuS9e8D9dBHgBXzsYIb3w-g5169-biiKEhdDE9Ysj68WeQPp0E0wwjGJS-LFMehBPmA-L_qcFf8rTvfo5sTUvRpFK2lvAtkeod1AmYxTkr1NBFOGAIfRUDN0gnFOEfXoVIzUqbJmlm4im9osKLIbbZ7TKFgjGIh0iBe5uc0llA1eYmf9KzmNQF9jXD3-5ABci8Iu5txXrxE9nyzSzCWCW5BcNeceO0XFxremeEBjwaTgz523s0PxJeqDZOAgEkzAgNDaRIcDmqXAC6AneT-iIddGfKndlfcBO-gYSYaKoCmtRPn4dDO4jBiOqJyzIKBoKDf8jjMF_wPpiqPA9Esq5vUDcl1CNVf3-78X-iu4czzrsKRrr2VjSV0Lc1PICJeH3-r3va0Irc2Kpovum_1OwAgaCT8_ID6MeaKvzKuWAJsEaz4cXDJs2tt0HV6w6XtuM5zHlaGac9gAW4uj2tYAGv-evVi_qQmcj7GFU-xjY4hV4BlRi8tHu23prqfuvgqSrfx5zQ0BVGiZzj9dUWCGhHB5Svd7pXJqn24yNCDRQX1BnbOXOAnx6XdqFAQLMs0ADwivBkfrU88IhT20skIwhHxKl21XOBpv0D90HJfucURIUkoLWII-qiTu5BE5jAppz-g4LHx_ZYxH58VIr3X80fzMvRmcUtvuyN7EqDdArdVE0uwOMCrEVHAzcEMSyoCG14Y0VUV5yuHP8md-Jj09viTzWCN6Yxdcl2vysUguLG_XgXh1nOGy58zBtgGvgslzef0KJDF854h1LeyZJfpvx4D2Cfpjzw9k0nmD4ZuOdWFsPTtew2uLPoq7gCW258_z2PQlmuRpjJK_VGC8yCa_j6ewMVkSbOx1OWrsEYtg0VTzjEGd06caoIqzsU8mhj4xSoR8QDt8SzOM-J3-y6UntkADJFX0Cljk5e37QnF5zJgRA-a9fIn6sE1tumVAUG5zQ-bQA01UJcL0ihIRoJTRGNly943841ekIdl6gaQmsxhA6bYegA9pCfjh-HL3vsqxiVoDSnUQ3Mzew2N6dPit8plazaCukzwjMLoxeIg9c1HpcfLqvxsZ3VKyTuNTJGA91vqYz0oGezZPTmHsgSKk-Y5Cl9sMSmHz7VyWjHjDq1jSxORGtsDfMvvuf6aBRKw5cQU_mrpQ8bMXwWyTQxyH8Gcl78rz605S3-Uf-Oz5QWsXlsB9uIsNYe4Kmm-gXKPKiLXWzduNBJFD6JqIcxs6iy-mSuBHbfJmxFwO0twljXviJDbiGUkFYKHFlgycVUpzl-OlA3N-JmevtLR1YtxCfsQLH6f53X0FiGXQKfEgNw6eHeYQw2KM1b7Xnwsc_j8QUeznyolVhVLzx0UR9QWsprBncKsNAjztDOMbxq8WvBjt5zLOEalMgmUToHt64iprV8gyk72v_wJTUI44PXJ8v6sHJpZdd5e__rmz0rsuXI9GgdnpzE1DfKhEHUvZ3G1YW4kwdYy8WmAER0MnJ2F0p_7_Nfc7JS3YIpxhJbweFlaxMnEz48lw6IgH5U4tOywJpBevmFnPLdSDhqP-YQCMF5WW69ImxM81F4Zi26p_5zKEYEshxu_3Y96Jrp11XDfIVdwifb6KJ1B8q_9xQ9GdPe4d1VSnib3uTUmpGvMIO2CVUwNwT-ZtdGX_lZBvwriiLRq2sedFGT-ag7DcOjPU8EsEPT9gK5fxw_zjoc5cEfMpg4--foW0YRh9aMcCldYCLuJIUf1ZCA&amp;__tn__=%2AsH-R&amp;paipv=0\">UD Alzira<\/a>  porque se proclamaron ayer \ud83c\udfc6 Campeonas de Liga de la Copa Oro al ganar \u00e9sta por 3\ufe0f\u20e3 goles a 1\ufe0f\u20e3 \u26bd en el Ciudad de X\u00e0tiva CF<br \/> Las acompa\u00f1\u00f3 en la celebraci\u00f3n el concejal de Espors, Vicent de la Concepci\u00f3n.<\/p>\n<p><a href=\"https:\/\/esportsmunicipalsalzira.com\/wp-content\/uploads\/2024\/05\/440566168_824558589705548_3632329280348606330_n.jpg\"><img decoding=\"async\" class=\"wp_automatic_fb_img\" title=\"\" src=\"https:\/\/esportsmunicipalsalzira.com\/wp-content\/uploads\/2024\/05\/440566168_824558589705548_3632329280348606330_n.jpg\" \/><\/a><br \/>\n<br \/>\n<br \/><a href=\"https:\/\/www.facebook.com\/100063537194811\/posts\/972565314871366\">source<\/a>  <\/p>","protected":false},"excerpt":{"rendered":"<p>\ud83c\udf89Enhorabuena al equipo femenino de categor\u00eda infantil de la UD Alzira porque se proclamaron ayer \ud83c\udfc6 Campeonas de Liga de la Copa Oro al ganar \u00e9sta por 3\ufe0f\u20e3 goles a 1\ufe0f\u20e3 \u26bd al Ciudad de X\u00e0tiva CF Las acompa\u00f1\u00f3 en la celebraci\u00f3n el concejal de Espors, Vicent de la Concepci\u00f3n. Source<\/p>","protected":false},"author":2,"featured_media":7468,"comment_status":"open","ping_status":"open","sticky":false,"template":"","format":"standard","meta":{"footnotes":""},"categories":[1],"tags":[],"class_list":["post-7467","post","type-post","status-publish","format-standard","has-post-thumbnail","hentry","category-esports-alzira"],"featured_image_src":{"landsacpe":["https:\/\/esportsmunicipalsalzira.com\/wp-content\/uploads\/2024\/05\/440566168_824558589705548_3632329280348606330_n-1140x445.jpg",1140,445,true],"list":["https:\/\/esportsmunicipalsalzira.com\/wp-content\/uploads\/2024\/05\/440566168_824558589705548_3632329280348606330_n-463x348.jpg",463,348,true],"medium":["https:\/\/esportsmunicipalsalzira.com\/wp-content\/uploads\/2024\/05\/440566168_824558589705548_3632329280348606330_n-300x169.jpg",300,169,true],"full":["https:\/\/esportsmunicipalsalzira.com\/wp-content\/uploads\/2024\/05\/440566168_824558589705548_3632329280348606330_n.jpg",1440,810,false]},"_links":{"self":[{"href":"https:\/\/esportsmunicipalsalzira.com\/es\/wp-json\/wp\/v2\/posts\/7467","targetHints":{"allow":["GET"]}}],"collection":[{"href":"https:\/\/esportsmunicipalsalzira.com\/es\/wp-json\/wp\/v2\/posts"}],"about":[{"href":"https:\/\/esportsmunicipalsalzira.com\/es\/wp-json\/wp\/v2\/types\/post"}],"author":[{"embeddable":true,"href":"https:\/\/esportsmunicipalsalzira.com\/es\/wp-json\/wp\/v2\/users\/2"}],"replies":[{"embeddable":true,"href":"https:\/\/esportsmunicipalsalzira.com\/es\/wp-json\/wp\/v2\/comments?post=7467"}],"version-history":[{"count":0,"href":"https:\/\/esportsmunicipalsalzira.com\/es\/wp-json\/wp\/v2\/posts\/7467\/revisions"}],"wp:featuredmedia":[{"embeddable":true,"href":"https:\/\/esportsmunicipalsalzira.com\/es\/wp-json\/wp\/v2\/media\/7468"}],"wp:attachment":[{"href":"https:\/\/esportsmunicipalsalzira.com\/es\/wp-json\/wp\/v2\/media?parent=7467"}],"wp:term":[{"taxonomy":"category","embeddable":true,"href":"https:\/\/esportsmunicipalsalzira.com\/es\/wp-json\/wp\/v2\/categories?post=7467"},{"taxonomy":"post_tag","embeddable":true,"href":"https:\/\/esportsmunicipalsalzira.com\/es\/wp-json\/wp\/v2\/tags?post=7467"}],"curies":[{"name":"wp","href":"https:\/\/api.w.org\/{rel}","templated":true}]}}