{"id":7499,"date":"2024-05-09T19:29:48","date_gmt":"2024-05-09T17:29:48","guid":{"rendered":"https:\/\/esportsmunicipalsalzira.com\/campeona-de-europa-adriana-cerezo-se-cuelga-el-oro-en-el-europeo-de-taekwondo-subcampeona-olimpica-en-tokio-y-bron\/"},"modified":"2024-05-09T19:29:48","modified_gmt":"2024-05-09T17:29:48","slug":"campeona-de-europa-adriana-cerezo-se-cuelga-el-oro-en-el-europeo-de-taekwondo-subcampeona-olimpica-en-tokio-y-bron","status":"publish","type":"post","link":"https:\/\/esportsmunicipalsalzira.com\/es\/campeona-de-europa-adriana-cerezo-se-cuelga-el-oro-en-el-europeo-de-taekwondo-subcampeona-olimpica-en-tokio-y-bron\/","title":{"rendered":"\u00a1Campeona de Europa! Adriana Cerezo se penja el oro enel Europeo de taekwondo. Subcampeona ol\u00edmpica en Tokio y bron"},"content":{"rendered":"<p>\u00a1Campeona de Europa!<br \/> \ud83e\udd47 Adriana Cerezo se penja el oro en el Europeo de taekwondo.<br \/> Subcampeona ol\u00edmpica en Tokio y bronce mundial en Bak\u00fa, la espa\u00f1ola a\u00f1ade ahora este oro continental al que ya logr\u00f3 en 2021.<br \/> \u00a1Otro gran \u00e9xito a menos de 3 meses para @Paris2024!<\/p>\n<p><a href=\"https:\/\/esportsmunicipalsalzira.com\/wp-content\/uploads\/2024\/05\/438093306_749411147375629_6432516239854431779_n.jpg\"><img decoding=\"async\" class=\"wp_automatic_fb_img\" title=\"\" src=\"https:\/\/esportsmunicipalsalzira.com\/wp-content\/uploads\/2024\/05\/438093306_749411147375629_6432516239854431779_n.jpg\" \/><\/a><br \/>\n<br \/>\n<br \/><a href=\"https:\/\/www.facebook.com\/100063537194811\/posts\/978413120953252\">source<\/a>  <\/p>","protected":false},"excerpt":{"rendered":"<p>\u00a1Campeona de Europa! \ud83e\udd47 Adriana Cerezo se penja el oro en el Europeo de taekwondo. Subcampeona ol\u00edmpica en Tokio y bronce mundial en Bak\u00fa, la espa\u00f1ola a\u00f1ade ahora este oro continental al que ya logr\u00f3 en 2021. \u00a1Otro gran \u00e9xito a menos de 3 meses para @Paris2024! Source<\/p>","protected":false},"author":2,"featured_media":7500,"comment_status":"open","ping_status":"open","sticky":false,"template":"","format":"standard","meta":{"footnotes":""},"categories":[1],"tags":[],"class_list":["post-7499","post","type-post","status-publish","format-standard","has-post-thumbnail","hentry","category-esports-alzira"],"featured_image_src":{"landsacpe":["https:\/\/esportsmunicipalsalzira.com\/wp-content\/uploads\/2024\/05\/438093306_749411147375629_6432516239854431779_n-1140x445.jpg",1140,445,true],"list":["https:\/\/esportsmunicipalsalzira.com\/wp-content\/uploads\/2024\/05\/438093306_749411147375629_6432516239854431779_n-463x348.jpg",463,348,true],"medium":["https:\/\/esportsmunicipalsalzira.com\/wp-content\/uploads\/2024\/05\/438093306_749411147375629_6432516239854431779_n-300x208.jpg",300,208,true],"full":["https:\/\/esportsmunicipalsalzira.com\/wp-content\/uploads\/2024\/05\/438093306_749411147375629_6432516239854431779_n.jpg",2048,1422,false]},"_links":{"self":[{"href":"https:\/\/esportsmunicipalsalzira.com\/es\/wp-json\/wp\/v2\/posts\/7499","targetHints":{"allow":["GET"]}}],"collection":[{"href":"https:\/\/esportsmunicipalsalzira.com\/es\/wp-json\/wp\/v2\/posts"}],"about":[{"href":"https:\/\/esportsmunicipalsalzira.com\/es\/wp-json\/wp\/v2\/types\/post"}],"author":[{"embeddable":true,"href":"https:\/\/esportsmunicipalsalzira.com\/es\/wp-json\/wp\/v2\/users\/2"}],"replies":[{"embeddable":true,"href":"https:\/\/esportsmunicipalsalzira.com\/es\/wp-json\/wp\/v2\/comments?post=7499"}],"version-history":[{"count":0,"href":"https:\/\/esportsmunicipalsalzira.com\/es\/wp-json\/wp\/v2\/posts\/7499\/revisions"}],"wp:featuredmedia":[{"embeddable":true,"href":"https:\/\/esportsmunicipalsalzira.com\/es\/wp-json\/wp\/v2\/media\/7500"}],"wp:attachment":[{"href":"https:\/\/esportsmunicipalsalzira.com\/es\/wp-json\/wp\/v2\/media?parent=7499"}],"wp:term":[{"taxonomy":"category","embeddable":true,"href":"https:\/\/esportsmunicipalsalzira.com\/es\/wp-json\/wp\/v2\/categories?post=7499"},{"taxonomy":"post_tag","embeddable":true,"href":"https:\/\/esportsmunicipalsalzira.com\/es\/wp-json\/wp\/v2\/tags?post=7499"}],"curies":[{"name":"wp","href":"https:\/\/api.w.org\/{rel}","templated":true}]}}