{"id":7526,"date":"2024-05-17T09:06:03","date_gmt":"2024-05-17T07:06:03","guid":{"rendered":"https:\/\/esportsmunicipalsalzira.com\/el-presidente-del-csd-jose-manuel-rodriguez-uribes-participa-hoy-en-el-dialogo-sobre-la-colaboracion-y-el-apoyo-a-la\/"},"modified":"2024-05-17T09:06:03","modified_gmt":"2024-05-17T07:06:03","slug":"el-presidente-del-csd-jose-manuel-rodriguez-uribes-participa-hoy-en-el-dialogo-sobre-la-colaboracion-y-el-apoyo-a-la","status":"publish","type":"post","link":"https:\/\/esportsmunicipalsalzira.com\/es\/el-presidente-del-csd-jose-manuel-rodriguez-uribes-participa-hoy-en-el-dialogo-sobre-la-colaboracion-y-el-apoyo-a-la\/","title":{"rendered":"El presidente del CSD, Jos\u00e9 Manuel Rodr\u00edguez Uribes, participa hoy en el di\u00e1logo sobre &#039;La colaboraci\u00f3n y el apoyo a la"},"content":{"rendered":"<p>\ud83d\udc49 El presidente del CSD, Jos\u00e9 Manuel Rodr\u00edguez Uribes, participa hoy en el di\u00e1logo sobre &#039;La colaboraci\u00f3n y el apoyo a las personas con discapacidad a trav\u00e9s del deporte&#039;, organizado por @Servimedia.<br \/> \ud83d\udd34 Inscr\u00edbete y s\u00edguelo en directo a partir de las 12:00h en <a href=\"https:\/\/lm.facebook.com\/l.php?u=https%3A%2F%2Fwww.servimedia.es%2Fdialogos%2Fapoyo-traves-del-deporte%3Ffbclid%3DIwZXh0bgNhZW0CMTEAAR0wZP6vXjSpUoTsbErt3B389fBRG-Ay3G3g4KlF1Wb0K8HXMP01Ll1R_g0_aem_Aargt22Kbof2O624rh6T11xy8Rck5mO_oM98kqdr9eZ5BcC5SXHpDFXmYde1RWeAQUg0XvyxvB6jKHqbJzTnYnTE&amp;h=AT1gQyHq0qXwammuQLkHGzDIGfdbv2VRiWb3PuMce4xSmATnfb55LcUkIyTWMpJa2h463ehlj78ZwT9zN5uQrYBYwuwmzBUJ7HD4BMJbzX0NolvBRUJOEz01mtMasp-5V-go8tQJpjFcJZFmGEBqxgcwKJsV6PKTOysR71bL5Xc4OvJ_A3Ggvi-xTHOFUCf6GkTVQR3-15BXe0RgTu9hVGWuhRPiE1ESvATYGh3JOhcFiPFhiTQCL1Kskvr-DTPfmk293qLiMdOTXYmoSKaSO24kSs08EcfXoXUJnqovZ7Ky-lmbm6DN4o-JZ9wPpFtBR67I3DOiFjDCH6VwQLPs--BCO9L6o5YgfFYtl-wOLvBu-f773Z8wInMwUUdAFoXxLu8srRwivLFxVuVOIIZU4QzlOvfK-M8K70ey_gMgp8SKqrLbl_3S9kUBNTB89gIzTtxKN28mtK31uSHYRsKWy9rFY4-mIREcaBTKFAR5xkSsQ7u-MPWcLiSTJmqngok9T-0m9-yS6Qw3ES8Lq4mXApM7jFjeYOQWpapYg3lPRkLrI_XY7cqdo-evL95XXINSD0X9utsQMN51nA35NkKK3hFFfeGnfTqsomPEJnOqPe236MtjqMFxTI7ykszZ7-wsXgqwnY3MdDxxGPgJKQ5Sl6mz-G03V83kcmB_cfku-XBBcLYOX7fSnjc3o6AJoIwy_FpLJg4rA-bojr7XhUZPf-DMEWtgJa4cXECjwejUAcUbTN0gk7GXoMlynQGdIxBVGCAthhMWLe6lnqzfMoMtzP_42WDmdSQKcu9d5ewWQ2Wbiy1DKdfVGa3RSD0fGq9lvhyIMVyGq1Zf8FQKM3XLr7EEnhH4yWNgJJiRsnZ_KBhoaQb2faAMhjigFuWgpJIrX0ihFHwWfsTlrIhAO4AJlq5rwqOeSy6_pl-z994dQ3n12RLYCFBpteUtdgJ2AXZlLIEBGDxVCkoaNcMFetcPdtl6HYck1rjZUtXAGsn_ewyUuPXpPYjrbXrimhXSO5i_9-CefLx5dv5fQBpuWzCH6rMYDbmW5aa_h5kBJAffpZCmxxQq-hPlj8x9V_orh52HeR6WPN76akVy9J2s94TrXmQOZ5GNUo1QqaUDtTqHlZprnTJp6ykZ-KlHFoMzV-Af-V4QZmzhUNlOScf-gn-mpN3oBz70u0hjHGW51cVwxPQbr7w8Zn0jJ8g8YVUJ4bWfHcUfvgS_akWoE1pQU93hiuYrAuw6u35CnMXy3UC6gUkNCpuVCAP46B1smVtvMZPb8gTWBqBRbncWfD09HWsIaHEkR8xnpoqP9AS6sP7dy28wINbLqV1ZQl2m2eURHZGQEH1T2ZT9ez8n3q9Oyb6Epd9BMTH4lnKhpVhOv0r3bCQMssryHvUmnvk6txohPXAA2A39akGs6rxdx4cl_RNloo9Jx0AfaUfi8WFPMTGr51Qk8rYAGLD5wkNRVTUTWPIkuuTJmLny-oKRzHUX9lneA7j-o5TMlEPhfntZV8PPf4x7fb184pI198pxYJ2BM3hsyJtVER0DyqSjUyX0f3_XZV7kamlOH8zKFCBTzkhBhk-NOYbJs2DrPl9HE1wZP1LXX1RSBdmBcrTWC5QWpqDGEgP2vULnU5uJYLd2rtFO-sPtOhnSlmQ58ubNQhK5SG3cg2w-qDLcdJKKkevtgHMmXIYjVgF5ib8zRV_WrZimpekWysPKeQdoHXmWj4yo1lCzj0_fzHNOJY8kGUHCeq9hwJnshPJ19suhNO_vTmsdO8VdaqykT4o4hP5d87sQsry0d705t0rQNh0oyvp21mRfWJkPgM0pKKYVaZX6ZGE4vnKdnZTe_baKvgJdTDwDBQYfydjX-ypYysRiYrw5t-PITm1l4vYkc-RTuSPgoxOyNCG5H1wpvCNjSYxQQ7hTnRzR6V7sMXZQVanjfVJ-KmDc7O1QEJDXCiLrF7oIn4bmbxX9Kha4EbOv01obo6CPd0g_8CDfyiSOHFnOqyRAi2bMkJHLaFohCLGS0ikTDTZXesf2Q-01z9qMCR-EtrH9kdsN4yhZnjyfjbyZQcKDc1DJVlmhEtuAHPgHIms6X4YHJQSL8dNEzmb-yekS_zHMHDaQQYX_t3OXm9g20b7lOsBe-4gGxdg9LmRgmmUd8QeWxH7N_V7tJLc6Gn3oPlEZ7J0u6TcQUwqysDyvrh6aqpRQ1sv6Fd2nj4oqvpsWLlMm-QmXZMo2boUqS815OdoQq4fqDRbeVOk0PAl2SiWxjHaZywBJScsITBQwWqGazES630kjFWkr8SodGh7pnyNUCwkSUG7Q_ue2t4ak4Ygt7haXrl6gOakgxqv5eXs7uVyuismodmBgSd2kTp8n_zF9V8I4P-B7bLBkhOOpYrmXdy-LU6CkZ9XkKVj3hv3yCEADBPq-5sTnmFk-vQ9k70ygw3EACHlnp48ZaCJaXoWYYxAx6n_3LShTH1SoFZEr0CFAnONQYVX2vX93ePhpTXQ0pAX2GeJEbUiT8WB5v3J_pNlo_LzS8fqNpbBldEGwRK22d3nN1oyTuOWUN6HhUjSUriy-tZGBxALfpQTjtHjduExbH4bBHsfU0BVGNnR2uMVJF0gFmB660NBXJcdWorMYtADSF_SKq3WMmZtNMlMr3tpoiE_1M5v0NRZNl80DxKGQGy8ePPp4p70lX-phUz1kbD30MbMjMfqxAdhNpVj8gGeEgX1f8nxMM0XEhhQj4DZyX9XmRYsm5oaALx_Fd_CBkeSDCrBWb5dfc5Ahx-XsrM9gGSqk1tfNYV2TTziqY-Rk4MO2og67p8LDFZ3jPBeR3Ewuh5-tZH4eI31Hrxz64QvyhuSHRzUPMXvm9jmifXp8XhRrAxOZjUGifnZv6wdoDvoTaTx1zPExduBaOquO3nEAX2mQeTmNPKiOOYlyV2X3L6TUfqFAEHUQwqpeBZ4ny7BG-SJ4fKiUmMke2fZDVQfwQtFSLpWwbJYr_6c9vAzA0bCZkTCt14qN6ZiXh-HQyDc46xwcTioJvkP791xOC_lhHm_YrMISzp03pgajEEsxN9Qa582rgZ2YjIIKg4jZRrkSJlUnCSSstdM7U1mAjfzwKkywcVZrUsROKye0qw-A91fs_qBGJHywIwzh7PVoNM__cbeRgYVgDSfV1cFx3tZty16sPHtvWAmeHpHyodnBBQTIfVN9g94KcDbfD8qC2_ICjioWEaHZSVV8Hmn-VvWeGXnIfxxhyXQl0DXxnTlI2Fl8EAnBUEDUIYbZgEpFcvnhc7J3NQeYeemSlhsIp72e_a1VGAV2NbfYo2Vwm0WRK54duKpZnbgQQN9TU37xBzW9OGZ0iPzFI4s3RUhDHCcTKGvc9KwVVKSkMnsBkIZWhs38cxqv2MrMW8teA2w3NJH0V7-cI43_n6fuS6Ik8lVDv2vElW2ml_sUt7bGb6jz_RT5vHll7073NHH0Q3lGp9NA1-vkjmhOEcW-j3jfd4v4Yug\" target=\"_blank\" rel=\"noreferrer noopener\">https:\/\/www.servimedia.es\/dialogos\/apoyo-traves-del-deporte<\/a><\/p>\n<p><a href=\"https:\/\/www.servimedia.es\/dialogos\/apoyo-traves-del-deporte?fbclid=IwZXh0bgNhZW0CMTEAAR0wZP6vXjSpUoTsbErt3B389fBRG-Ay3G3g4KlF1Wb0K8HXMP01Ll1R_g0_aem_Aargt22Kbof2O624rh6T11xy8Rck5mO_oM98kqdr9eZ5BcC5SXHpDFXmYde1RWeAQUg0XvyxvB6jKHqbJzTnYnTE\"><img loading=\"lazy\" decoding=\"async\" src=\"https:\/\/esportsmunicipalsalzira.com\/wp-content\/uploads\/2024\/05\/440582806_753801713603239_1011661993456020734_n.jpg\" width=\"240\" height=\"135\" class=\"x\" alt='Puede ser una imagen de 5 personas y texto que dice \"Viernes 17 de Mayo \u03b1 las 12.00 horas La colaboraci\u00f3n y apoyo a las personas con discapacidad a trav\u00e9s del deporte Jos\u00e9 Manuel Rodr\u00edguez Uribes Secretario Estado para el Deporte presidente Consejo Superior de Deportes Mar\u00eda Eugenia Muguerza Directora ejecutiva de Operaciones Chief Staff de Generali S.A.U. Alberto Jofre Bernardo Director Gerente Comit\u00e9 Paralimpico de Espa\u00f1a Marta Franc\u00e9s Triatleta paralimpica de la selecci\u00f3n espa\u00f1ola Sevimeciaty\/ialgoooppea GENERALI servimedia\"'><\/a> <\/p>\n<p><a href=\"https:\/\/www.servimedia.es\/dialogos\/apoyo-traves-del-deporte?fbclid=IwZXh0bgNhZW0CMTEAAR0wZP6vXjSpUoTsbErt3B389fBRG-Ay3G3g4KlF1Wb0K8HXMP01Ll1R_g0_aem_Aargt22Kbof2O624rh6T11xy8Rck5mO_oM98kqdr9eZ5BcC5SXHpDFXmYde1RWeAQUg0XvyxvB6jKHqbJzTnYnTE\"><\/a><\/p>\n<p><br \/>\n<br \/><a href=\"https:\/\/www.facebook.com\/100063537194811\/posts\/983667960427768\">source<\/a>  <\/p>","protected":false},"excerpt":{"rendered":"<p>\ud83d\udc49 El presidente del CSD, Jos\u00e9 Manuel Rodr\u00edguez Uribes, participa hoy en el di\u00e1logo sobre &#039;La colaboraci\u00f3n y el apoyo a las personas con discapacidad a trav\u00e9s del deporte&#039;, organizado por @Servimedia. \ud83d\udd34 Inscr\u00edbete y s\u00edguelo en directo a partir de las 12:00h en https:\/\/www.servimedia.es\/dialogos\/apoyo-traves-del-deporte Source<\/p>","protected":false},"author":2,"featured_media":7527,"comment_status":"open","ping_status":"open","sticky":false,"template":"","format":"standard","meta":{"footnotes":""},"categories":[1],"tags":[],"class_list":["post-7526","post","type-post","status-publish","format-standard","has-post-thumbnail","hentry","category-esports-alzira"],"featured_image_src":{"landsacpe":["https:\/\/esportsmunicipalsalzira.com\/wp-content\/uploads\/2024\/05\/440582806_753801713603239_1011661993456020734_n.jpg",240,135,false],"list":["https:\/\/esportsmunicipalsalzira.com\/wp-content\/uploads\/2024\/05\/440582806_753801713603239_1011661993456020734_n.jpg",240,135,false],"medium":["https:\/\/esportsmunicipalsalzira.com\/wp-content\/uploads\/2024\/05\/440582806_753801713603239_1011661993456020734_n.jpg",240,135,false],"full":["https:\/\/esportsmunicipalsalzira.com\/wp-content\/uploads\/2024\/05\/440582806_753801713603239_1011661993456020734_n.jpg",240,135,false]},"_links":{"self":[{"href":"https:\/\/esportsmunicipalsalzira.com\/es\/wp-json\/wp\/v2\/posts\/7526","targetHints":{"allow":["GET"]}}],"collection":[{"href":"https:\/\/esportsmunicipalsalzira.com\/es\/wp-json\/wp\/v2\/posts"}],"about":[{"href":"https:\/\/esportsmunicipalsalzira.com\/es\/wp-json\/wp\/v2\/types\/post"}],"author":[{"embeddable":true,"href":"https:\/\/esportsmunicipalsalzira.com\/es\/wp-json\/wp\/v2\/users\/2"}],"replies":[{"embeddable":true,"href":"https:\/\/esportsmunicipalsalzira.com\/es\/wp-json\/wp\/v2\/comments?post=7526"}],"version-history":[{"count":0,"href":"https:\/\/esportsmunicipalsalzira.com\/es\/wp-json\/wp\/v2\/posts\/7526\/revisions"}],"wp:featuredmedia":[{"embeddable":true,"href":"https:\/\/esportsmunicipalsalzira.com\/es\/wp-json\/wp\/v2\/media\/7527"}],"wp:attachment":[{"href":"https:\/\/esportsmunicipalsalzira.com\/es\/wp-json\/wp\/v2\/media?parent=7526"}],"wp:term":[{"taxonomy":"category","embeddable":true,"href":"https:\/\/esportsmunicipalsalzira.com\/es\/wp-json\/wp\/v2\/categories?post=7526"},{"taxonomy":"post_tag","embeddable":true,"href":"https:\/\/esportsmunicipalsalzira.com\/es\/wp-json\/wp\/v2\/tags?post=7526"}],"curies":[{"name":"wp","href":"https:\/\/api.w.org\/{rel}","templated":true}]}}