{"id":7552,"date":"2024-05-20T20:00:31","date_gmt":"2024-05-20T18:00:31","guid":{"rendered":"https:\/\/esportsmunicipalsalzira.com\/pedro-martinez-se-situa-de-nuevo-entre-los-50-mejores-tenistas-del-mundo\/"},"modified":"2024-05-20T20:00:31","modified_gmt":"2024-05-20T18:00:31","slug":"pedro-martinez-se-situa-de-nuevo-entre-los-50-mejores-tenistas-del-mundo","status":"publish","type":"post","link":"https:\/\/esportsmunicipalsalzira.com\/es\/pedro-martinez-se-situa-de-nuevo-entre-los-50-mejores-tenistas-del-mundo\/","title":{"rendered":"Pedro Mart\u00ednez se sit\u00faa de nuevo entre los 50 mejores tenistas del mundo"},"content":{"rendered":"<p>\ud83e\udd4e El de Alzira escala posiciones en el r\u00e1nking de la ATP y ya ocupa el puesto n\u00famero 49 tras ser finalista del torneo Challenger de Burdeos<\/p>\n<p><a href=\"https:\/\/www.levante-emv.com\/ribera\/2024\/05\/20\/pedro-martinez-situa-nuevo-50-102656962.html?fbclid=IwZXh0bgNhZW0CMTEAAR2cZYtPEHwAty_9ohzajFxqoZA1Ljw0H02L3h4hhZdoXHA54YDTw1Rglkg_aem_AdATDwr3GVeGjIBYnL3-zEBTAx2IjnqEXSTcDn5H0sMRVSgOdMHp2Jwpsl5Xzk7KQCACPL7pYafm7pkGoUCRZv-A\"><img decoding=\"async\" title=\"Pedro Mart\u00ednez se sit\u00faa de nuevo entre los 50 mejores tenistas del mundo\" src=\"https:\/\/esportsmunicipalsalzira.com\/wp-content\/uploads\/2024\/05\/17316239267497937763\" \/><\/a> <\/p>\n<p><a href=\"https:\/\/www.levante-emv.com\/ribera\/2024\/05\/20\/pedro-martinez-situa-nuevo-50-102656962.html?fbclid=IwZXh0bgNhZW0CMTEAAR2cZYtPEHwAty_9ohzajFxqoZA1Ljw0H02L3h4hhZdoXHA54YDTw1Rglkg_aem_AdATDwr3GVeGjIBYnL3-zEBTAx2IjnqEXSTcDn5H0sMRVSgOdMHp2Jwpsl5Xzk7KQCACPL7pYafm7pkGoUCRZv-A\">Pedro Mart\u00ednez se sit\u00faa de nuevo entre los 50 mejores tenistas del mundo<\/a><\/p>\n<p><br \/>\n<br \/><a href=\"https:\/\/www.facebook.com\/100063537194811\/posts\/987482140046350\">source<\/a>  <\/p>","protected":false},"excerpt":{"rendered":"<p>\ud83e\udd4e El de Alzira escala posiciones en el r\u00e1nking de la ATP y ya ocupa el puesto n\u00famero 49 tras ser finalista del torneo Challenger de Burdeos Pedro Mart\u00ednez se sit\u00faa de nuevo entre los 50 mejores tenistas del mundo Source<\/p>","protected":false},"author":2,"featured_media":7553,"comment_status":"open","ping_status":"open","sticky":false,"template":"","format":"standard","meta":{"footnotes":""},"categories":[1],"tags":[],"class_list":["post-7552","post","type-post","status-publish","format-standard","has-post-thumbnail","hentry","category-esports-alzira"],"featured_image_src":{"landsacpe":["https:\/\/esportsmunicipalsalzira.com\/wp-content\/uploads\/2024\/05\/17316239267497937763-1000x445.jpeg",1000,445,true],"list":["https:\/\/esportsmunicipalsalzira.com\/wp-content\/uploads\/2024\/05\/17316239267497937763-463x348.jpeg",463,348,true],"medium":["https:\/\/esportsmunicipalsalzira.com\/wp-content\/uploads\/2024\/05\/17316239267497937763-300x157.jpeg",300,157,true],"full":["https:\/\/esportsmunicipalsalzira.com\/wp-content\/uploads\/2024\/05\/17316239267497937763.jpeg",1000,522,false]},"_links":{"self":[{"href":"https:\/\/esportsmunicipalsalzira.com\/es\/wp-json\/wp\/v2\/posts\/7552","targetHints":{"allow":["GET"]}}],"collection":[{"href":"https:\/\/esportsmunicipalsalzira.com\/es\/wp-json\/wp\/v2\/posts"}],"about":[{"href":"https:\/\/esportsmunicipalsalzira.com\/es\/wp-json\/wp\/v2\/types\/post"}],"author":[{"embeddable":true,"href":"https:\/\/esportsmunicipalsalzira.com\/es\/wp-json\/wp\/v2\/users\/2"}],"replies":[{"embeddable":true,"href":"https:\/\/esportsmunicipalsalzira.com\/es\/wp-json\/wp\/v2\/comments?post=7552"}],"version-history":[{"count":0,"href":"https:\/\/esportsmunicipalsalzira.com\/es\/wp-json\/wp\/v2\/posts\/7552\/revisions"}],"wp:featuredmedia":[{"embeddable":true,"href":"https:\/\/esportsmunicipalsalzira.com\/es\/wp-json\/wp\/v2\/media\/7553"}],"wp:attachment":[{"href":"https:\/\/esportsmunicipalsalzira.com\/es\/wp-json\/wp\/v2\/media?parent=7552"}],"wp:term":[{"taxonomy":"category","embeddable":true,"href":"https:\/\/esportsmunicipalsalzira.com\/es\/wp-json\/wp\/v2\/categories?post=7552"},{"taxonomy":"post_tag","embeddable":true,"href":"https:\/\/esportsmunicipalsalzira.com\/es\/wp-json\/wp\/v2\/tags?post=7552"}],"curies":[{"name":"wp","href":"https:\/\/api.w.org\/{rel}","templated":true}]}}