{"id":7556,"date":"2024-05-21T17:13:42","date_gmt":"2024-05-21T15:13:42","guid":{"rendered":"https:\/\/esportsmunicipalsalzira.com\/%f0%9d%9f%91%f0%9d%9f%94%f0%9d%90%9a-%f0%9d%90%95%f0%9d%90%a8%f0%9d%90%a5%f0%9d%90%ad%f0%9d%90%9a-%f0%9d%90%9a-%f0%9d%90%8f%f0%9d%90%9e%f0%9d%90%ae-%f0%9d%90%80%f0%9d%90%a5%f0%9d%90%b3%f0%9d%90%a2\/"},"modified":"2024-05-21T17:13:42","modified_gmt":"2024-05-21T15:13:42","slug":"%f0%9d%9f%91%f0%9d%9f%94%f0%9d%90%9a-%f0%9d%90%95%f0%9d%90%a8%f0%9d%90%a5%f0%9d%90%ad%f0%9d%90%9a-%f0%9d%90%9a-%f0%9d%90%8f%f0%9d%90%9e%f0%9d%90%ae-%f0%9d%90%80%f0%9d%90%a5%f0%9d%90%b3%f0%9d%90%a2","status":"publish","type":"post","link":"https:\/\/esportsmunicipalsalzira.com\/es\/%f0%9d%9f%91%f0%9d%9f%94%f0%9d%90%9a-%f0%9d%90%95%f0%9d%90%a8%f0%9d%90%a5%f0%9d%90%ad%f0%9d%90%9a-%f0%9d%90%9a-%f0%9d%90%8f%f0%9d%90%9e%f0%9d%90%ae-%f0%9d%90%80%f0%9d%90%a5%f0%9d%90%b3%f0%9d%90%a2\/","title":{"rendered":"\ud835\udfd1\ud835\udfd4\ud835\udc1a \ud835\udc15\ud835\udc28\ud835\udc25\ud835\udc2d\ud835\udc1a \ud835\udc1a \ud835\udc0f\ud835\udc1e\ud835\udc2e \ud835\udc00\ud835\udc25\ud835\udc33\ud835\udc22\ud835\udc2b\ud835\udc1a \ud835\udfd0\ud835\udfce\ud835\udfd0\ud835\udfd2 Et convid emocionante evento de"},"content":{"rendered":"<p><br \/>\n\ud835\udfd1\ud835\udfd4\ud835\udc1a \ud835\udc15\ud835\udc28\ud835\udc25\ud835\udc2d\ud835\udc1a \ud835\udc1a \ud835\udc0f\ud835\udc1e\ud835\udc2e \ud835\udc00\ud835\udc25\ud835\udc33\ud835\udc22\ud835\udc2b\ud835\udc1a \ud835\udfd0\ud835\udfce\ud835\udfd0\ud835\udfd2 <\/p>\n<p>Te invitamos a participar en la 36\u00aa Vuelta a Peu Alzira 2024, un emocionante evento de 8km que tendr\u00e1 lugar el pr\u00f3ximo viernes, 12 de julio. <\/p>\n<p>\ud835\udc03\ud835\udc1e\ud835\udc2d\ud835\udc1a\ud835\udc25\ud835\udc25\ud835\udc2c \ud835\udc1d\ud835\udc1e \ud835\udc25\u275c\ud835\udc1e\ud835\udc2c\ud835\udc1d\ud835\udc1e\ud835\udc2f\ud835\udc1e\ud835\udc27\ud835\udc22\ud835\udc26\ud835\udc1e\ud835\udc27\ud835\udc2d:<br \/>\n\ud83d\udcc6\ud835\udc03\ud835\udc1a\ud835\udc2d\ud835\udc1a: viernes, 12 de julio<br \/>\n\u2b55\ud835\udc03\ud835\udc22\ud835\udc2c\ud835\udc2d\ud835\udc1a\u0300\ud835\udc27\ud835\udc1c\ud835\udc22\ud835\udc1a: 8km<br \/>\n\ud83d\udccd\ud835\udc0b\ud835\udc25\ud835\udc28\ud835\udc1c: Plaza Mayor, Alzira<\/p>\n<p>\ud835\udc07\ud835\udc28\ud835\udc2b\ud835\udc1a\ud835\udc2b\ud835\udc22:<br \/>\n\ud83d\udd5b\ud835\udc02\ud835\udc2e\ud835\udc2b\ud835\udc2c\ud835\udc1a \ud835\udc1d\u275c\ud835\udc1a\ud835\udc1d\ud835\udc2e\ud835\udc25\ud835\udc2d\ud835\udc2c: 20.00h<br \/>\n\ud83d\udd5c\ud835\udc02\ud835\udc2e\ud835\udc2b\ud835\udc2c\ud835\udc1a \ud835\udc22\ud835\udc27\ud835\udc1f\ud835\udc1a\ud835\udc27\ud835\udc2d\ud835\udc22\ud835\udc25\ud835\udc2c: 18.30h<\/p>\n<p>\ud835\udc0f\ud835\udc1e\ud835\udc2b \ud835\udc2a\ud835\udc2e\ud835\udc1e\u0300 \ud835\udc27\ud835\udc28 \ud835\udc1e\ud835\udc2d \ud835\udc29\ud835\udc28\ud835\udc2d\ud835\udc2c \ud835\udc29\ud835\udc1e\ud835\udc2b\ud835\udc1d\ud835\udc2b\ud835\udc1e \ud835\udc1a\ud835\udc10 \ud835\udc1d\ud835\udc1e\ud835\udc2f\ud835\udc1e\ud835\udc27\ud835\udc22\ud835\udc26\ud835\udc1e\ud835\udc27\ud835\udc2d\u2753<\/p>\n<p>1\ufe0f\u20e3\ud835\udc0d\ud835\udc28\ud835\udc2e \ud835\udc1c\ud835\udc22\ud835\udc2b\ud835\udc1c\ud835\udc2e\ud835\udc22\ud835\udc2d \ud835\udc2d\ud835\udc28\ud835\udc2d\ud835\udc1a\ud835\udc25\ud835\udc26\ud835\udc1e\ud835\udc27\ud835\udc2d \ud835\udc29\ud835\udc25:<\/p>\n<p>2\ufe0f\u20e3 \ud835\udc13\ud835\udc2b\ud835\udc28\ud835\udc1f\ud835\udc1e\ud835\udc2e\ud835\udc2c \ud835\udc29\ud835\udc1e\ud835\udc2b \ud835\udc1c\ud835\udc1a\ud835\udc2d\ud835\udc1e\ud835\udc20\ud835\udc28\ud835\udc2b\ud835\udc22\ud835\udc1e\ud835\udc2c \ud835\udc22 \ud835\udc1d\ud835\udc1e \ud835\udc2b\ud835\udc1e\ud835\udc20\ud835\udc1a\ud835\udc25\ud835\udc2c: Habr\u00e1 reconocimientos para los mejores tiempos y diversos sorteos para los inscritos en el Centro Comercial Ribera del J\u00facar.<\/p>\n<p>3\ufe0f\u20e3 \ud835\udc00\ud835\udc26\ud835\udc1b\ud835\udc22\ud835\udc1e\ud835\udc27\ud835\udc2d \ud835\udc1f\ud835\udc1e\ud835\udc2c\ud835\udc2d\ud835\udc22\ud835\udc2e: Disfruta de la energ\u00eda de la ciudad de Alzira y el apoyo de los espectadores a lo largo del recorrido.<\/p>\n<p>Nos hemos asegurado que esta edici\u00f3n sea inolvidable, con una nueva zona de salida y meta en la emblem\u00e1tica Plaza Mayor.<\/p>\n<p>\ud835\udc08\ud835\udc27\ud835\udc2c\ud835\udc1c\ud835\udc2b\ud835\udc22\ud835\udc2e-\ud835\udc2d\ud835\udc1e \ud835\udc23\ud835\udc1a \ud835\udc22 \ud835\udc2c\ud835\udc22\ud835\udc20\ud835\udc2e\ud835\udc1e\ud835\udc2c \ud835\udc29\ud835\udc1a\ud835\udc2b\ud835\udc2d \ud835\udc1d\u275c\ud835\udc1a\ud835\udc2a\ud835\udc2e\ud835\udc1e\ud835\udc2c\ud835\udc2d\ud835\udc1a \ud835\udc20\ud835\udc2b\ud835\udc1a\ud835\udc27 \ud835\udc1f\ud835\udc1e\ud835\udc2c\ud835\udc2d\ud835\udc1a \ud835\udc1d\ud835\udc1e \ud835\udc25\u275c\ud835\udc1e\ud835\udc2c\ud835\udc29\ud835\udc28\ud835\udc2b\ud835\udc2d\u2757Corre, diverteix-te i demostra el teu esperit esportiu en la 36a Volta a Peu Alzira 2024.<br \/>\nhttps:\/\/www.runatica.com\/event\/xxxvi-volta-a-peu-d-alzira-2024<\/p>\n<p>Para m\u00e1s informaci\u00f3n, visita nuestro sitio web o s\u00edguenos en nuestras redes sociales.<\/p>\n<p>\u00a1No faltas! \u00a1Tu mejor marca te est\u00e1 esperando! \u00a1Te esperamos! \ud83c\udfc3\ud83c\udffd\ud83c\udfc3\ud83c\udffc\u200d\u2640\ufe0f<\/p>\n<p><a href=\"https:\/\/esportsmunicipalsalzira.com\/wp-content\/uploads\/2024\/05\/442512999_982096937253457_1299903226672506711_n.jpg\"><img decoding=\"async\" class=\"wp_automatic_fb_img\" title=\"\" src=\"https:\/\/esportsmunicipalsalzira.com\/wp-content\/uploads\/2024\/05\/442512999_982096937253457_1299903226672506711_n.jpg\" \/><\/a><br \/>\n<br \/>\n<br \/><a href=\"https:\/\/www.facebook.com\/100063537194811\/posts\/987476890046875\">source<\/a>  <\/p>","protected":false},"excerpt":{"rendered":"<p>\ud835\udfd1\ud835\udfd4\ud835\udc1a \ud835\udc15\ud835\udc28\ud835\udc25\ud835\udc2d\ud835\udc1a \ud835\udc1a \ud835\udc0f\ud835\udc1e\ud835\udc2e \ud835\udc00\ud835\udc25\ud835\udc33\ud835\udc22\ud835\udc2b\ud835\udc1a \ud835\udfd0\ud835\udfce\ud835\udfd0\ud835\udfd2 Et convidem a participar en la 36a Volta a Peu Alzira 2024, un emocionant esdeveniment de 8km que tindr\u00e0 lloc el pr\u00f2xim divendres, 12 de juliol. \ud835\udc03\ud835\udc1e\ud835\udc2d\ud835\udc1a\ud835\udc25\ud835\udc25\ud835\udc2c \ud835\udc1d\ud835\udc1e \ud835\udc25\u275c\ud835\udc1e\ud835\udc2c\ud835\udc1d\ud835\udc1e\ud835\udc2f\ud835\udc1e\ud835\udc27\ud835\udc22\ud835\udc26\ud835\udc1e\ud835\udc27\ud835\udc2d: \ud83d\udcc6\ud835\udc03\ud835\udc1a\ud835\udc2d\ud835\udc1a: divendres, 12 de juliol \u2b55\ud835\udc03\ud835\udc22\ud835\udc2c\ud835\udc2d\ud835\udc1a\u0300\ud835\udc27\ud835\udc1c\ud835\udc22\ud835\udc1a: 8km \ud83d\udccd\ud835\udc0b\ud835\udc25\ud835\udc28\ud835\udc1c: Pla\u00e7a Major, Alzira \ud835\udc07\ud835\udc28\ud835\udc2b\ud835\udc1a\ud835\udc2b\ud835\udc22: \ud83d\udd5b\ud835\udc02\ud835\udc2e\ud835\udc2b\ud835\udc2c\ud835\udc1a \ud835\udc1d\u275c\ud835\udc1a\ud835\udc1d\ud835\udc2e\ud835\udc25\ud835\udc2d\ud835\udc2c: 20.00h \ud83d\udd5c\ud835\udc02\ud835\udc2e\ud835\udc2b\ud835\udc2c\ud835\udc1a \ud835\udc22\ud835\udc27\ud835\udc1f\ud835\udc1a\ud835\udc27\ud835\udc2d\ud835\udc22\ud835\udc25\ud835\udc2c: 18.30h \ud835\udc0f\ud835\udc1e\ud835\udc2b \ud835\udc2a\ud835\udc2e\ud835\udc1e\u0300 [&hellip;]<\/p>\n","protected":false},"author":2,"featured_media":7557,"comment_status":"open","ping_status":"open","sticky":false,"template":"","format":"standard","meta":{"footnotes":""},"categories":[1],"tags":[],"class_list":["post-7556","post","type-post","status-publish","format-standard","has-post-thumbnail","hentry","category-esports-alzira"],"featured_image_src":{"landsacpe":["https:\/\/esportsmunicipalsalzira.com\/wp-content\/uploads\/2024\/05\/442512999_982096937253457_1299903226672506711_n-1080x445.jpg",1080,445,true],"list":["https:\/\/esportsmunicipalsalzira.com\/wp-content\/uploads\/2024\/05\/442512999_982096937253457_1299903226672506711_n-463x348.jpg",463,348,true],"medium":["https:\/\/esportsmunicipalsalzira.com\/wp-content\/uploads\/2024\/05\/442512999_982096937253457_1299903226672506711_n-225x300.jpg",225,300,true],"full":["https:\/\/esportsmunicipalsalzira.com\/wp-content\/uploads\/2024\/05\/442512999_982096937253457_1299903226672506711_n.jpg",1080,1440,false]},"_links":{"self":[{"href":"https:\/\/esportsmunicipalsalzira.com\/es\/wp-json\/wp\/v2\/posts\/7556","targetHints":{"allow":["GET"]}}],"collection":[{"href":"https:\/\/esportsmunicipalsalzira.com\/es\/wp-json\/wp\/v2\/posts"}],"about":[{"href":"https:\/\/esportsmunicipalsalzira.com\/es\/wp-json\/wp\/v2\/types\/post"}],"author":[{"embeddable":true,"href":"https:\/\/esportsmunicipalsalzira.com\/es\/wp-json\/wp\/v2\/users\/2"}],"replies":[{"embeddable":true,"href":"https:\/\/esportsmunicipalsalzira.com\/es\/wp-json\/wp\/v2\/comments?post=7556"}],"version-history":[{"count":0,"href":"https:\/\/esportsmunicipalsalzira.com\/es\/wp-json\/wp\/v2\/posts\/7556\/revisions"}],"wp:featuredmedia":[{"embeddable":true,"href":"https:\/\/esportsmunicipalsalzira.com\/es\/wp-json\/wp\/v2\/media\/7557"}],"wp:attachment":[{"href":"https:\/\/esportsmunicipalsalzira.com\/es\/wp-json\/wp\/v2\/media?parent=7556"}],"wp:term":[{"taxonomy":"category","embeddable":true,"href":"https:\/\/esportsmunicipalsalzira.com\/es\/wp-json\/wp\/v2\/categories?post=7556"},{"taxonomy":"post_tag","embeddable":true,"href":"https:\/\/esportsmunicipalsalzira.com\/es\/wp-json\/wp\/v2\/tags?post=7556"}],"curies":[{"name":"wp","href":"https:\/\/api.w.org\/{rel}","templated":true}]}}