{"id":7564,"date":"2024-05-20T22:27:40","date_gmt":"2024-05-20T20:27:40","guid":{"rendered":"https:\/\/esportsmunicipalsalzira.com\/%f0%9d%90%82%f0%9d%90%9a%f0%9d%90%a6%f0%9d%90%a9%f0%9d%90%a2%f0%9d%90%a8%f0%9d%90%a7%f0%9d%90%9a%f0%9d%90%ad-%f0%9d%90%a9%f0%9d%90%ab%f0%9d%90%a8%f0%9d%90%af%f0%9d%90%a2%f0%9d%90%a7%f0%9d%90%9c-3\/"},"modified":"2024-05-20T22:27:40","modified_gmt":"2024-05-20T20:27:40","slug":"%f0%9d%90%82%f0%9d%90%9a%f0%9d%90%a6%f0%9d%90%a9%f0%9d%90%a2%f0%9d%90%a8%f0%9d%90%a7%f0%9d%90%9a%f0%9d%90%ad-%f0%9d%90%a9%f0%9d%90%ab%f0%9d%90%a8%f0%9d%90%af%f0%9d%90%a2%f0%9d%90%a7%f0%9d%90%9c-3","status":"publish","type":"post","link":"https:\/\/esportsmunicipalsalzira.com\/es\/%f0%9d%90%82%f0%9d%90%9a%f0%9d%90%a6%f0%9d%90%a9%f0%9d%90%a2%f0%9d%90%a8%f0%9d%90%a7%f0%9d%90%9a%f0%9d%90%ad-%f0%9d%90%a9%f0%9d%90%ab%f0%9d%90%a8%f0%9d%90%af%f0%9d%90%a2%f0%9d%90%a7%f0%9d%90%9c-3\/","title":{"rendered":"\ud835\udc02\ud835\udc1a\ud835\udc26\ud835\udc29\ud835\udc22\ud835\udc28\ud835\udc27\ud835\udc1a\ud835\udc2d \ud835\udc29\ud835\udc2b\ud835\udc28\ud835\udc2f\ud835\udc22\ud835\udc27\ud835\udc1c\ud835\udc22\ud835\udc1a\ud835\udc25 \ud835\udc22\ud835\udc27\ud835\udc1d\ud835\udc22\ud835\udc10 \ud835\udc12\ud835\udc14\ud835\udc01\ud835\udfcf\ud835\udfd0. Este fin de semana se disput\u00f3 en Gandia, el campeonato provincial SUB12, donde"},"content":{"rendered":"<p><br \/>\n\ud835\udc02\ud835\udc1a\ud835\udc26\ud835\udc29\ud835\udc22\ud835\udc28\ud835\udc27\ud835\udc1a\ud835\udc2d \ud835\udc29\ud835\udc2b\ud835\udc28\ud835\udc2f\ud835\udc22\ud835\udc27\ud835\udc1c\ud835\udc22\ud835\udc1a\ud835\udc25 \ud835\udc22\ud835\udc27\ud835\udc1d\ud835\udc22\ud835\udc10 \ud835\udc12\ud835\udc14\ud835\udc01\ud835\udfcf\ud835\udfd0.<\/p>\n<p>Este fin de semana se disput\u00f3 en Gand\u00eda, el campeonato provincial SUB12, donde participaron: Carlos Sangros, Diego Hern\u00e1ndez, Carlos Carri\u00f3n, Valeria Mascarell, Laura Navarro, Olivia Beneyto, Julia Sempere, Mireya Montagud y Ainhoa Hern\u00e1ndez. <\/p>\n<p>Carlos S. se proclam\u00f3 PRIMER PROVINCIAL \ud83e\udd47ales 1000mll<br \/>\nDiego se proclam\u00f3 PRIMER PROVINCIAL \ud83e\udd47ales 2000mll<br \/>\nNuria se proclam\u00f3 TERCERA PROVINCIAL \ud83e\udd49 a los 2000m marcha<\/p>\n<p>Se quedaron con la medalla de chocolate\ud83c\udf6b<br \/>\n\u2013 Mireia a altura<br \/>\n\u2013 Olivia a los 2000m marcha<br \/>\n\u2013 Laura a lanzamiento de martillo<\/p>\n<p>Enhorabuena a todos y todas!!!<br \/>\n#clinicaALEJANDROSANZ #calarabosa Servicio Municipal de Deportes Alzira Ayuntamiento de Alzira<\/p>\n<p><a href=\"https:\/\/esportsmunicipalsalzira.com\/wp-content\/uploads\/2024\/05\/442443119_981462780650206_4835349496250387234_n.jpg\"><img decoding=\"async\" class=\"wp_automatic_fb_img\" title=\"\" src=\"https:\/\/esportsmunicipalsalzira.com\/wp-content\/uploads\/2024\/05\/442443119_981462780650206_4835349496250387234_n.jpg\" \/><\/a><br \/><a href=\"https:\/\/esportsmunicipalsalzira.com\/wp-content\/uploads\/2024\/05\/444760181_981467157316435_4436195057610939650_n.jpg\"><img decoding=\"async\" class=\"wp_automatic_fb_img\" title=\"\" src=\"https:\/\/esportsmunicipalsalzira.com\/wp-content\/uploads\/2024\/05\/444760181_981467157316435_4436195057610939650_n.jpg\" \/><\/a><br \/><a href=\"https:\/\/esportsmunicipalsalzira.com\/wp-content\/uploads\/2024\/05\/445209169_981467030649781_7478188350785043827_n.jpg\"><img decoding=\"async\" class=\"wp_automatic_fb_img\" title=\"\" src=\"https:\/\/esportsmunicipalsalzira.com\/wp-content\/uploads\/2024\/05\/445209169_981467030649781_7478188350785043827_n.jpg\" \/><\/a><br \/><a href=\"https:\/\/esportsmunicipalsalzira.com\/wp-content\/uploads\/2024\/05\/445634838_981467107316440_8396517390761903677_n.jpg\"><img decoding=\"async\" class=\"wp_automatic_fb_img\" title=\"\" src=\"https:\/\/esportsmunicipalsalzira.com\/wp-content\/uploads\/2024\/05\/445634838_981467107316440_8396517390761903677_n.jpg\" \/><\/a><br \/><a href=\"https:\/\/esportsmunicipalsalzira.com\/wp-content\/uploads\/2024\/05\/445586775_981467143983103_1626459825627320669_n.jpg\"><img decoding=\"async\" class=\"wp_automatic_fb_img\" title=\"\" src=\"https:\/\/esportsmunicipalsalzira.com\/wp-content\/uploads\/2024\/05\/445586775_981467143983103_1626459825627320669_n.jpg\" \/><\/a><br \/>\n<br \/>\n<br \/><a href=\"https:\/\/www.facebook.com\/100063537194811\/posts\/986672513460646\">source<\/a>  <\/p>","protected":false},"excerpt":{"rendered":"<p>\ud835\udc02\ud835\udc1a\ud835\udc26\ud835\udc29\ud835\udc22\ud835\udc28\ud835\udc27\ud835\udc1a\ud835\udc2d \ud835\udc29\ud835\udc2b\ud835\udc28\ud835\udc2f\ud835\udc22\ud835\udc27\ud835\udc1c\ud835\udc22\ud835\udc1a\ud835\udc25 \ud835\udc22\ud835\udc27\ud835\udc1d\ud835\udc22\ud835\udc2f\ud835\udc22\ud835\udc1d\ud835\udc2e\ud835\udc1a\ud835\udc25 \ud835\udc12\ud835\udc14\ud835\udc01\ud835\udfcf\ud835\udfd0. Aquest cap de setmana es va disputar a Gandia, el campionat provincial SUB12, on van participar: Carles Sangros, Diego Hern\u00e1ndez, Carles carri\u00f3, Valeria Mascarell, Laura Navarro, Olivia Beneyto, J\u00falia Sempere, Mireya Montagud i Ainhoa Hern\u00e1ndez. Carles S. es va proclamar PRIMER PROVINCIAL \ud83e\udd47als 1000mll Diego es va proclamar PRIMER PROVINCIAL \ud83e\udd47als [&hellip;]<\/p>\n","protected":false},"author":2,"featured_media":7565,"comment_status":"open","ping_status":"open","sticky":false,"template":"","format":"standard","meta":{"footnotes":""},"categories":[1],"tags":[],"class_list":["post-7564","post","type-post","status-publish","format-standard","has-post-thumbnail","hentry","category-esports-alzira"],"featured_image_src":{"landsacpe":["https:\/\/esportsmunicipalsalzira.com\/wp-content\/uploads\/2024\/05\/442443119_981462780650206_4835349496250387234_n-1140x445.jpg",1140,445,true],"list":["https:\/\/esportsmunicipalsalzira.com\/wp-content\/uploads\/2024\/05\/442443119_981462780650206_4835349496250387234_n-463x348.jpg",463,348,true],"medium":["https:\/\/esportsmunicipalsalzira.com\/wp-content\/uploads\/2024\/05\/442443119_981462780650206_4835349496250387234_n-300x81.jpg",300,81,true],"full":["https:\/\/esportsmunicipalsalzira.com\/wp-content\/uploads\/2024\/05\/442443119_981462780650206_4835349496250387234_n.jpg",2365,640,false]},"_links":{"self":[{"href":"https:\/\/esportsmunicipalsalzira.com\/es\/wp-json\/wp\/v2\/posts\/7564","targetHints":{"allow":["GET"]}}],"collection":[{"href":"https:\/\/esportsmunicipalsalzira.com\/es\/wp-json\/wp\/v2\/posts"}],"about":[{"href":"https:\/\/esportsmunicipalsalzira.com\/es\/wp-json\/wp\/v2\/types\/post"}],"author":[{"embeddable":true,"href":"https:\/\/esportsmunicipalsalzira.com\/es\/wp-json\/wp\/v2\/users\/2"}],"replies":[{"embeddable":true,"href":"https:\/\/esportsmunicipalsalzira.com\/es\/wp-json\/wp\/v2\/comments?post=7564"}],"version-history":[{"count":0,"href":"https:\/\/esportsmunicipalsalzira.com\/es\/wp-json\/wp\/v2\/posts\/7564\/revisions"}],"wp:featuredmedia":[{"embeddable":true,"href":"https:\/\/esportsmunicipalsalzira.com\/es\/wp-json\/wp\/v2\/media\/7565"}],"wp:attachment":[{"href":"https:\/\/esportsmunicipalsalzira.com\/es\/wp-json\/wp\/v2\/media?parent=7564"}],"wp:term":[{"taxonomy":"category","embeddable":true,"href":"https:\/\/esportsmunicipalsalzira.com\/es\/wp-json\/wp\/v2\/categories?post=7564"},{"taxonomy":"post_tag","embeddable":true,"href":"https:\/\/esportsmunicipalsalzira.com\/es\/wp-json\/wp\/v2\/tags?post=7564"}],"curies":[{"name":"wp","href":"https:\/\/api.w.org\/{rel}","templated":true}]}}