{"id":7602,"date":"2024-05-28T18:23:24","date_gmt":"2024-05-28T16:23:24","guid":{"rendered":"https:\/\/esportsmunicipalsalzira.com\/%f0%9d%97%96%f0%9d%97%94%f0%9d%97%a0%f0%9d%97%a3%f0%9d%97%9c%f0%9d%97%a2%f0%9d%97%a1%f0%9d%97%94%f0%9d%97%a7-%f0%9d%97%94%f0%9d%97%a8%f0%9d%97%a7%f0%9d%97%a2%f0%9d%97%a1%f0%9d%97%a2%f0%9d%97%a0\/"},"modified":"2024-05-28T18:23:24","modified_gmt":"2024-05-28T16:23:24","slug":"%f0%9d%97%96%f0%9d%97%94%f0%9d%97%a0%f0%9d%97%a3%f0%9d%97%9c%f0%9d%97%a2%f0%9d%97%a1%f0%9d%97%94%f0%9d%97%a7-%f0%9d%97%94%f0%9d%97%a8%f0%9d%97%a7%f0%9d%97%a2%f0%9d%97%a1%f0%9d%97%a2%f0%9d%97%a0","status":"publish","type":"post","link":"https:\/\/esportsmunicipalsalzira.com\/es\/%f0%9d%97%96%f0%9d%97%94%f0%9d%97%a0%f0%9d%97%a3%f0%9d%97%9c%f0%9d%97%a2%f0%9d%97%a1%f0%9d%97%94%f0%9d%97%a7-%f0%9d%97%94%f0%9d%97%a8%f0%9d%97%a7%f0%9d%97%a2%f0%9d%97%a1%f0%9d%97%a2%f0%9d%97%a0\/","title":{"rendered":"\ud835\uddd6\ud835\uddd4\ud835\udde0\ud835\udde3\ud835\udddc\ud835\udde2\ud835\udde1\ud835\uddd4\ud835\udde7 \ud835\uddd4\ud835\udde8\ud835\udde7\ud835\udde2\ud835\udde1\ud835\udde2\u0300\ud835\udde0\ud835\udddc\ud835\uddd6 \ud835\udde3\ud835\uddd8\ud835\udde5 \ud835\uddd8 \ud835\uddd5\ud835\udfed\ud835\udff0. Este fin de semana el equipo masculino sub14 se clasific\u00f3 para el campeonato en"},"content":{"rendered":"<p><br \/>\n\ud835\uddd6\ud835\uddd4\ud835\udde0\ud835\udde3\ud835\udddc\ud835\udde2\ud835\udde1\ud835\uddd4\ud835\udde7 \ud835\uddd4\ud835\udde8\ud835\udde7\ud835\udde2\ud835\udde1\ud835\udde2\u0300\ud835\udde0\ud835\udddc\ud835\uddd6 \ud835\udde3\ud835\uddd8\ud835\udde5 \ud835\uddd8 \ud835\uddd5\ud835\udfed\ud835\udff0.<\/p>\n<p>Este fin de semana el equipo masculino sub14 se clasific\u00f3 para el campeonato auton\u00f3mico por equipos.<\/p>\n<p>En una buena jornada de atletismo, Joel Sanjuan, Alberto Silvente, Juan Carri\u00f3, Aaron Sanchis, Jos\u00e9 Regal, Alvaro Mengual, Alvaro Oltra e Ismail Allali realizamos dos pruebas cada uno para conseguir los m\u00e1ximos puntos posibles. <\/p>\n<p>Finalizaron en QUINTA POSICI\u00d3N\ud83d\udc4f\ud83c\udffd\ud83d\udc4f\ud83c\udffd.<\/p>\n<p>Enhorabuena!!!!<br \/>\n#clinicaALEJANDROSANZ #calarabosa #saludintegrativa Servicio Municipal de Deportes Alzira<\/p>\n<p><a href=\"https:\/\/esportsmunicipalsalzira.com\/wp-content\/uploads\/2024\/05\/442476229_987204923409325_7329540591659632882_n.jpg\"><img decoding=\"async\" class=\"wp_automatic_fb_img\" title=\"\" src=\"https:\/\/esportsmunicipalsalzira.com\/wp-content\/uploads\/2024\/05\/442476229_987204923409325_7329540591659632882_n.jpg\" \/><\/a><br \/><a href=\"https:\/\/esportsmunicipalsalzira.com\/wp-content\/uploads\/2024\/05\/445533969_987208663408951_3572229815575309143_n.jpg\"><img decoding=\"async\" class=\"wp_automatic_fb_img\" title=\"\" src=\"https:\/\/esportsmunicipalsalzira.com\/wp-content\/uploads\/2024\/05\/445533969_987208663408951_3572229815575309143_n.jpg\" \/><\/a><br \/><a href=\"https:\/\/esportsmunicipalsalzira.com\/wp-content\/uploads\/2024\/05\/445413445_987208743408943_216831478918644423_n.jpg\"><img decoding=\"async\" class=\"wp_automatic_fb_img\" title=\"\" src=\"https:\/\/esportsmunicipalsalzira.com\/wp-content\/uploads\/2024\/05\/445413445_987208743408943_216831478918644423_n.jpg\" \/><\/a><br \/><a href=\"https:\/\/esportsmunicipalsalzira.com\/wp-content\/uploads\/2024\/05\/445356314_987208980075586_6228837518577344473_n.jpg\"><img decoding=\"async\" class=\"wp_automatic_fb_img\" title=\"\" src=\"https:\/\/esportsmunicipalsalzira.com\/wp-content\/uploads\/2024\/05\/445356314_987208980075586_6228837518577344473_n.jpg\" \/><\/a><br \/><a href=\"https:\/\/esportsmunicipalsalzira.com\/wp-content\/uploads\/2024\/05\/445507736_987208953408922_2139468592506041089_n.jpg\"><img decoding=\"async\" class=\"wp_automatic_fb_img\" title=\"\" src=\"https:\/\/esportsmunicipalsalzira.com\/wp-content\/uploads\/2024\/05\/445507736_987208953408922_2139468592506041089_n.jpg\" \/><\/a><br \/>\n<br \/>\n<br \/><a href=\"https:\/\/www.facebook.com\/100063537194811\/posts\/992376696223561\">source<\/a>  <\/p>","protected":false},"excerpt":{"rendered":"<p>\ud835\uddd6\ud835\uddd4\ud835\udde0\ud835\udde3\ud835\udddc\ud835\udde2\ud835\udde1\ud835\uddd4\ud835\udde7 \ud835\uddd4\ud835\udde8\ud835\udde7\ud835\udde2\ud835\udde1\ud835\udde2\u0300\ud835\udde0\ud835\udddc\ud835\uddd6 \ud835\udde3\ud835\uddd8\ud835\udde5 \ud835\uddd8\ud835\udde4\ud835\udde8\ud835\udddc\ud835\udde3\ud835\udde6 \ud835\udde6\ud835\udde8\ud835\uddd5\ud835\udfed\ud835\udff0. Aquest cap de setmana l\u2019equip mascul\u00ed sub14 es va classificar per al campionat auton\u00f2mic per equips. En una bona jornada d\u2019atletisme, Joel Sanjuan, Alberto Silvente, Joan carri\u00f3, Aaron Sanchis, Josep Regal, Alvaro Mengual, Alvaro Oltra e Ismail Allali vam realitzar dues proves cada u per aconseguir els m\u00e0xims punts possibles. [&hellip;]<\/p>\n","protected":false},"author":2,"featured_media":7603,"comment_status":"open","ping_status":"open","sticky":false,"template":"","format":"standard","meta":{"footnotes":""},"categories":[1],"tags":[],"class_list":["post-7602","post","type-post","status-publish","format-standard","has-post-thumbnail","hentry","category-esports-alzira"],"featured_image_src":{"landsacpe":["https:\/\/esportsmunicipalsalzira.com\/wp-content\/uploads\/2024\/05\/442476229_987204923409325_7329540591659632882_n-960x445.jpg",960,445,true],"list":["https:\/\/esportsmunicipalsalzira.com\/wp-content\/uploads\/2024\/05\/442476229_987204923409325_7329540591659632882_n-463x348.jpg",463,348,true],"medium":["https:\/\/esportsmunicipalsalzira.com\/wp-content\/uploads\/2024\/05\/442476229_987204923409325_7329540591659632882_n-300x182.jpg",300,182,true],"full":["https:\/\/esportsmunicipalsalzira.com\/wp-content\/uploads\/2024\/05\/442476229_987204923409325_7329540591659632882_n.jpg",960,581,false]},"_links":{"self":[{"href":"https:\/\/esportsmunicipalsalzira.com\/es\/wp-json\/wp\/v2\/posts\/7602","targetHints":{"allow":["GET"]}}],"collection":[{"href":"https:\/\/esportsmunicipalsalzira.com\/es\/wp-json\/wp\/v2\/posts"}],"about":[{"href":"https:\/\/esportsmunicipalsalzira.com\/es\/wp-json\/wp\/v2\/types\/post"}],"author":[{"embeddable":true,"href":"https:\/\/esportsmunicipalsalzira.com\/es\/wp-json\/wp\/v2\/users\/2"}],"replies":[{"embeddable":true,"href":"https:\/\/esportsmunicipalsalzira.com\/es\/wp-json\/wp\/v2\/comments?post=7602"}],"version-history":[{"count":0,"href":"https:\/\/esportsmunicipalsalzira.com\/es\/wp-json\/wp\/v2\/posts\/7602\/revisions"}],"wp:featuredmedia":[{"embeddable":true,"href":"https:\/\/esportsmunicipalsalzira.com\/es\/wp-json\/wp\/v2\/media\/7603"}],"wp:attachment":[{"href":"https:\/\/esportsmunicipalsalzira.com\/es\/wp-json\/wp\/v2\/media?parent=7602"}],"wp:term":[{"taxonomy":"category","embeddable":true,"href":"https:\/\/esportsmunicipalsalzira.com\/es\/wp-json\/wp\/v2\/categories?post=7602"},{"taxonomy":"post_tag","embeddable":true,"href":"https:\/\/esportsmunicipalsalzira.com\/es\/wp-json\/wp\/v2\/tags?post=7602"}],"curies":[{"name":"wp","href":"https:\/\/api.w.org\/{rel}","templated":true}]}}