{"id":7656,"date":"2024-06-10T17:49:44","date_gmt":"2024-06-10T15:49:44","guid":{"rendered":"https:\/\/esportsmunicipalsalzira.com\/%f0%9d%90%82%f0%9d%90%80%f0%9d%90%8c%f0%9d%90%8f%f0%9d%90%88%f0%9d%90%8e%f0%9d%90%8d%f0%9d%90%80%f0%9d%90%93-%f0%9d%90%8f%f0%9d%90%91%f0%9d%90%8e%f0%9d%90%95%f0%9d%90%88%f0%9d%90%8d%f0%9d%90%82\/"},"modified":"2024-06-10T17:49:44","modified_gmt":"2024-06-10T15:49:44","slug":"%f0%9d%90%82%f0%9d%90%80%f0%9d%90%8c%f0%9d%90%8f%f0%9d%90%88%f0%9d%90%8e%f0%9d%90%8d%f0%9d%90%80%f0%9d%90%93-%f0%9d%90%8f%f0%9d%90%91%f0%9d%90%8e%f0%9d%90%95%f0%9d%90%88%f0%9d%90%8d%f0%9d%90%82","status":"publish","type":"post","link":"https:\/\/esportsmunicipalsalzira.com\/es\/%f0%9d%90%82%f0%9d%90%80%f0%9d%90%8c%f0%9d%90%8f%f0%9d%90%88%f0%9d%90%8e%f0%9d%90%8d%f0%9d%90%80%f0%9d%90%93-%f0%9d%90%8f%f0%9d%90%91%f0%9d%90%8e%f0%9d%90%95%f0%9d%90%88%f0%9d%90%8d%f0%9d%90%82\/","title":{"rendered":"\ud835\udc02\ud835\udc00\ud835\udc0c\ud835\udc0f\ud835\udc08\ud835\udc0e\ud835\udc0d\ud835\udc00\ud835\udc13 \ud835\udc0f\ud835\udc11\ud835\udc0e\ud835\udc15\ud835\udc08\ud835\udc0d\ud835\udc02\ud835\udc08\ud835\udc00\ud835\udc0b \ud835\udc0f\ud835\udc04\ud835\udc11 \ud835\udc04\ud835\udc10 \ud835\udc14\ud835\udc01\ud835\udfcf\ud835\udfd4 Este fin de semana se ha disputado en X\u00e0tiva el campeonato provincial por equipos e"},"content":{"rendered":"<p><br \/>\n\ud835\udc02\ud835\udc00\ud835\udc0c\ud835\udc0f\ud835\udc08\ud835\udc0e\ud835\udc0d\ud835\udc00\ud835\udc13 \ud835\udc0f\ud835\udc11\ud835\udc0e\ud835\udc15\ud835\udc08\ud835\udc0d\ud835\udc02\ud835\udc08\ud835\udc00\ud835\udc0b \ud835\udc0f\ud835\udc04\ud835\udc11 \ud835\udc04\ud835\udc10 \ud835\udc14\ud835\udc01\ud835\udfcf\ud835\udfd4<\/p>\n<p>Este fin de semana se ha disputado en X\u00e0tiva el campeonato provincial por equipos en categor\u00eda SUB16.<\/p>\n<p>Presentamos equipo masculino con: Victor Rosa, Alex Sangil, Jezer Pla, Andreu Sangros, Dani Gonz\u00e1lez y Marcos Sangil.<br \/>\nTodos realizaron dos pruebas, consiguiendo la SEXTA POSICI\u00d3N PROVINCIAL.<\/p>\n<p>Adem\u00e1s, Carolina Salvador realiz\u00f3 control de 1000ml<\/p>\n<p>Enhorabuena!!!<\/p>\n<p>#clinicaALEJANDROSANZ #calarabosa #saludintegrativa Servicio Municipal de Deportes Alzira<\/p>\n<p><a href=\"https:\/\/esportsmunicipalsalzira.com\/wp-content\/uploads\/2024\/06\/448053537_996563315806819_7679725726369458461_n.jpg\"><img decoding=\"async\" class=\"wp_automatic_fb_img\" title=\"\" src=\"https:\/\/esportsmunicipalsalzira.com\/wp-content\/uploads\/2024\/06\/448053537_996563315806819_7679725726369458461_n.jpg\" \/><\/a><br \/><a href=\"https:\/\/esportsmunicipalsalzira.com\/wp-content\/uploads\/2024\/06\/448230216_996565112473306_2348250901196874698_n.jpg\"><img decoding=\"async\" class=\"wp_automatic_fb_img\" title=\"\" src=\"https:\/\/esportsmunicipalsalzira.com\/wp-content\/uploads\/2024\/06\/448230216_996565112473306_2348250901196874698_n.jpg\" \/><\/a><br \/><a href=\"https:\/\/esportsmunicipalsalzira.com\/wp-content\/uploads\/2024\/06\/448187227_996565342473283_1379327013630423090_n.jpg\"><img decoding=\"async\" class=\"wp_automatic_fb_img\" title=\"\" src=\"https:\/\/esportsmunicipalsalzira.com\/wp-content\/uploads\/2024\/06\/448187227_996565342473283_1379327013630423090_n.jpg\" \/><\/a><br \/><a href=\"https:\/\/esportsmunicipalsalzira.com\/wp-content\/uploads\/2024\/06\/448220249_996565169139967_2370327610199223804_n.jpg\"><img decoding=\"async\" class=\"wp_automatic_fb_img\" title=\"\" src=\"https:\/\/esportsmunicipalsalzira.com\/wp-content\/uploads\/2024\/06\/448220249_996565169139967_2370327610199223804_n.jpg\" \/><\/a><br \/><a href=\"https:\/\/esportsmunicipalsalzira.com\/wp-content\/uploads\/2024\/06\/448220863_996565132473304_3854484596371752796_n.jpg\"><img decoding=\"async\" class=\"wp_automatic_fb_img\" title=\"\" src=\"https:\/\/esportsmunicipalsalzira.com\/wp-content\/uploads\/2024\/06\/448220863_996565132473304_3854484596371752796_n.jpg\" \/><\/a><br \/>\n<br \/>\n<br \/><a href=\"https:\/\/www.facebook.com\/100063537194811\/posts\/1001443005316930\">source<\/a>  <\/p>","protected":false},"excerpt":{"rendered":"<p>\ud835\udc02\ud835\udc00\ud835\udc0c\ud835\udc0f\ud835\udc08\ud835\udc0e\ud835\udc0d\ud835\udc00\ud835\udc13 \ud835\udc0f\ud835\udc11\ud835\udc0e\ud835\udc15\ud835\udc08\ud835\udc0d\ud835\udc02\ud835\udc08\ud835\udc00\ud835\udc0b \ud835\udc0f\ud835\udc04\ud835\udc11 \ud835\udc04\ud835\udc10\ud835\udc14\ud835\udc08\ud835\udc0f\ud835\udc12 \ud835\udc12\ud835\udc14\ud835\udc01\ud835\udfcf\ud835\udfd4 Aquest cap de setmana s\u2019ha disputat a X\u00e0tiva el campionat provincial per equips en categoria SUB16. Vam presentar equip mascul\u00ed amb: Victor Rosa, Alex Sangil, Jezer Pla, Andreu Sangros, Dani Gonz\u00e1lez i Marcos Sangil. Tots realitzaren dos proves, aconseguint la SISENA POSICI\u00d3 PROVINCIAL. A m\u00e9s, Carolina Salvador va realitzar control [&hellip;]<\/p>\n","protected":false},"author":2,"featured_media":7657,"comment_status":"open","ping_status":"open","sticky":false,"template":"","format":"standard","meta":{"footnotes":""},"categories":[1],"tags":[],"class_list":["post-7656","post","type-post","status-publish","format-standard","has-post-thumbnail","hentry","category-esports-alzira"],"featured_image_src":{"landsacpe":["https:\/\/esportsmunicipalsalzira.com\/wp-content\/uploads\/2024\/06\/448053537_996563315806819_7679725726369458461_n-960x445.jpg",960,445,true],"list":["https:\/\/esportsmunicipalsalzira.com\/wp-content\/uploads\/2024\/06\/448053537_996563315806819_7679725726369458461_n-463x348.jpg",463,348,true],"medium":["https:\/\/esportsmunicipalsalzira.com\/wp-content\/uploads\/2024\/06\/448053537_996563315806819_7679725726369458461_n-300x182.jpg",300,182,true],"full":["https:\/\/esportsmunicipalsalzira.com\/wp-content\/uploads\/2024\/06\/448053537_996563315806819_7679725726369458461_n.jpg",960,581,false]},"_links":{"self":[{"href":"https:\/\/esportsmunicipalsalzira.com\/es\/wp-json\/wp\/v2\/posts\/7656","targetHints":{"allow":["GET"]}}],"collection":[{"href":"https:\/\/esportsmunicipalsalzira.com\/es\/wp-json\/wp\/v2\/posts"}],"about":[{"href":"https:\/\/esportsmunicipalsalzira.com\/es\/wp-json\/wp\/v2\/types\/post"}],"author":[{"embeddable":true,"href":"https:\/\/esportsmunicipalsalzira.com\/es\/wp-json\/wp\/v2\/users\/2"}],"replies":[{"embeddable":true,"href":"https:\/\/esportsmunicipalsalzira.com\/es\/wp-json\/wp\/v2\/comments?post=7656"}],"version-history":[{"count":0,"href":"https:\/\/esportsmunicipalsalzira.com\/es\/wp-json\/wp\/v2\/posts\/7656\/revisions"}],"wp:featuredmedia":[{"embeddable":true,"href":"https:\/\/esportsmunicipalsalzira.com\/es\/wp-json\/wp\/v2\/media\/7657"}],"wp:attachment":[{"href":"https:\/\/esportsmunicipalsalzira.com\/es\/wp-json\/wp\/v2\/media?parent=7656"}],"wp:term":[{"taxonomy":"category","embeddable":true,"href":"https:\/\/esportsmunicipalsalzira.com\/es\/wp-json\/wp\/v2\/categories?post=7656"},{"taxonomy":"post_tag","embeddable":true,"href":"https:\/\/esportsmunicipalsalzira.com\/es\/wp-json\/wp\/v2\/tags?post=7656"}],"curies":[{"name":"wp","href":"https:\/\/api.w.org\/{rel}","templated":true}]}}