{"id":7673,"date":"2024-06-07T21:01:17","date_gmt":"2024-06-07T19:01:17","guid":{"rendered":"https:\/\/esportsmunicipalsalzira.com\/la-vi-edicion-del-memorial-nacho-barbera-esta-a-la-vuelta-de-la-esquina-7-futbol-y-solidaridad-en-un-mismo-e\/"},"modified":"2024-06-07T21:01:17","modified_gmt":"2024-06-07T19:01:17","slug":"la-vi-edicion-del-memorial-nacho-barbera-esta-a-la-vuelta-de-la-esquina-7-futbol-y-solidaridad-en-un-mismo-e","status":"publish","type":"post","link":"https:\/\/esportsmunicipalsalzira.com\/es\/la-vi-edicion-del-memorial-nacho-barbera-esta-a-la-vuelta-de-la-esquina-7-futbol-y-solidaridad-en-un-mismo-e\/","title":{"rendered":"La VI edici\u00f3n del Memorial Nacho Barber\u00e1 est\u00e1 a la vuelta de la esquina. 7\u20e3 F\u00fatbol y Solidaridad en un mismo e"},"content":{"rendered":"<p><br \/>\n<img decoding=\"async\"  title=\"\" src=\"https:\/\/esportsmunicipalsalzira.com\/wp-content\/uploads\/2024\/06\/438143678_1818572071961067_7259450655229498583_n.jpg\" \/><\/a><\/p>\n<p>\u26bd\ufe0f La VI edici\u00f3n del Memorial Nacho Barber\u00e1 est\u00e1 a la vuelta de la esquina. <br \/> 7\ufe0f\u20e3\ud83d\udc99 F\u00fatbol y Solidaridad en un mismo espacio.<br \/> \ud83d\udc49\ud83c\udffbTu presencia es muy importante.<br \/> \ud83d\udcc5 14-15-16 de junio<br \/> \ud83c\udfdf Camp d&#8217;esports Ven\u00e8cia (Alzira)<\/p>\n<div id=\"fb-root\"><\/div><script>window.fbAsyncInit = function() {FB.init({appId      : '',xfbml      : true,version    : 'v2.5'});var my_video_player;FB.Event.subscribe('xfbml.ready', function(msg) {if (msg.type === 'video') {my_video_player = msg.instance; my_video_player.unmute();}});};(function(d, s, id) {  var js, fjs = d.getElementsByTagName(s)[0];  if (d.getElementById(id)) return;  js = d.createElement(s); js.id = id;  js.src = \"\/\/connect.facebook.net\/en_US\/sdk.js#xfbml=1&version=v2.3\";  fjs.parentNode.insertBefore(js, fjs);}(document, 'script', 'facebook-jssdk'));  <\/script><div class=\"fb-video\"    data-autoplay=\"false\" data-width=\"500\" data-allowfullscreen=\"true\" data-href=\"https:\/\/www.facebook.com\/video.php?v=1207922140623048&set=vb.500808182&type=1\"><div class=\"fb-xfbml-parse-ignore\"><\/div><\/div>\n\n\n\t\n\n<br \/>\n<br \/>\n<br \/><a href=\"https:\/\/www.facebook.com\/100063537194811\/posts\/1002123151915582\">Source<\/a>  <\/p>\n","protected":false},"excerpt":{"rendered":"<p>\u26bd\ufe0f La VI edici\u00f3n del Memorial Nacho Barber\u00e1 est\u00e1 a la vuelta de la esquina. 7\ufe0f\u20e3\ud83d\udc99 F\u00fatbol y Solidaridad en un mismo espacio. \ud83d\udc49\ud83c\udffbTu presencia es muy importante. \ud83d\udcc5 14-15-16 de junio \ud83c\udfdf Camp d&#8217;esports Ven\u00e8cia (Alzira) Source<\/p>","protected":false},"author":2,"featured_media":7674,"comment_status":"open","ping_status":"open","sticky":false,"template":"","format":"standard","meta":{"footnotes":""},"categories":[1],"tags":[],"class_list":["post-7673","post","type-post","status-publish","format-standard","has-post-thumbnail","hentry","category-esports-alzira"],"featured_image_src":{"landsacpe":["https:\/\/esportsmunicipalsalzira.com\/wp-content\/uploads\/2024\/06\/438143678_1818572071961067_7259450655229498583_n-320x445.jpg",320,445,true],"list":["https:\/\/esportsmunicipalsalzira.com\/wp-content\/uploads\/2024\/06\/438143678_1818572071961067_7259450655229498583_n-320x348.jpg",320,348,true],"medium":["https:\/\/esportsmunicipalsalzira.com\/wp-content\/uploads\/2024\/06\/438143678_1818572071961067_7259450655229498583_n-167x300.jpg",167,300,true],"full":["https:\/\/esportsmunicipalsalzira.com\/wp-content\/uploads\/2024\/06\/438143678_1818572071961067_7259450655229498583_n.jpg",320,576,false]},"_links":{"self":[{"href":"https:\/\/esportsmunicipalsalzira.com\/es\/wp-json\/wp\/v2\/posts\/7673","targetHints":{"allow":["GET"]}}],"collection":[{"href":"https:\/\/esportsmunicipalsalzira.com\/es\/wp-json\/wp\/v2\/posts"}],"about":[{"href":"https:\/\/esportsmunicipalsalzira.com\/es\/wp-json\/wp\/v2\/types\/post"}],"author":[{"embeddable":true,"href":"https:\/\/esportsmunicipalsalzira.com\/es\/wp-json\/wp\/v2\/users\/2"}],"replies":[{"embeddable":true,"href":"https:\/\/esportsmunicipalsalzira.com\/es\/wp-json\/wp\/v2\/comments?post=7673"}],"version-history":[{"count":0,"href":"https:\/\/esportsmunicipalsalzira.com\/es\/wp-json\/wp\/v2\/posts\/7673\/revisions"}],"wp:featuredmedia":[{"embeddable":true,"href":"https:\/\/esportsmunicipalsalzira.com\/es\/wp-json\/wp\/v2\/media\/7674"}],"wp:attachment":[{"href":"https:\/\/esportsmunicipalsalzira.com\/es\/wp-json\/wp\/v2\/media?parent=7673"}],"wp:term":[{"taxonomy":"category","embeddable":true,"href":"https:\/\/esportsmunicipalsalzira.com\/es\/wp-json\/wp\/v2\/categories?post=7673"},{"taxonomy":"post_tag","embeddable":true,"href":"https:\/\/esportsmunicipalsalzira.com\/es\/wp-json\/wp\/v2\/tags?post=7673"}],"curies":[{"name":"wp","href":"https:\/\/api.w.org\/{rel}","templated":true}]}}