{"id":7675,"date":"2024-06-11T17:45:08","date_gmt":"2024-06-11T15:45:08","guid":{"rendered":"https:\/\/esportsmunicipalsalzira.com\/una-plata-y-dos-bronces-estatales-para-la-haltera-de-alzira-alba-sanchez\/"},"modified":"2024-06-11T17:45:08","modified_gmt":"2024-06-11T15:45:08","slug":"una-plata-y-dos-bronces-estatales-para-la-haltera-de-alzira-alba-sanchez","status":"publish","type":"post","link":"https:\/\/esportsmunicipalsalzira.com\/es\/una-plata-y-dos-bronces-estatales-para-la-haltera-de-alzira-alba-sanchez\/","title":{"rendered":"Una plata y dos bronces estatales para la haltera de Alzira Alba S\u00e1nchez"},"content":{"rendered":"<p>\ud83c\udfcb\ufe0f\u200d\u2640\ufe0f La levantadora alzire\u00f1a ampl\u00eda su palmar\u00e9s y se afianza de nuevo entre las mejores del pa\u00eds<\/p>\n<p><a href=\"https:\/\/www.levante-emv.com\/ribera\/2024\/06\/11\/plata-bronces-estatales-alzira-alba-sanchez-103652166.html?fbclid=IwZXh0bgNhZW0CMTEAAR1W4YCXc7wvffNzg1AsEo_5xBbIAhdnWO5_1qnEpT8lXC5kaj53HqYkkb4_aem_AbxEOisydvzGEy0C_Uk5s1nvha24Z-7ciVmVCpdFe1uo6EJ4zgBPh5Yw7bPI29TIImrX5FMFWtMBeaxAMcU0S1zf\"><img decoding=\"async\" title=\"Una plata y dos bronces estatales para la haltera de Alzira Alba S\u00e1nchez\" src=\"https:\/\/esportsmunicipalsalzira.com\/wp-content\/uploads\/2024\/06\/10622523136418875595\" \/><\/a> <\/p>\n<p><a href=\"https:\/\/www.levante-emv.com\/ribera\/2024\/06\/11\/plata-bronces-estatales-alzira-alba-sanchez-103652166.html?fbclid=IwZXh0bgNhZW0CMTEAAR1W4YCXc7wvffNzg1AsEo_5xBbIAhdnWO5_1qnEpT8lXC5kaj53HqYkkb4_aem_AbxEOisydvzGEy0C_Uk5s1nvha24Z-7ciVmVCpdFe1uo6EJ4zgBPh5Yw7bPI29TIImrX5FMFWtMBeaxAMcU0S1zf\">Una plata y dos bronces estatales para la haltera de Alzira Alba S\u00e1nchez<\/a><\/p>\n<p><br \/>\n<br \/><a href=\"https:\/\/www.facebook.com\/100063537194811\/posts\/1002116645249566\">source<\/a>  <\/p>","protected":false},"excerpt":{"rendered":"<p>\ud83c\udfcb\ufe0f\u200d\u2640\ufe0f La levantadora alzire\u00f1a ampl\u00eda su palmar\u00e9s y se afianza de nuevo entre las mejores del pa\u00eds Una plata y dos bronces estatales para la haltera de Alzira Alba S\u00e1nchez Source<\/p>","protected":false},"author":2,"featured_media":7676,"comment_status":"open","ping_status":"open","sticky":false,"template":"","format":"standard","meta":{"footnotes":""},"categories":[1],"tags":[],"class_list":["post-7675","post","type-post","status-publish","format-standard","has-post-thumbnail","hentry","category-esports-alzira"],"featured_image_src":{"landsacpe":["https:\/\/esportsmunicipalsalzira.com\/wp-content\/uploads\/2024\/06\/10622523136418875595-1000x445.jpeg",1000,445,true],"list":["https:\/\/esportsmunicipalsalzira.com\/wp-content\/uploads\/2024\/06\/10622523136418875595-463x348.jpeg",463,348,true],"medium":["https:\/\/esportsmunicipalsalzira.com\/wp-content\/uploads\/2024\/06\/10622523136418875595-300x157.jpeg",300,157,true],"full":["https:\/\/esportsmunicipalsalzira.com\/wp-content\/uploads\/2024\/06\/10622523136418875595.jpeg",1000,522,false]},"_links":{"self":[{"href":"https:\/\/esportsmunicipalsalzira.com\/es\/wp-json\/wp\/v2\/posts\/7675","targetHints":{"allow":["GET"]}}],"collection":[{"href":"https:\/\/esportsmunicipalsalzira.com\/es\/wp-json\/wp\/v2\/posts"}],"about":[{"href":"https:\/\/esportsmunicipalsalzira.com\/es\/wp-json\/wp\/v2\/types\/post"}],"author":[{"embeddable":true,"href":"https:\/\/esportsmunicipalsalzira.com\/es\/wp-json\/wp\/v2\/users\/2"}],"replies":[{"embeddable":true,"href":"https:\/\/esportsmunicipalsalzira.com\/es\/wp-json\/wp\/v2\/comments?post=7675"}],"version-history":[{"count":0,"href":"https:\/\/esportsmunicipalsalzira.com\/es\/wp-json\/wp\/v2\/posts\/7675\/revisions"}],"wp:featuredmedia":[{"embeddable":true,"href":"https:\/\/esportsmunicipalsalzira.com\/es\/wp-json\/wp\/v2\/media\/7676"}],"wp:attachment":[{"href":"https:\/\/esportsmunicipalsalzira.com\/es\/wp-json\/wp\/v2\/media?parent=7675"}],"wp:term":[{"taxonomy":"category","embeddable":true,"href":"https:\/\/esportsmunicipalsalzira.com\/es\/wp-json\/wp\/v2\/categories?post=7675"},{"taxonomy":"post_tag","embeddable":true,"href":"https:\/\/esportsmunicipalsalzira.com\/es\/wp-json\/wp\/v2\/tags?post=7675"}],"curies":[{"name":"wp","href":"https:\/\/api.w.org\/{rel}","templated":true}]}}