{"id":7699,"date":"2024-06-18T15:02:30","date_gmt":"2024-06-18T13:02:30","guid":{"rendered":"https:\/\/esportsmunicipalsalzira.com\/monica-carrio-va-a-participar-per-segona-volta-en-uns-jocs-olimpics-sera-com-a-jutgessa-internacional-dhalterofilia-e\/"},"modified":"2024-06-18T15:02:30","modified_gmt":"2024-06-18T13:02:30","slug":"monica-carrio-va-a-participar-per-segona-volta-en-uns-jocs-olimpics-sera-com-a-jutgessa-internacional-dhalterofilia-e","status":"publish","type":"post","link":"https:\/\/esportsmunicipalsalzira.com\/es\/monica-carrio-va-a-participar-per-segona-volta-en-uns-jocs-olimpics-sera-com-a-jutgessa-internacional-dhalterofilia-e\/","title":{"rendered":"M\u00f3nica Carri\u00f3 va a participar por segunda vuelta en unos Juegos Ol\u00edmpicos. Ser\u00e1 como juez internacional de halterofilia. \u00c9"},"content":{"rendered":"<p><span>M\u00f3nica Carri\u00f3 va a participar por segunda vuelta en unos Juegos Ol\u00edmpicos. Ser\u00e1 como juez internacional de halterofilia.<\/span><wbr><\/wbr><span class=\"word_break\"><\/span> Es la primera persona espa\u00f1ola que lo hace en ambas facetas.<\/p>\n<p><\/p>\n<p> <a href=\"https:\/\/lm.facebook.com\/l.php?u=https%3A%2F%2Falziraradio.com%2Fmonica-carrio-olimpica-segona-vegada%2F%3Ffbclid%3DIwZXh0bgNhZW0CMTEAAR16R_Yl0EBARMAp3zXo_t6vA6B7snO_vFKp-50W1eqZfGitm3TxunMTND4_aem_ZmFrZWR1bW15MTZieXRlcw&amp;h=AT1HRM-wZt5Tg4fEcrn-263oF5yZ7qKobn2s3JYkdnKcPs_KWXbCTG5bz8OPl9mYBkPS-qmT8tnbHv4QRhQUqmbSnGjPbSutIiaSi0S4VXlgNepyPKVi4w8rMxNT53ZZGWzqi29A39FKAJpG1w0gAV7aD9tVbEep6OEIL5GjrVgOdXDscGO7m3O818Kx7mhGIV8I9coVUr8xhF7TnZApT6_FguJjCA1HzvCeH_SNP4_l3SdvQJ7Iu-q4DI3jySQwltCffkYFrYni3prymmHPgJAH8HkiGEldC1s-P-75DULEWYV--rZWT-7_sraPZSZBu9Luozg-8OTgXTH6DqX6oas_D8YK4_02-ppDqYio-NtX5LwXYlDSibcxAcpYKD5zhSPHm2baSLuVWFB5PY3F1zLmsSC59umJ8AuxLHWFkFbnsWkiLl-2jd82K62aG_imnjTihx67f2odwvX-lrCBzlIilnBsFqIYUxsMnCadrQl5XNusdlmyd9e_JbibG5Iu9UP05bTn_wCa8KG21Vfp2cEe83vUvxxflvlnFes-G6Fa7S-NRrIn48i7ytl6MMe88fF-xdUp2NYZpF9tu4hxuaTZjwRF_8GjFs-F9QOEuQjUWtW7bHK1T_bzXVRUZI4H0pxq79MXK2KDlvy6WL6lXWSvpQhag2mp5L-_KyG6e7wcHcBmM1Mwf16oSG8hKI7Po7Q3ySHwyVZqtiuYhmJhVvkJv7TcfUxHMZ2_duEQlPOYcul75WOc43OkiBLAN9fDIVJr_yXh5Q8aT6e2CKZiwq7TbXA2BWJg_MSFx85yj8ItLJEwArpVM87WsIEJDmTsbt9GYUGnZ4KUcIeytYnhk4T-LXdI0IIUji8X2mEIwi5xfd3vR_xIqigl4gzY9IIUrE6x6_mag9LqL54O5wCGW_0IMf3zBLE-KlIL-0u6rjU5vClBa1xARzyA1wp4PH8k89eFVo39GPQafyiOIPpDLgjG6klcrkcgZuuVbrBC0qDG_XSzk2KhByHkaawpN7A2q2CowLCFXshQh_LcI_VobXrR508vZSWgGQWm7GmdFSA5YDL5XFGC6goRu7fdtb5v3vVPZjshya8w1yJjVEbiGtpA29tcKT_aqhyN5BBjX-jYZwf4CJ_ZH-Gf8eFY7-N3aKfC250FY_sFJbui-h0PHUW9rHyNT7wpm96AGyortZkzp-kb_nbSu5YzufDMV5-dfMFrqpUy3xawB0JormBA1kbGaIha0SbINFv9apPpRtgiJqY4jo7Y2bRFUvCTJQZn5Ohjz5rMT-bKG6SLep_PoYxAybvkMBm9X5gktLMzw7tS_kga36qbR4KB5Y_ew7sD9Rn0H6q_LgwWPTOhp6QVTSMjd4Ox7vHhJKFF3PFUmUrgNqJnPSt7JwqDIyNt2gbTV4wKBRJvgC1nN6p1rgZFmKbbLc19XSMvl486DsdeUxcsrO9eQ15DAqrJGmWoQij5UKt1_RF3lJwqw1ppaKVH-KHlwkME-bSA9MVDiHOb1oQI4TG1AQ0mET3cmrprJ244X8IwA8ZogvqAd5gtqF4tGAvmLeMg9MoyXVE4lF2zNXqfc0RHT_A1aYOziMQHcV2XYjoIo4xy2zaRKepiK9uJ9OWpcOtcZIm1qDoumdSi57S8yx9o1O5cP3CKyz1qqUST18MTPuGDMUyNbyPp_eskbQqsvmp1qfhvJK9YYTrbpzkjHL5reqVVh-XlJihcfRANmOfV6_tRLSqOWMWhtLvsD3SrrhfMmyhcX1hTAwGQQ2OBhcSiJdBaF_lYmvXPZg__uXC5Bocz8zEUzLdua30GRBV_318DcMSawgULtuJ1H9YQf8-LudgyRU6bFy-joaw-nzB5gAqw_hB-1-v6a_o50XxHxawc0ZXG3n3-BYRMnx2UDeDlXJdgvVGBPjK_NMHGtOyf0521JA9Fhm5YhYkKgLqlgkNOKSNiXretYOfshpTVQs1fyj9zCk7OgE6UiYHZVFMlnqluqT10rWDanUL1-ybtucMLHjnD__EtG74eE701o0Gh_rtPXFnjT__D97sZHG3FPiv3jA8usTFLbmwt9-zb6XYd-d8K1ZSUrGWEfS_hPRFkHhN0NNSYRo0TZlzsQUKXZvDX7Lx1KdFw7sDl75CCDkrQLzJitzgawyRUFLCy152Q_vmCJsS8i1smDd-UGw4OCHcRQCugfPrnPejpYseHuxanmbTrXv3WyLD3PjufE5OnebEdbSikQIBkCO4r7kmjlWIyDuLSN3_rkfkE4mtPzB8mUdjBMPpNQ3jHxU-4EhhF_uYGo25jxksy4NXqJsq7gljSdsYUFHfKtUHZzdXGaxWdNg4iEz194N7YYPrXAG4qITu9MXkopfwRf0x-NwlbMZCXJQf_I8itIaWv8sAsc2gTAGjllzUM6PtrZyEs8Zz01nsS55PfFhrlK1Ct1ekK4wxxKq2OJwe63vCFqALOaesCmgqhSzFevynlwZFRp0HZhveGgPhtew0PQ_h9_9WWwQSI9aFWPG89EvdVIWrZh9183UCsI55BLod3y1lcUEj36obmNICtQ4s-eGNFlIe9NlRpYyugvbRcY8TDYntnmZvSBPmnyIjhFK47lsYQ2RGUNoPI4Xu4LYx-kuv-HEfWkn82ihwakdCabpJfwaq4r9z0adVMDJXNWu_PbaGt5EiBJmmJKxYb5KGz_ibZ1YSsB4aA3_Y-9rGuF_Wc2ZtY3y_yOwXoybjqcH5pSZ0le4yZLQd-8y-R6zXHAj_seujq_bE_CoOLnOftwtWQTFNqAjrE65dcQ_oFEUHmF5pSIm3-BD1PsXK2YXnkSH_kOVxDd80QSWpPQyYOLyAQchJXIdmBYItMi7hyL3_enaFpPfqHTSmdpS1Q5ab0GaM2A-0O768WPM8Ez5UiWFhPjwWJBnBEbN6I6I6qX0REvl-k_KVwGkmsvfNbnXWJz8BLNFh5kP8ZN5TmP57GAk9SOvaTKSKSxVRMU4I_SWOQ9FaBfFWHcWUCHwXF8oxIUJ5p10XO-WcRFbpcx-MOCsYzlz6L7PRKBCEbUyicOcD-d3I7IinpeAeqME6s6X0MGm86QsML0m5e3eLibWUSSHeuxP9Lnz-cNRynGn-7n2ZbKLbyp3RY0C7NqQfwwuOQ5cKkfJopaAMyOCk9Y1Ci9E68C75L5b7sLxm7_lCHpXsRqxXF-hIGdjVnP3t0bDrTkqutFkM1fH8O_Mux4WprKYFSeTEByqcKPEjn2xAgd8cX1qyBVdThrvrsqdrptB7C1F9Bv0oazU2SBKvI3fznLikqp8FsWSGJSDuuUma9xzsA6jqKOjBdu3ojC933P0PrE0D1my7_Qt2vj4dyV3Q2BdmQ6ItiT-gsURiREHopY7R-B1-P221-EQ1iqhD3WLD9Z6tXtGm9fk_KQiUnXcO_5vBg2HkPBo9CdxsZjZHUpwm-ciSSCNsKzbYKMcqmn1m5OTuv6GZyBEjJrPIGQ3ntb4KtwrV_2ZRW858r3j4\" target=\"_blank\" rel=\"noreferrer noopener\"><span>https:\/\/<\/span><wbr><\/wbr><span class=\"word_break\"><\/span><span>alziraradio.com\/<\/span><wbr><\/wbr><span class=\"word_break\"><\/span><span>monica-carrio-ol<\/span><wbr><\/wbr><span class=\"word_break\"><\/span><span>impica-segunda-v<\/span><wbr><\/wbr><span class=\"word_break\"><\/span>egada\/<\/a><\/p>\n<p><a href=\"https:\/\/alziraradio.com\/monica-carrio-olimpica-segona-vegada\/?fbclid=IwZXh0bgNhZW0CMTEAAR16R_Yl0EBARMAp3zXo_t6vA6B7snO_vFKp-50W1eqZfGitm3TxunMTND4_aem_ZmFrZWR1bW15MTZieXRlcw\"><img loading=\"lazy\" decoding=\"async\" src=\"https:\/\/esportsmunicipalsalzira.com\/wp-content\/uploads\/2024\/06\/448609308_966028728865056_1839157241682502419_n.jpg\" width=\"200\" height=\"200\" class=\"x\" alt=\"Puede ser una imagen de 1 persona y texto\"><\/a> <\/p>\n<p><a href=\"https:\/\/alziraradio.com\/monica-carrio-olimpica-segona-vegada\/?fbclid=IwZXh0bgNhZW0CMTEAAR16R_Yl0EBARMAp3zXo_t6vA6B7snO_vFKp-50W1eqZfGitm3TxunMTND4_aem_ZmFrZWR1bW15MTZieXRlcw\"><\/a><\/p>\n<p><br \/>\n<br \/><a href=\"https:\/\/www.facebook.com\/100063537194811\/posts\/1006546384806592\">source<\/a>  <\/p>","protected":false},"excerpt":{"rendered":"<p>M\u00f3nica Carri\u00f3 va a participar per segona volta en uns Jocs Ol\u00edmpics. Ser\u00e0 com a jutgessa internacional d&#8217;halterof\u00edlia. \u00c9s la primera persona espanyola que ho fa en les dos facetes. https:\/\/alziraradio.com\/monica-carrio-olimpica-segona-vegada\/ Source<\/p>","protected":false},"author":2,"featured_media":7700,"comment_status":"open","ping_status":"open","sticky":false,"template":"","format":"standard","meta":{"footnotes":""},"categories":[1],"tags":[],"class_list":["post-7699","post","type-post","status-publish","format-standard","has-post-thumbnail","hentry","category-esports-alzira"],"featured_image_src":{"landsacpe":["https:\/\/esportsmunicipalsalzira.com\/wp-content\/uploads\/2024\/06\/448609308_966028728865056_1839157241682502419_n.jpg",206,206,false],"list":["https:\/\/esportsmunicipalsalzira.com\/wp-content\/uploads\/2024\/06\/448609308_966028728865056_1839157241682502419_n.jpg",206,206,false],"medium":["https:\/\/esportsmunicipalsalzira.com\/wp-content\/uploads\/2024\/06\/448609308_966028728865056_1839157241682502419_n.jpg",206,206,false],"full":["https:\/\/esportsmunicipalsalzira.com\/wp-content\/uploads\/2024\/06\/448609308_966028728865056_1839157241682502419_n.jpg",206,206,false]},"_links":{"self":[{"href":"https:\/\/esportsmunicipalsalzira.com\/es\/wp-json\/wp\/v2\/posts\/7699","targetHints":{"allow":["GET"]}}],"collection":[{"href":"https:\/\/esportsmunicipalsalzira.com\/es\/wp-json\/wp\/v2\/posts"}],"about":[{"href":"https:\/\/esportsmunicipalsalzira.com\/es\/wp-json\/wp\/v2\/types\/post"}],"author":[{"embeddable":true,"href":"https:\/\/esportsmunicipalsalzira.com\/es\/wp-json\/wp\/v2\/users\/2"}],"replies":[{"embeddable":true,"href":"https:\/\/esportsmunicipalsalzira.com\/es\/wp-json\/wp\/v2\/comments?post=7699"}],"version-history":[{"count":0,"href":"https:\/\/esportsmunicipalsalzira.com\/es\/wp-json\/wp\/v2\/posts\/7699\/revisions"}],"wp:featuredmedia":[{"embeddable":true,"href":"https:\/\/esportsmunicipalsalzira.com\/es\/wp-json\/wp\/v2\/media\/7700"}],"wp:attachment":[{"href":"https:\/\/esportsmunicipalsalzira.com\/es\/wp-json\/wp\/v2\/media?parent=7699"}],"wp:term":[{"taxonomy":"category","embeddable":true,"href":"https:\/\/esportsmunicipalsalzira.com\/es\/wp-json\/wp\/v2\/categories?post=7699"},{"taxonomy":"post_tag","embeddable":true,"href":"https:\/\/esportsmunicipalsalzira.com\/es\/wp-json\/wp\/v2\/tags?post=7699"}],"curies":[{"name":"wp","href":"https:\/\/api.w.org\/{rel}","templated":true}]}}