{"id":7703,"date":"2024-06-17T23:04:55","date_gmt":"2024-06-17T21:04:55","guid":{"rendered":"https:\/\/esportsmunicipalsalzira.com\/ajuda-per-repatriar-a-adam-al-seu-pais-dorigen-la-junta-directiva-del-ciutat-dalzira-club-on-militava-adam-com-ale\/"},"modified":"2024-06-17T23:04:55","modified_gmt":"2024-06-17T21:04:55","slug":"ajuda-per-repatriar-a-adam-al-seu-pais-dorigen-la-junta-directiva-del-ciutat-dalzira-club-on-militava-adam-com-ale","status":"publish","type":"post","link":"https:\/\/esportsmunicipalsalzira.com\/es\/ajuda-per-repatriar-a-adam-al-seu-pais-dorigen-la-junta-directiva-del-ciutat-dalzira-club-on-militava-adam-com-ale\/","title":{"rendered":"Ayuda para repatriar a Adam en su pa\u00eds de origen La Junta directiva del Ciudad de Alzira, club donde militaba Adam como ale"},"content":{"rendered":"<p><br \/>\nAyuda para repatriar a Ad\u00e1n en su pa\u00eds de origen <\/p>\n<p>La Junta directiva del Ciudad de Alzira, club en el que militaba Adam como alev\u00edn, ha cre\u00eddo conveniente recoger toda la ayuda econ\u00f3mica posible a trav\u00e9s de la cuenta del club para repatriarlo, tal y como desea la familia.<br \/>\nPor ello, la Junta Directiva ha cre\u00eddo conveniente intentar recoger toda ayuda econ\u00f3mica posible a trav\u00e9s de la cuenta del club hasta el martes por la noche, y el mi\u00e9rcoles har\u00e1n una transferencia con el dinero recogido a la empresa funeraria.<br \/>\nPor ello, y quien quiera colaborar, debe realizar una transferencia con el asunto AYUDA ADAM y as\u00ed sumarse a la aportaci\u00f3n del club.<br \/>\nSi se diera el caso de llegar a la cantidad arriba indicada, se har\u00eda saber.<br \/>\nMuchas gracias por su colaboraci\u00f3n.<br \/>\n\ud835\udc04\ud835\udc12\ud835\udfd6\ud835\udfd0 \ud835\udfd1\ud835\udfcf\ud835\udfd3\ud835\udfd7 \ud835\udfce\ud835\udfce\ud835\udfd3\ud835\udfd2 \ud835\udfd0\ud835\udfd2\ud835\udfd0\ud835\udfd3 \ud835\udfd0\ud835\udfd1\ud835\udfd1\ud835\udfd5 \ud835\udfd7\ud835\udfd7<\/p>\n<p><a href=\"https:\/\/esportsmunicipalsalzira.com\/wp-content\/uploads\/2024\/06\/448697261_874586818041074_243894771431462890_n.jpg\"><img decoding=\"async\" class=\"wp_automatic_fb_img\" title=\"\" src=\"https:\/\/esportsmunicipalsalzira.com\/wp-content\/uploads\/2024\/06\/448697261_874586818041074_243894771431462890_n.jpg\" \/><\/a><br \/>\n<br \/>\n<br \/><a href=\"https:\/\/www.facebook.com\/100063537194811\/posts\/1006332591494638\">source<\/a>  <\/p>","protected":false},"excerpt":{"rendered":"<p>Ajuda per repatriar a Adam al seu pais d&#8217;origen La Junta directiva del Ciutat d&#8217;Alzira, club on militava Adam com alev\u00ed, ha cregut convenient recollir tota l&#8217;ajuda econ\u00f2mica possible a trav\u00e9s del compte del club per a repatriar-lo, tal i com desitja la fam\u00edlia. \u00c9s per aix\u00f2, que la Junta Directiva ha cregut convenient intentar [&hellip;]<\/p>\n","protected":false},"author":2,"featured_media":7704,"comment_status":"open","ping_status":"open","sticky":false,"template":"","format":"standard","meta":{"footnotes":""},"categories":[1],"tags":[],"class_list":["post-7703","post","type-post","status-publish","format-standard","has-post-thumbnail","hentry","category-esports-alzira"],"featured_image_src":{"landsacpe":["https:\/\/esportsmunicipalsalzira.com\/wp-content\/uploads\/2024\/06\/448697261_874586818041074_243894771431462890_n-526x445.jpg",526,445,true],"list":["https:\/\/esportsmunicipalsalzira.com\/wp-content\/uploads\/2024\/06\/448697261_874586818041074_243894771431462890_n-463x348.jpg",463,348,true],"medium":["https:\/\/esportsmunicipalsalzira.com\/wp-content\/uploads\/2024\/06\/448697261_874586818041074_243894771431462890_n-300x300.jpg",300,300,true],"full":["https:\/\/esportsmunicipalsalzira.com\/wp-content\/uploads\/2024\/06\/448697261_874586818041074_243894771431462890_n.jpg",526,526,false]},"_links":{"self":[{"href":"https:\/\/esportsmunicipalsalzira.com\/es\/wp-json\/wp\/v2\/posts\/7703","targetHints":{"allow":["GET"]}}],"collection":[{"href":"https:\/\/esportsmunicipalsalzira.com\/es\/wp-json\/wp\/v2\/posts"}],"about":[{"href":"https:\/\/esportsmunicipalsalzira.com\/es\/wp-json\/wp\/v2\/types\/post"}],"author":[{"embeddable":true,"href":"https:\/\/esportsmunicipalsalzira.com\/es\/wp-json\/wp\/v2\/users\/2"}],"replies":[{"embeddable":true,"href":"https:\/\/esportsmunicipalsalzira.com\/es\/wp-json\/wp\/v2\/comments?post=7703"}],"version-history":[{"count":0,"href":"https:\/\/esportsmunicipalsalzira.com\/es\/wp-json\/wp\/v2\/posts\/7703\/revisions"}],"wp:featuredmedia":[{"embeddable":true,"href":"https:\/\/esportsmunicipalsalzira.com\/es\/wp-json\/wp\/v2\/media\/7704"}],"wp:attachment":[{"href":"https:\/\/esportsmunicipalsalzira.com\/es\/wp-json\/wp\/v2\/media?parent=7703"}],"wp:term":[{"taxonomy":"category","embeddable":true,"href":"https:\/\/esportsmunicipalsalzira.com\/es\/wp-json\/wp\/v2\/categories?post=7703"},{"taxonomy":"post_tag","embeddable":true,"href":"https:\/\/esportsmunicipalsalzira.com\/es\/wp-json\/wp\/v2\/tags?post=7703"}],"curies":[{"name":"wp","href":"https:\/\/api.w.org\/{rel}","templated":true}]}}