{"id":7713,"date":"2024-06-18T02:03:21","date_gmt":"2024-06-18T00:03:21","guid":{"rendered":"https:\/\/esportsmunicipalsalzira.com\/nuestra-leona-particular-mia-lopez-marazzi-se-ha-proclamado-subcampeona-de-espana-con-la-seleccion-valenciana-m16-c\/"},"modified":"2024-06-18T02:03:21","modified_gmt":"2024-06-18T00:03:21","slug":"nuestra-leona-particular-mia-lopez-marazzi-se-ha-proclamado-subcampeona-de-espana-con-la-seleccion-valenciana-m16-c","status":"publish","type":"post","link":"https:\/\/esportsmunicipalsalzira.com\/es\/nuestra-leona-particular-mia-lopez-marazzi-se-ha-proclamado-subcampeona-de-espana-con-la-seleccion-valenciana-m16-c\/","title":{"rendered":"Nuestra &quot;leona&quot; particular, M\u00eda L\u00f3pez Marazzi, se ha proclamado subcampeona de Espa\u00f1a con la Selecci\u00f3n Valenciana M16. C"},"content":{"rendered":"<p><br \/>\nNuestra \u201cleona\u201d particular, M\u00eda L\u00f3pez Marazzi, se ha proclamado subcampeona de Espa\u00f1a con la Selecci\u00f3n Valenciana M16. Como siempre, M\u00eda ha tenido un papel brillante en el torneo, consiguiendo varios ensayos, algunos de ellos decisivos, como los dos ante Catalu\u00f1a que sirvieron para conseguir la victoria y pasar de ronda hasta llegar a la final, donde despu\u00e9s de ir por delante en el marcador, se escap\u00f3 la victoria a favor de las andaluzas en la \u00faltima jugada, 12 a 10.<\/p>\n<p> #RCalzira #musicadders #rugbyalzira #ComunidaddelDeporte #frutaspabel #interrugby #grupoenova #escolarugbyalzira #comunidaddeldeporte #animal tribucion #rcalzira<br \/>\n#serviciomunicipaldesportsalzira<br \/>\n#alziraradio<\/p>\n<p><a href=\"https:\/\/esportsmunicipalsalzira.com\/wp-content\/uploads\/2024\/06\/448531380_988573276296952_1364597387756328466_n.jpg\"><img decoding=\"async\" class=\"wp_automatic_fb_img\" title=\"\" src=\"https:\/\/esportsmunicipalsalzira.com\/wp-content\/uploads\/2024\/06\/448531380_988573276296952_1364597387756328466_n.jpg\" \/><\/a><br \/><a href=\"https:\/\/esportsmunicipalsalzira.com\/wp-content\/uploads\/2024\/06\/448485475_988573329630280_3645645950718842783_n.jpg\"><img decoding=\"async\" class=\"wp_automatic_fb_img\" title=\"\" src=\"https:\/\/esportsmunicipalsalzira.com\/wp-content\/uploads\/2024\/06\/448485475_988573329630280_3645645950718842783_n.jpg\" \/><\/a><br \/>\n<br \/>\n<br \/><a href=\"https:\/\/www.facebook.com\/100063537194811\/posts\/1006331214828109\">source<\/a>  <\/p>","protected":false},"excerpt":{"rendered":"<p>Nuestra &#8220;leona&#8221; particular, M\u00eda L\u00f3pez Marazzi, se ha proclamado subcampeona de Espa\u00f1a con la Selecci\u00f3n Valenciana M16. Como siempre, M\u00eda ha tenido un papel brillante en el torneo, consiguiendo varios ensayos, algunos de ellos decisivos, como los dos ante Catalunya que sirvieron para conseguir la victoria y pasar de ronda hasta llegar a la final, [&hellip;]<\/p>\n","protected":false},"author":2,"featured_media":7714,"comment_status":"open","ping_status":"open","sticky":false,"template":"","format":"standard","meta":{"footnotes":""},"categories":[1],"tags":[],"class_list":["post-7713","post","type-post","status-publish","format-standard","has-post-thumbnail","hentry","category-esports-alzira"],"featured_image_src":{"landsacpe":["https:\/\/esportsmunicipalsalzira.com\/wp-content\/uploads\/2024\/06\/448531380_988573276296952_1364597387756328466_n-930x445.jpg",930,445,true],"list":["https:\/\/esportsmunicipalsalzira.com\/wp-content\/uploads\/2024\/06\/448531380_988573276296952_1364597387756328466_n-463x348.jpg",463,348,true],"medium":["https:\/\/esportsmunicipalsalzira.com\/wp-content\/uploads\/2024\/06\/448531380_988573276296952_1364597387756328466_n-300x300.jpg",300,300,true],"full":["https:\/\/esportsmunicipalsalzira.com\/wp-content\/uploads\/2024\/06\/448531380_988573276296952_1364597387756328466_n.jpg",930,930,false]},"_links":{"self":[{"href":"https:\/\/esportsmunicipalsalzira.com\/es\/wp-json\/wp\/v2\/posts\/7713","targetHints":{"allow":["GET"]}}],"collection":[{"href":"https:\/\/esportsmunicipalsalzira.com\/es\/wp-json\/wp\/v2\/posts"}],"about":[{"href":"https:\/\/esportsmunicipalsalzira.com\/es\/wp-json\/wp\/v2\/types\/post"}],"author":[{"embeddable":true,"href":"https:\/\/esportsmunicipalsalzira.com\/es\/wp-json\/wp\/v2\/users\/2"}],"replies":[{"embeddable":true,"href":"https:\/\/esportsmunicipalsalzira.com\/es\/wp-json\/wp\/v2\/comments?post=7713"}],"version-history":[{"count":0,"href":"https:\/\/esportsmunicipalsalzira.com\/es\/wp-json\/wp\/v2\/posts\/7713\/revisions"}],"wp:featuredmedia":[{"embeddable":true,"href":"https:\/\/esportsmunicipalsalzira.com\/es\/wp-json\/wp\/v2\/media\/7714"}],"wp:attachment":[{"href":"https:\/\/esportsmunicipalsalzira.com\/es\/wp-json\/wp\/v2\/media?parent=7713"}],"wp:term":[{"taxonomy":"category","embeddable":true,"href":"https:\/\/esportsmunicipalsalzira.com\/es\/wp-json\/wp\/v2\/categories?post=7713"},{"taxonomy":"post_tag","embeddable":true,"href":"https:\/\/esportsmunicipalsalzira.com\/es\/wp-json\/wp\/v2\/tags?post=7713"}],"curies":[{"name":"wp","href":"https:\/\/api.w.org\/{rel}","templated":true}]}}