{"id":7732,"date":"2024-07-17T18:59:31","date_gmt":"2024-07-17T16:59:31","guid":{"rendered":"https:\/\/esportsmunicipalsalzira.com\/la-nueva-promesa-del-tenis-alzireno-amplia-su-palmares\/"},"modified":"2024-07-17T18:59:31","modified_gmt":"2024-07-17T16:59:31","slug":"la-nueva-promesa-del-tenis-alzireno-amplia-su-palmares","status":"publish","type":"post","link":"https:\/\/esportsmunicipalsalzira.com\/es\/la-nueva-promesa-del-tenis-alzireno-amplia-su-palmares\/","title":{"rendered":"La nueva promesa del tenis alzire\u00f1o ampl\u00eda su palmar\u00e9s"},"content":{"rendered":"<p>\ud83e\udd4e El joven Adri Climent, de 16 a\u00f1os, ha conquistado en las \u00faltimas semanas el Campeonato de Espa\u00f1a por equipos y el Rafa Nadal<\/p>\n<p><a href=\"https:\/\/www.levante-emv.com\/ribera\/2024\/07\/17\/nueva-promesa-tenis-alzireno-amplia-palmares-105772655.html?fbclid=IwZXh0bgNhZW0CMTEAAR2DoPqm4yHBax2B_ZkKyzmN5sLNrZc9ieJ8ealr1phezG9r5O9YcFrTPBI_aem_OsoXdD32FHZ6218m_gGrmA\"><img decoding=\"async\" title=\"La nueva promesa del tenis alzire\u00f1o ampl\u00eda su palmar\u00e9s\" src=\"https:\/\/esportsmunicipalsalzira.com\/wp-content\/uploads\/2024\/07\/9486823084524100591\" \/><\/a> <\/p>\n<p><a href=\"https:\/\/www.levante-emv.com\/ribera\/2024\/07\/17\/nueva-promesa-tenis-alzireno-amplia-palmares-105772655.html?fbclid=IwZXh0bgNhZW0CMTEAAR2DoPqm4yHBax2B_ZkKyzmN5sLNrZc9ieJ8ealr1phezG9r5O9YcFrTPBI_aem_OsoXdD32FHZ6218m_gGrmA\">La nueva promesa del tenis alzire\u00f1o ampl\u00eda su palmar\u00e9s<\/a><\/p>\n<p><br \/>\n<br \/><a href=\"https:\/\/www.facebook.com\/100063537194811\/posts\/1028786829249214\">source<\/a>  <\/p>","protected":false},"excerpt":{"rendered":"<p>\ud83e\udd4e El joven Adri Climent, de 16 a\u00f1os, ha conquistado en las \u00faltimas semanas el Campeonato de Espa\u00f1a por equipos y el Rafa Nadal La nueva promesa del tenis alzire\u00f1o ampl\u00eda su palmar\u00e9s Source<\/p>","protected":false},"author":2,"featured_media":7733,"comment_status":"open","ping_status":"open","sticky":false,"template":"","format":"standard","meta":{"footnotes":""},"categories":[1],"tags":[],"class_list":["post-7732","post","type-post","status-publish","format-standard","has-post-thumbnail","hentry","category-esports-alzira"],"featured_image_src":{"landsacpe":["https:\/\/esportsmunicipalsalzira.com\/wp-content\/uploads\/2024\/07\/9486823084524100591-1000x445.jpeg",1000,445,true],"list":["https:\/\/esportsmunicipalsalzira.com\/wp-content\/uploads\/2024\/07\/9486823084524100591-463x348.jpeg",463,348,true],"medium":["https:\/\/esportsmunicipalsalzira.com\/wp-content\/uploads\/2024\/07\/9486823084524100591-300x157.jpeg",300,157,true],"full":["https:\/\/esportsmunicipalsalzira.com\/wp-content\/uploads\/2024\/07\/9486823084524100591.jpeg",1000,522,false]},"_links":{"self":[{"href":"https:\/\/esportsmunicipalsalzira.com\/es\/wp-json\/wp\/v2\/posts\/7732","targetHints":{"allow":["GET"]}}],"collection":[{"href":"https:\/\/esportsmunicipalsalzira.com\/es\/wp-json\/wp\/v2\/posts"}],"about":[{"href":"https:\/\/esportsmunicipalsalzira.com\/es\/wp-json\/wp\/v2\/types\/post"}],"author":[{"embeddable":true,"href":"https:\/\/esportsmunicipalsalzira.com\/es\/wp-json\/wp\/v2\/users\/2"}],"replies":[{"embeddable":true,"href":"https:\/\/esportsmunicipalsalzira.com\/es\/wp-json\/wp\/v2\/comments?post=7732"}],"version-history":[{"count":0,"href":"https:\/\/esportsmunicipalsalzira.com\/es\/wp-json\/wp\/v2\/posts\/7732\/revisions"}],"wp:featuredmedia":[{"embeddable":true,"href":"https:\/\/esportsmunicipalsalzira.com\/es\/wp-json\/wp\/v2\/media\/7733"}],"wp:attachment":[{"href":"https:\/\/esportsmunicipalsalzira.com\/es\/wp-json\/wp\/v2\/media?parent=7732"}],"wp:term":[{"taxonomy":"category","embeddable":true,"href":"https:\/\/esportsmunicipalsalzira.com\/es\/wp-json\/wp\/v2\/categories?post=7732"},{"taxonomy":"post_tag","embeddable":true,"href":"https:\/\/esportsmunicipalsalzira.com\/es\/wp-json\/wp\/v2\/tags?post=7732"}],"curies":[{"name":"wp","href":"https:\/\/api.w.org\/{rel}","templated":true}]}}