{"id":7772,"date":"2024-07-09T18:30:01","date_gmt":"2024-07-09T16:30:01","guid":{"rendered":"https:\/\/esportsmunicipalsalzira.com\/%f0%9d%97%a5%f0%9d%97%b2%f0%9d%97%b0%f0%9d%98%82%f0%9d%97%b9%f0%9d%97%b9-%f0%9d%97%b3%f0%9d%97%bc%f0%9d%98%81%f0%9d%97%bc%f0%9d%97%b4%f0%9d%97%bf%f0%9d%97%ae%f0%9d%97%b3%f0%9d%97%b6%f0%9d%97%b0-2\/"},"modified":"2024-07-09T18:30:01","modified_gmt":"2024-07-09T16:30:01","slug":"%f0%9d%97%a5%f0%9d%97%b2%f0%9d%97%b0%f0%9d%98%82%f0%9d%97%b9%f0%9d%97%b9-%f0%9d%97%b3%f0%9d%97%bc%f0%9d%98%81%f0%9d%97%bc%f0%9d%97%b4%f0%9d%97%bf%f0%9d%97%ae%f0%9d%97%b3%f0%9d%97%b6%f0%9d%97%b0-2","status":"publish","type":"post","link":"https:\/\/esportsmunicipalsalzira.com\/es\/%f0%9d%97%a5%f0%9d%97%b2%f0%9d%97%b0%f0%9d%98%82%f0%9d%97%b9%f0%9d%97%b9-%f0%9d%97%b3%f0%9d%97%bc%f0%9d%98%81%f0%9d%97%bc%f0%9d%97%b4%f0%9d%97%bf%f0%9d%97%ae%f0%9d%97%b3%f0%9d%97%b6%f0%9d%97%b0-2\/","title":{"rendered":"\ud835\udde5\ud835\uddf2\ud835\uddf0\ud835\ude02\ud835\uddf9\ud835\uddf9 \ud835\uddf3\ud835\uddfc\ud835\ude01\ud835\uddfc\ud835\uddf4\ud835\uddff\ud835\uddee\u0300\ud835\uddf3\ud835\uddf6\ud835\uddf0 del Summer Cycling Challenge 2024, que empez\u00f3 en Alzira el pasado s\u00e1bado 6 \ud835\uddee"},"content":{"rendered":"<p><br \/>\n\ud83d\udcf8 \ud835\udde5\ud835\uddf2\ud835\uddf0\ud835\ude02\ud835\uddf9\ud835\uddf9 \ud835\uddf3\ud835\uddfc\ud835\ude01\ud835\uddfc\ud835\uddf4\ud835\uddff\ud835\uddee\u0300\ud835\uddf3\ud835\uddf6\ud835\uddf0 del Summer Cycling Challenge 2024, que comenz\u00f3 en Alzira el pasado<\/p>\n<p>\ud83c\udfc1 \ud835\uddd6\ud835\uddee\ud835\uddff\ud835\uddff\ud835\uddf2\ud835\uddff\ud835\uddee<br \/>\n1\ufe0f\u20e3 Ferran miravalles<br \/>\n2\ufe0f\u20e3 David serrano<br \/>\n3\ufe0f\u20e3 Ivan orrico<br \/>\n\u2014\u2014\u2014\u2014\u2014<br \/>\n\ud83d\udcdd \ud835\uddd6\ud835\uddee\ud835\ude01\ud835\uddf2\ud835\uddf4\ud835\uddfc\ud835\uddff\ud835\uddf6\ud835\uddf2\ud835\ude00<br \/>\n\u00c9lite \u2013 Ivan Orrico<br \/>\nSub 23- alejandro Ruiz<br \/>\nM\u00e1ster 30 \u2013 Ferran Miravalles<br \/>\nM\u00e1ster 40 \u2013 Jose S\u00e1nchez<br \/>\nM\u00e1ster 50- Fernando Gimeno<\/p>\n<p>\ud83d\udc65 Asistieron la primera teniente de alcalde, Gemma Al\u00f3s, el concejal de Deportes Vicent de la Concepci\u00f3n y las Falleras Mayores de Alzira 2023, Zaira Cano y Anna Albelda.<\/p>\n<p>Servicio Municipal de Deportes Alzira<\/p>\n<p><a href=\"https:\/\/esportsmunicipalsalzira.com\/wp-content\/uploads\/2024\/07\/450128794_868325135328893_115617050148585450_n.jpg\"><img decoding=\"async\" class=\"wp_automatic_fb_img\" title=\"\" src=\"https:\/\/esportsmunicipalsalzira.com\/wp-content\/uploads\/2024\/07\/450128794_868325135328893_115617050148585450_n.jpg\" \/><\/a><br \/><a href=\"https:\/\/esportsmunicipalsalzira.com\/wp-content\/uploads\/2024\/07\/450540691_868325141995559_4597451086466498481_n.jpg\"><img decoding=\"async\" class=\"wp_automatic_fb_img\" title=\"\" src=\"https:\/\/esportsmunicipalsalzira.com\/wp-content\/uploads\/2024\/07\/450540691_868325141995559_4597451086466498481_n.jpg\" \/><\/a><br \/><a href=\"https:\/\/esportsmunicipalsalzira.com\/wp-content\/uploads\/2024\/07\/450178406_868325115328895_6583173360242091782_n.jpg\"><img decoding=\"async\" class=\"wp_automatic_fb_img\" title=\"\" src=\"https:\/\/esportsmunicipalsalzira.com\/wp-content\/uploads\/2024\/07\/450178406_868325115328895_6583173360242091782_n.jpg\" \/><\/a><br \/><a href=\"https:\/\/esportsmunicipalsalzira.com\/wp-content\/uploads\/2024\/07\/450178015_868325061995567_2605102342931124473_n.jpg\"><img decoding=\"async\" class=\"wp_automatic_fb_img\" title=\"\" src=\"https:\/\/esportsmunicipalsalzira.com\/wp-content\/uploads\/2024\/07\/450178015_868325061995567_2605102342931124473_n.jpg\" \/><\/a><br \/><a href=\"https:\/\/esportsmunicipalsalzira.com\/wp-content\/uploads\/2024\/07\/450227920_868325101995563_6578932658735719421_n.jpg\"><img decoding=\"async\" class=\"wp_automatic_fb_img\" title=\"\" src=\"https:\/\/esportsmunicipalsalzira.com\/wp-content\/uploads\/2024\/07\/450227920_868325101995563_6578932658735719421_n.jpg\" \/><\/a><br \/>\n<br \/>\n<br \/><a href=\"https:\/\/www.facebook.com\/100063537194811\/posts\/1023076386486925\">source<\/a>  <\/p>","protected":false},"excerpt":{"rendered":"<p>\ud83d\udcf8 \ud835\udde5\ud835\uddf2\ud835\uddf0\ud835\ude02\ud835\uddf9\ud835\uddf9 \ud835\uddf3\ud835\uddfc\ud835\ude01\ud835\uddfc\ud835\uddf4\ud835\uddff\ud835\uddee\u0300\ud835\uddf3\ud835\uddf6\ud835\uddf0 del Summer Cycling Challenge 2024, que va comen\u00e7ar a Alzira el passat dissabte 6 de juliol \ud83c\udfc1 \ud835\uddd6\ud835\uddee\ud835\uddff\ud835\uddff\ud835\uddf2\ud835\uddff\ud835\uddee 1\ufe0f\u20e3 Ferran miravalles 2\ufe0f\u20e3 David serrano 3\ufe0f\u20e3 Ivan orrico \u2014\u2014\u2014\u2014\u2014 \ud83d\udcdd \ud835\uddd6\ud835\uddee\ud835\ude01\ud835\uddf2\ud835\uddf4\ud835\uddfc\ud835\uddff\ud835\uddf6\ud835\uddf2\ud835\ude00 \u00c8lit &#8211; Ivan Orrico Sub 23- alejandro Ruiz M\u00e0ster 30 &#8211; Ferran Miravalles M\u00e0ster 40 &#8211; Jose S\u00e1nchez M\u00e0ster 50- Fernando Gimeno [&hellip;]<\/p>\n","protected":false},"author":2,"featured_media":7773,"comment_status":"open","ping_status":"open","sticky":false,"template":"","format":"standard","meta":{"footnotes":""},"categories":[1],"tags":[],"class_list":["post-7772","post","type-post","status-publish","format-standard","has-post-thumbnail","hentry","category-esports-alzira"],"featured_image_src":{"landsacpe":["https:\/\/esportsmunicipalsalzira.com\/wp-content\/uploads\/2024\/07\/450128794_868325135328893_115617050148585450_n-1080x445.jpg",1080,445,true],"list":["https:\/\/esportsmunicipalsalzira.com\/wp-content\/uploads\/2024\/07\/450128794_868325135328893_115617050148585450_n-463x348.jpg",463,348,true],"medium":["https:\/\/esportsmunicipalsalzira.com\/wp-content\/uploads\/2024\/07\/450128794_868325135328893_115617050148585450_n-300x300.jpg",300,300,true],"full":["https:\/\/esportsmunicipalsalzira.com\/wp-content\/uploads\/2024\/07\/450128794_868325135328893_115617050148585450_n.jpg",1080,1080,false]},"_links":{"self":[{"href":"https:\/\/esportsmunicipalsalzira.com\/es\/wp-json\/wp\/v2\/posts\/7772","targetHints":{"allow":["GET"]}}],"collection":[{"href":"https:\/\/esportsmunicipalsalzira.com\/es\/wp-json\/wp\/v2\/posts"}],"about":[{"href":"https:\/\/esportsmunicipalsalzira.com\/es\/wp-json\/wp\/v2\/types\/post"}],"author":[{"embeddable":true,"href":"https:\/\/esportsmunicipalsalzira.com\/es\/wp-json\/wp\/v2\/users\/2"}],"replies":[{"embeddable":true,"href":"https:\/\/esportsmunicipalsalzira.com\/es\/wp-json\/wp\/v2\/comments?post=7772"}],"version-history":[{"count":0,"href":"https:\/\/esportsmunicipalsalzira.com\/es\/wp-json\/wp\/v2\/posts\/7772\/revisions"}],"wp:featuredmedia":[{"embeddable":true,"href":"https:\/\/esportsmunicipalsalzira.com\/es\/wp-json\/wp\/v2\/media\/7773"}],"wp:attachment":[{"href":"https:\/\/esportsmunicipalsalzira.com\/es\/wp-json\/wp\/v2\/media?parent=7772"}],"wp:term":[{"taxonomy":"category","embeddable":true,"href":"https:\/\/esportsmunicipalsalzira.com\/es\/wp-json\/wp\/v2\/categories?post=7772"},{"taxonomy":"post_tag","embeddable":true,"href":"https:\/\/esportsmunicipalsalzira.com\/es\/wp-json\/wp\/v2\/tags?post=7772"}],"curies":[{"name":"wp","href":"https:\/\/api.w.org\/{rel}","templated":true}]}}