{"id":7774,"date":"2024-07-09T18:25:03","date_gmt":"2024-07-09T16:25:03","guid":{"rendered":"https:\/\/esportsmunicipalsalzira.com\/exit-de-participacio-i-competicio-en-les-olimpiades-del-club-karate-alzira-mes-de-50-xiquets-i-xiquetes-de-5-a-12-any\/"},"modified":"2024-07-09T18:25:03","modified_gmt":"2024-07-09T16:25:03","slug":"exit-de-participacio-i-competicio-en-les-olimpiades-del-club-karate-alzira-mes-de-50-xiquets-i-xiquetes-de-5-a-12-any","status":"publish","type":"post","link":"https:\/\/esportsmunicipalsalzira.com\/es\/exit-de-participacio-i-competicio-en-les-olimpiades-del-club-karate-alzira-mes-de-50-xiquets-i-xiquetes-de-5-a-12-any\/","title":{"rendered":"\u00c9xito de participaci\u00f3n y competici\u00f3n en las Olimpiadas del Club Karate Alzira M\u00e1s de 50 ni\u00f1os y ni\u00f1as, de 5 a 12 a\u00f1os"},"content":{"rendered":"<p><br \/>\n<img decoding=\"async\"  title=\"\" src=\"https:\/\/esportsmunicipalsalzira.com\/wp-content\/uploads\/2024\/07\/450225650_493573269730426_2619666429325416664_n.jpg\" \/><\/a><br \/>\u00c8xit de participaci\u00f3 i competici\u00f3 en les Olimp\u00edades del Club Karate Alzira <\/p>\n<p>M\u00e9s de 50 xiquets i xiquetes, de 5 a 12 anys, s\u2019han inscrit en una competici\u00f3 en la qual practiquen totes les parts de la disciplina de karate que han pogut aprendre al llarg del curs<br \/>\n@karate_alzira <\/p>\n<p>https:\/\/www.elseisdoble.com\/ver_noticia.asp?sec=1&#038;id=60645<br \/><div id=\"fb-root\"><\/div><script>window.fbAsyncInit = function() {FB.init({appId      : '',xfbml      : true,version    : 'v2.5'});var my_video_player;FB.Event.subscribe('xfbml.ready', function(msg) {if (msg.type === 'video') {my_video_player = msg.instance; my_video_player.unmute();}});};(function(d, s, id) {  var js, fjs = d.getElementsByTagName(s)[0];  if (d.getElementById(id)) return;  js = d.createElement(s); js.id = id;  js.src = \"\/\/connect.facebook.net\/en_US\/sdk.js#xfbml=1&version=v2.3\";  fjs.parentNode.insertBefore(js, fjs);}(document, 'script', 'facebook-jssdk'));  <\/script><div class=\"fb-video\"    data-autoplay=\"false\" data-width=\"500\" data-allowfullscreen=\"true\" data-href=\"https:\/\/www.facebook.com\/video.php?v=1156624862125303&set=vb.500808182&type=1\"><div class=\"fb-xfbml-parse-ignore\"><\/div><\/div>\n\n\n\t\n\n<br \/>\n<br \/>\n<br \/><a href=\"https:\/\/www.facebook.com\/100063537194811\/posts\/1023061323155098\">Source<\/a>  <\/p>\n","protected":false},"excerpt":{"rendered":"<p>\u00c9xito de participaci\u00f3n y competici\u00f3n en las Olimpiadas del Club Karate Alzira M\u00e1s de 50 ni\u00f1os y ni\u00f1as, de 5 a 12 a\u00f1os, se han inscrito en una competici\u00f3n en la que practican todas las partes de la disciplina de k\u00e1rate que han podido aprender a lo largo del curso @karate_alzira https:\/\/www.elseisdoble.com\/ver_noticia.asp?sec=1&amp;id=60645 Source<\/p>","protected":false},"author":2,"featured_media":7775,"comment_status":"open","ping_status":"open","sticky":false,"template":"","format":"standard","meta":{"footnotes":""},"categories":[1],"tags":[],"class_list":["post-7774","post","type-post","status-publish","format-standard","has-post-thumbnail","hentry","category-esports-alzira"],"featured_image_src":{"landsacpe":["https:\/\/esportsmunicipalsalzira.com\/wp-content\/uploads\/2024\/07\/450225650_493573269730426_2619666429325416664_n-960x445.jpg",960,445,true],"list":["https:\/\/esportsmunicipalsalzira.com\/wp-content\/uploads\/2024\/07\/450225650_493573269730426_2619666429325416664_n-463x348.jpg",463,348,true],"medium":["https:\/\/esportsmunicipalsalzira.com\/wp-content\/uploads\/2024\/07\/450225650_493573269730426_2619666429325416664_n-300x169.jpg",300,169,true],"full":["https:\/\/esportsmunicipalsalzira.com\/wp-content\/uploads\/2024\/07\/450225650_493573269730426_2619666429325416664_n.jpg",960,540,false]},"_links":{"self":[{"href":"https:\/\/esportsmunicipalsalzira.com\/es\/wp-json\/wp\/v2\/posts\/7774","targetHints":{"allow":["GET"]}}],"collection":[{"href":"https:\/\/esportsmunicipalsalzira.com\/es\/wp-json\/wp\/v2\/posts"}],"about":[{"href":"https:\/\/esportsmunicipalsalzira.com\/es\/wp-json\/wp\/v2\/types\/post"}],"author":[{"embeddable":true,"href":"https:\/\/esportsmunicipalsalzira.com\/es\/wp-json\/wp\/v2\/users\/2"}],"replies":[{"embeddable":true,"href":"https:\/\/esportsmunicipalsalzira.com\/es\/wp-json\/wp\/v2\/comments?post=7774"}],"version-history":[{"count":0,"href":"https:\/\/esportsmunicipalsalzira.com\/es\/wp-json\/wp\/v2\/posts\/7774\/revisions"}],"wp:featuredmedia":[{"embeddable":true,"href":"https:\/\/esportsmunicipalsalzira.com\/es\/wp-json\/wp\/v2\/media\/7775"}],"wp:attachment":[{"href":"https:\/\/esportsmunicipalsalzira.com\/es\/wp-json\/wp\/v2\/media?parent=7774"}],"wp:term":[{"taxonomy":"category","embeddable":true,"href":"https:\/\/esportsmunicipalsalzira.com\/es\/wp-json\/wp\/v2\/categories?post=7774"},{"taxonomy":"post_tag","embeddable":true,"href":"https:\/\/esportsmunicipalsalzira.com\/es\/wp-json\/wp\/v2\/tags?post=7774"}],"curies":[{"name":"wp","href":"https:\/\/api.w.org\/{rel}","templated":true}]}}