{"id":7784,"date":"2024-07-08T18:00:09","date_gmt":"2024-07-08T16:00:09","guid":{"rendered":"https:\/\/esportsmunicipalsalzira.com\/el-passat-dissabte-es-va-disputar-el-%f0%9d%97%9c%f0%9d%97%9c%f0%9d%97%9c-%f0%9d%97%96%f0%9d%97%ae%f0%9d%97%ba%f0%9d%97%bd%f0%9d%97%b6%f0%9d%97%bc%f0%9d%97%bb%f0%9d%97%ae%f0%9d%98%81-%f0%9d%97%9c\/"},"modified":"2024-07-08T18:00:09","modified_gmt":"2024-07-08T16:00:09","slug":"el-passat-dissabte-es-va-disputar-el-%f0%9d%97%9c%f0%9d%97%9c%f0%9d%97%9c-%f0%9d%97%96%f0%9d%97%ae%f0%9d%97%ba%f0%9d%97%bd%f0%9d%97%b6%f0%9d%97%bc%f0%9d%97%bb%f0%9d%97%ae%f0%9d%98%81-%f0%9d%97%9c","status":"publish","type":"post","link":"https:\/\/esportsmunicipalsalzira.com\/es\/el-passat-dissabte-es-va-disputar-el-%f0%9d%97%9c%f0%9d%97%9c%f0%9d%97%9c-%f0%9d%97%96%f0%9d%97%ae%f0%9d%97%ba%f0%9d%97%bd%f0%9d%97%b6%f0%9d%97%bc%f0%9d%97%bb%f0%9d%97%ae%f0%9d%98%81-%f0%9d%97%9c\/","title":{"rendered":"El pasado s\u00e1bado, se disput\u00f3 el \ud835\udddc\ud835\udddc\ud835\udddc \ud835\uddd6\ud835\uddee\ud835\uddfa\ud835\uddfd\ud835\uddf6\ud835\uddfc\ud835\uddfb\ud835\uddee\ud835\ude01 \ud835\udddc\ud835\uddfb\ud835\ude01\ud835\uddf2\ud835\uddff\ud835\uddfb\ud835\uddee\ud835\uddf0\ud835\udddd\ud835\udddd\ud835\udddd \ud835\udde3\ud835\uddfc\ud835\ude01\ud835\uddf2\u0300\ud835\uddfb\ud835\uddf0\ud835\uddf6\ud835\uddee \ud835\uddf2\ud835\uddfb \ud835\udde3\ud835\uddff\ud835\uddf2\ud835\ude00\ud835\ude00 \ud835\uddf1\ud835\uddf2 \ud835\uddd5\ud835\uddee\ud835\uddfb\ud835\uddf0\ud835\uddee a Alte"},"content":{"rendered":"<p><br \/>\n\ud83c\udfcb\ufe0f\u200d\u2640\ufe0f\ud83c\udfcb\ufe0f\ud83c\udfcb\ufe0f\u200d\u2642\ufe0f El pasado s\u00e1bado, se disput\u00f3 el \ud835\udddc\ud835\udddc\ud835\udddc \ud835\uddd6\ud835\uddee\ud835\uddfa\ud835\uddfd\ud835\uddf6\ud835\uddfc\ud835\uddfb\ud835\uddee\ud835\ude01 \ud835\udddc\ud835\uddfb\ud835\ude01\ud835\uddf2\ud835\uddff\ud835\uddfb\ud835\uddee\ud835\uddf0\ud835\uddf6\ud835\uddfc\ud835\uddfb\ud835\uddee\ud835\uddf9 \ud835\uddf1\ud835\uddf2 \ud835\udde3\ud835\uddfc\ud835\ude01\ud835\uddf2\u0300\ud835\uddfb\ud835\uddf0\ud835\uddf6\ud835\udddd \ud835\udde3\ud835\uddff\ud835\uddf2\ud835\ude00\ud835\ude00 \ud835\uddf1\ud835\uddf2 \ud835\uddd5\ud835\uddee\ud835\uddfb\ud835\uddf0\ud835\uddee en Altea, donde particip\u00f3 el club Halterofilia Alzira.<\/p>\n<p>\ud83e\udd47 Los participantes alzire\u00f1os (Presen Murillo, Diana Vilches, Jorge Castany, Jes\u00fas Ballesteros y Antonio Gord\u00f3) ganaron 5\ufe0f\u20e3 \ud835\uddfc\ud835\uddff\ud835\ude00, todos ellos en sus respectivas categor\u00edas.<\/p>\n<p>Enhorabuena a todos!! \ud83e\udd73\ud83e\udd73<\/p>\n<p>Servicio Municipal de Deportes Alzira<\/p>\n<p><a href=\"https:\/\/esportsmunicipalsalzira.com\/wp-content\/uploads\/2024\/07\/450185824_867738762054197_861068658962930480_n.jpg\"><img decoding=\"async\" class=\"wp_automatic_fb_img\" title=\"\" src=\"https:\/\/esportsmunicipalsalzira.com\/wp-content\/uploads\/2024\/07\/450185824_867738762054197_861068658962930480_n.jpg\" \/><\/a><br \/><a href=\"https:\/\/esportsmunicipalsalzira.com\/wp-content\/uploads\/2024\/07\/450252421_867738722054201_5105626669022019499_n.jpg\"><img decoding=\"async\" class=\"wp_automatic_fb_img\" title=\"\" src=\"https:\/\/esportsmunicipalsalzira.com\/wp-content\/uploads\/2024\/07\/450252421_867738722054201_5105626669022019499_n.jpg\" \/><\/a><br \/><a href=\"https:\/\/esportsmunicipalsalzira.com\/wp-content\/uploads\/2024\/07\/450078182_867738675387539_6773683901235793773_n.jpg\"><img decoding=\"async\" class=\"wp_automatic_fb_img\" title=\"\" src=\"https:\/\/esportsmunicipalsalzira.com\/wp-content\/uploads\/2024\/07\/450078182_867738675387539_6773683901235793773_n.jpg\" \/><\/a><br \/><a href=\"https:\/\/esportsmunicipalsalzira.com\/wp-content\/uploads\/2024\/07\/450178599_867738752054198_1941779089559634422_n.jpg\"><img decoding=\"async\" class=\"wp_automatic_fb_img\" title=\"\" src=\"https:\/\/esportsmunicipalsalzira.com\/wp-content\/uploads\/2024\/07\/450178599_867738752054198_1941779089559634422_n.jpg\" \/><\/a><br \/><a href=\"https:\/\/esportsmunicipalsalzira.com\/wp-content\/uploads\/2024\/07\/450186277_867738755387531_721878535883725475_n.jpg\"><img decoding=\"async\" class=\"wp_automatic_fb_img\" title=\"\" src=\"https:\/\/esportsmunicipalsalzira.com\/wp-content\/uploads\/2024\/07\/450186277_867738755387531_721878535883725475_n.jpg\" \/><\/a><br \/>\n<br \/>\n<br \/><a href=\"https:\/\/www.facebook.com\/100063537194811\/posts\/1022210289906868\">source<\/a>  <\/p>","protected":false},"excerpt":{"rendered":"<p>\ud83c\udfcb\ufe0f\u200d\u2640\ufe0f\ud83c\udfcb\ufe0f\ud83c\udfcb\ufe0f\u200d\u2642\ufe0f El passat dissabte, es va disputar el \ud835\udddc\ud835\udddc\ud835\udddc \ud835\uddd6\ud835\uddee\ud835\uddfa\ud835\uddfd\ud835\uddf6\ud835\uddfc\ud835\uddfb\ud835\uddee\ud835\ude01 \ud835\udddc\ud835\uddfb\ud835\ude01\ud835\uddf2\ud835\uddff\ud835\uddfb\ud835\uddee\ud835\uddf0\ud835\uddf6\ud835\uddfc\ud835\uddfb\ud835\uddee\ud835\uddf9 \ud835\uddf1\ud835\uddf2 \ud835\udde3\ud835\uddfc\ud835\ude01\ud835\uddf2\u0300\ud835\uddfb\ud835\uddf0\ud835\uddf6\ud835\uddee \ud835\uddf2\ud835\uddfb \ud835\udde3\ud835\uddff\ud835\uddf2\ud835\ude00\ud835\ude00 \ud835\uddf1\ud835\uddf2 \ud835\uddd5\ud835\uddee\ud835\uddfb\ud835\uddf0\ud835\uddee a Altea, on va participar el club Halterofilia Alzira. \ud83e\udd47 Els participants alzirenys (Presen Murillo, Diana Vilches, Jorge Castany, Jes\u00fas Ballesteros i Antonio Gord\u00f3) van guanyar 5\ufe0f\u20e3 \ud835\uddfc\ud835\uddff\ud835\ude00, tots ells en les seues categories respectives. Enhorabona a tots!! [&hellip;]<\/p>\n","protected":false},"author":2,"featured_media":7785,"comment_status":"open","ping_status":"open","sticky":false,"template":"","format":"standard","meta":{"footnotes":""},"categories":[1],"tags":[],"class_list":["post-7784","post","type-post","status-publish","format-standard","has-post-thumbnail","hentry","category-esports-alzira"],"featured_image_src":{"landsacpe":["https:\/\/esportsmunicipalsalzira.com\/wp-content\/uploads\/2024\/07\/450185824_867738762054197_861068658962930480_n-1080x445.jpg",1080,445,true],"list":["https:\/\/esportsmunicipalsalzira.com\/wp-content\/uploads\/2024\/07\/450185824_867738762054197_861068658962930480_n-463x348.jpg",463,348,true],"medium":["https:\/\/esportsmunicipalsalzira.com\/wp-content\/uploads\/2024\/07\/450185824_867738762054197_861068658962930480_n-300x300.jpg",300,300,true],"full":["https:\/\/esportsmunicipalsalzira.com\/wp-content\/uploads\/2024\/07\/450185824_867738762054197_861068658962930480_n.jpg",1080,1080,false]},"_links":{"self":[{"href":"https:\/\/esportsmunicipalsalzira.com\/es\/wp-json\/wp\/v2\/posts\/7784","targetHints":{"allow":["GET"]}}],"collection":[{"href":"https:\/\/esportsmunicipalsalzira.com\/es\/wp-json\/wp\/v2\/posts"}],"about":[{"href":"https:\/\/esportsmunicipalsalzira.com\/es\/wp-json\/wp\/v2\/types\/post"}],"author":[{"embeddable":true,"href":"https:\/\/esportsmunicipalsalzira.com\/es\/wp-json\/wp\/v2\/users\/2"}],"replies":[{"embeddable":true,"href":"https:\/\/esportsmunicipalsalzira.com\/es\/wp-json\/wp\/v2\/comments?post=7784"}],"version-history":[{"count":0,"href":"https:\/\/esportsmunicipalsalzira.com\/es\/wp-json\/wp\/v2\/posts\/7784\/revisions"}],"wp:featuredmedia":[{"embeddable":true,"href":"https:\/\/esportsmunicipalsalzira.com\/es\/wp-json\/wp\/v2\/media\/7785"}],"wp:attachment":[{"href":"https:\/\/esportsmunicipalsalzira.com\/es\/wp-json\/wp\/v2\/media?parent=7784"}],"wp:term":[{"taxonomy":"category","embeddable":true,"href":"https:\/\/esportsmunicipalsalzira.com\/es\/wp-json\/wp\/v2\/categories?post=7784"},{"taxonomy":"post_tag","embeddable":true,"href":"https:\/\/esportsmunicipalsalzira.com\/es\/wp-json\/wp\/v2\/tags?post=7784"}],"curies":[{"name":"wp","href":"https:\/\/api.w.org\/{rel}","templated":true}]}}