{"id":7812,"date":"2024-07-03T15:00:38","date_gmt":"2024-07-03T13:00:38","guid":{"rendered":"https:\/\/esportsmunicipalsalzira.com\/en-area-esportiva-entrevistem-jordi-berenguer-director-tecnic-del-gran-premi-ciutat-dalzira-que-sera-la-prova-inicial\/"},"modified":"2024-07-03T15:00:38","modified_gmt":"2024-07-03T13:00:38","slug":"en-area-esportiva-entrevistem-jordi-berenguer-director-tecnic-del-gran-premi-ciutat-dalzira-que-sera-la-prova-inicial","status":"publish","type":"post","link":"https:\/\/esportsmunicipalsalzira.com\/es\/en-area-esportiva-entrevistem-jordi-berenguer-director-tecnic-del-gran-premi-ciutat-dalzira-que-sera-la-prova-inicial\/","title":{"rendered":"En \u00c1rea Deportiva entrevistamos a Jordi Berenguer, director t\u00e9cnico del Gran Premio Ciudad de Alzira que ser\u00e1 la prueba inicial"},"content":{"rendered":"<p><br \/>\nEn \u00c1rea Deportiva entrevistamos a Jordi Berenguer, director t\u00e9cnico del Gran Premio Ciudad de Alzira que ser\u00e1 la prueba inicial del nuevo Summer Cycling Challenge. \u00c9sta empezar\u00e1 a las 17 h. junto a la redonda del recinto ferial y durante hora y media se recorrer\u00e1n 60 km. Escuchamos a Jordi Berenguer a partir del minuto 7&#039;32\u201d. <\/p>\n<p>https:\/\/alziraradio.com\/dissabte-alzira-acollira-la-primera-prova-de-la-summer-cycling-challenge\/<\/p>\n<p><a href=\"https:\/\/alziraradio.com\/dissabte-alzira-acollira-la-primera-prova-de-la-summer-cycling-challenge\/?fbclid=IwZXh0bgNhZW0CMTEAAR2qpfg4FwxHTtKUQ_SJMePfPfLxH5W3pKcTq1SdVeYxvudgZ2puJJUqhuU_aem_PlZK9RYolbJt0oY4_qB6kg\"><img loading=\"lazy\" decoding=\"async\" src=\"https:\/\/esportsmunicipalsalzira.com\/wp-content\/uploads\/2024\/07\/449592137_977761614358434_6744777421248742402_n.jpg\" width=\"200\" height=\"200\" class=\"x\" alt=\"Puede ser una imagen de texto\"><\/a> <\/p>\n<p><a href=\"https:\/\/alziraradio.com\/dissabte-alzira-acollira-la-primera-prova-de-la-summer-cycling-challenge\/?fbclid=IwZXh0bgNhZW0CMTEAAR2qpfg4FwxHTtKUQ_SJMePfPfLxH5W3pKcTq1SdVeYxvudgZ2puJJUqhuU_aem_PlZK9RYolbJt0oY4_qB6kg\"><\/a><\/p>\n<p><br \/>\n<br \/><a href=\"https:\/\/www.facebook.com\/100063537194811\/posts\/1018513196943244\">source<\/a>  <\/p>","protected":false},"excerpt":{"rendered":"<p>En \u00c0rea Esportiva entrevistem Jordi Berenguer, director t\u00e8cnic del Gran Premi Ciutat d&#8217;Alzira que ser\u00e0 la prova inicial del nou Summer Cycling Challenge. Esta comen\u00e7ar\u00e0 a les 17 h. junt a la redona del recinte firal i durant hora i mitja es recorreran 60 km. Escoltem Jordi Berenguer a partir del minut 7&#8217;32&#8221;. https:\/\/alziraradio.com\/dissabte-alzira-acollira-la-primera-prova-de-la-summer-cycling-challenge\/ Source<\/p>","protected":false},"author":2,"featured_media":7813,"comment_status":"open","ping_status":"open","sticky":false,"template":"","format":"standard","meta":{"footnotes":""},"categories":[1],"tags":[],"class_list":["post-7812","post","type-post","status-publish","format-standard","has-post-thumbnail","hentry","category-esports-alzira"],"featured_image_src":{"landsacpe":["https:\/\/esportsmunicipalsalzira.com\/wp-content\/uploads\/2024\/07\/449592137_977761614358434_6744777421248742402_n.jpg",206,206,false],"list":["https:\/\/esportsmunicipalsalzira.com\/wp-content\/uploads\/2024\/07\/449592137_977761614358434_6744777421248742402_n.jpg",206,206,false],"medium":["https:\/\/esportsmunicipalsalzira.com\/wp-content\/uploads\/2024\/07\/449592137_977761614358434_6744777421248742402_n.jpg",206,206,false],"full":["https:\/\/esportsmunicipalsalzira.com\/wp-content\/uploads\/2024\/07\/449592137_977761614358434_6744777421248742402_n.jpg",206,206,false]},"_links":{"self":[{"href":"https:\/\/esportsmunicipalsalzira.com\/es\/wp-json\/wp\/v2\/posts\/7812","targetHints":{"allow":["GET"]}}],"collection":[{"href":"https:\/\/esportsmunicipalsalzira.com\/es\/wp-json\/wp\/v2\/posts"}],"about":[{"href":"https:\/\/esportsmunicipalsalzira.com\/es\/wp-json\/wp\/v2\/types\/post"}],"author":[{"embeddable":true,"href":"https:\/\/esportsmunicipalsalzira.com\/es\/wp-json\/wp\/v2\/users\/2"}],"replies":[{"embeddable":true,"href":"https:\/\/esportsmunicipalsalzira.com\/es\/wp-json\/wp\/v2\/comments?post=7812"}],"version-history":[{"count":0,"href":"https:\/\/esportsmunicipalsalzira.com\/es\/wp-json\/wp\/v2\/posts\/7812\/revisions"}],"wp:featuredmedia":[{"embeddable":true,"href":"https:\/\/esportsmunicipalsalzira.com\/es\/wp-json\/wp\/v2\/media\/7813"}],"wp:attachment":[{"href":"https:\/\/esportsmunicipalsalzira.com\/es\/wp-json\/wp\/v2\/media?parent=7812"}],"wp:term":[{"taxonomy":"category","embeddable":true,"href":"https:\/\/esportsmunicipalsalzira.com\/es\/wp-json\/wp\/v2\/categories?post=7812"},{"taxonomy":"post_tag","embeddable":true,"href":"https:\/\/esportsmunicipalsalzira.com\/es\/wp-json\/wp\/v2\/tags?post=7812"}],"curies":[{"name":"wp","href":"https:\/\/api.w.org\/{rel}","templated":true}]}}