{"id":7814,"date":"2024-07-20T22:39:06","date_gmt":"2024-07-20T20:39:06","guid":{"rendered":"https:\/\/esportsmunicipalsalzira.com\/en-area-esportiva-entrevistem-jordi-berenguer-director-tecnic-del-gran-premi-ciutat-dalzira-que-sera-la-prova-inicial-2\/"},"modified":"2024-07-20T22:39:06","modified_gmt":"2024-07-20T20:39:06","slug":"en-area-esportiva-entrevistem-jordi-berenguer-director-tecnic-del-gran-premi-ciutat-dalzira-que-sera-la-prova-inicial-2","status":"publish","type":"post","link":"https:\/\/esportsmunicipalsalzira.com\/es\/en-area-esportiva-entrevistem-jordi-berenguer-director-tecnic-del-gran-premi-ciutat-dalzira-que-sera-la-prova-inicial-2\/","title":{"rendered":"En \u00c1rea Deportiva entrevistamos a Jordi Berenguer, director t\u00e9cnico del Gran Premio Ciudad de Alzira que ser\u00e1 la prueba inicial"},"content":{"rendered":"<div>\n<div style=\"display:none\"><span id=\"u_0_10_Fn\"><\/p>\n<p>En \u00c1rea Deportiva entrevistamos a Jordi Berenguer, director t\u00e9cnico del Gran Premio Ciudad de Alzira que ser\u00e1 la prueba inicial del nuevo Summer Cycling Challenge. \u00c9sta empezar\u00e1 a las 17 h. junto a la redonda del recinto ferial y durante hora y media se recorrer\u00e1n 60 km. Escuchamos a Jordi Berenguer a partir del\u2026<\/p>\n<p> <a href=\"https:\/\/mbasic.facebook.com\/groups\/alzirahablayescucha\/permalink\/2646762192172487\/?_ft_=encrypted_tracking_data.0AY-l2c4n2KxItMSbrUXm0d32ZtXo98ZUPx3xC8MCIpkorJeove6q5w42c2_7OIwd0nJ8CFJutuRyjgA72Zt-7ZQioVw1tKkr7l_NX8TLehQ07nLZleV6RDyKfijwza-12GD82caj0OS4N-VIyYNMSBrq-uRNXoYyXMXme7bIHW-Pe8wcEzvdDW_CAlBvtoDn6qUBOuZPMtuLjoBX-QNIUMyH-2z_sPjL273Q6lew-ttqONvWoRzcmTXgJ9eIyeabVpp6wIav1FG3UgMvhZZWYNw4hASfPRfXcKTaIj47clujd3kulR8UQ7lqrcMDyzO9ReGcgWdfnQaJhqDp1ftlKvpbJXVie9oIMDe665QupXoCtj3O5fA-Tj2L4JXtzFTCehxFyCEA1feCPAb7LSu-RYXInK8gcWJtGULh5Er1GNAXjC75tyjsTpTS-jvPD-iCorhd8MnoMDV6ugKe9T2rbaCCatCx2xeFyFH7BoVI7H4PWmoFJFSL_QbzM2iX9i-few_HUu4c9EzNVSipC02pBQbfXqUd4ikd7UbzyAlRhGhA2G1Jt5Uo-UtHjeOMOco4ic1ZhBXHWQJaPw4Kiy-GaAhQ0nHEieZxbnlXSThTO-wo9RUqLJWNEXGakkddgywkcrPQzR8rtBtM9DRKLMuc9kdJ9CFjPM5Hb_wpmq8-b6XuC6LQa4OPKVPg_GM-GLu6mSr8qMM93wwn76qORPZol8jaNulFKwStYlsvpcDIBWf7f4AMpLb3FW2uqglX47UVS7FW3klTS-gBejL24pNyUoZRSUmEQ9Xeg3HU8MGe8ttoHePWwU4lZsZvIAqf2HriBC8Qf20lGUqXr-gBh0E2vNelXzGtSQgN4oDSOZe7iTNKckhh3sxg1PdP18p10rr1gs3SNei2Bb-rimXG-s_k93Tfc-u83D5wn85VdFfTKN4RGeWFpRa2ENTTlJZLY6WbFlc92OaSSjYJDV6WMOeqmMWPVexOE9a9RKqgIBbeli_bK-ijRRS1-56TZmrWeKTZMTrVIqKhVa8KeB3uHCX8rnw0OXDD_0ajY2_NAcN-kEJA81LDfhGYh0xRlzPMEDdAld8QmdgUC6oISW46boH0mJimf_f4U4abJvM_nxPUqoU-GSVV-DN3Xg5U4D-P1EGgyVgJjFNVUYYD77yochSnbwPCWNNQlErJElDeDjqvNFXew2XcL30CYCA-S_ADlxL4th0ycf8T_bDrLDOTlnYrFzQWKHXwxbbJjAEp4hOR5LrHpaghQhuloyIN6DdH3bDNeeEFZx127BswhM2rI-_tLY1_u3iRBgMAxwECjmmftMq-Nu6Q0Tv-eB_Dh2XpZ6l0ySloNDxHYYNDyFmWlhgwRuT072Hw2hJWpc7NnFEqN580quAVu-7N0rUdaeIY3W0_pw_z2mTZMsRrVAofl88V1qIpZxegBTf8TyHtpnpHw3TN_Tvd120el2IyDMdtqjhCOIfA8AwUJzw2VkCgaNOkUEJkYbSN2h6xaNp2FaPgz5jWeUP46JZDBnsFSLaEMu79q2NYRiV-Vmdad7kOG69zHKhe2aULivls2ZnIJ9x4P0GWVZ3hshfhvIk1lkBMjPdkL1M4q0obsLGJsk-3khyS0VMUC-MciUXjBaD2MU3X7-kF3wJTrNTsY2BI-f9yWdzuTWiaIq4OspB0F_jN1JMPTyStHQjoLQzKXb05jNk3bLyHKki6bejsoD_DWbIwHthFFyQA-zHH4OZAKvopb7QPgBueCKvkBE7NSKuqhmCKl8P-vNJ_4ASDi9ovwbcZUDE0_H3KU_GZ0mGI8CT1obkSBjE4iuH-oLj2P27xfmt6WJUyWSkO_XIi4KyX1HCngTvGB_P-_7ztYo4CtOvgmKrjvWhpBOaC0d1c6QJCrrdcKBfElvEpsDu4NsyPJpyvzM4c5QGRDfjSf0V6q1RZ7Xy60_jjtiLkLCoGuGB9obPpGCs6Z4F6divbYmMSXPY8bkj2YO8MVfHG30kPBJBQcfIlZHIlZyK7BVmmJrrMYAZvnTuJ0cLPQqqZSCNr0ZIlQ3M2yiVJvhFegEs5HUWqIw0_8uy7fZzfJ08uFbJIpeFoUGv5togROdswuRjbc9D9bHOdHa8LuypYv6kFsEgKSnwKcWd8c94y5NyWbOCWjdESnAcT4UiKrtw2roYSvFB4A5jSz-qRF8Vc-NtvcpVsTuh6hWZ3RMhBcgcJyrP6bKT2lIfsGegLmEdoLmt-R-VIhuHLnolst6UwiREKft_BgNxmyi7uWhfNPyRaF3q4UMYdldn4Dp_UQK4sGDQd-_zVjK0vZ9WXvMcOD9a5cNg-jDyS_Roc2olnG_twdzuQ7xG-ACyGiw0yVqSMU26fStjyu_o6yEenoyE8D0ajF5WTNN3Xb10rMk4k0nrm0qU15j-F23iQYo74VmgFEcgcypT8LwHqK4opcGA1pTz3J7yRAB3plSk5oVCjQf8OM1Aep2I0sI_5awbP7oFpDuBTCof9LG9lCRBL9rYjTYc-DsJmphZ81Y0ZoYOptR-tGbu1QyHhPZ8ji8pRlRUc9u_R0LDs-oSblPcx1L17TaCG9WrpWBhYs2CJBGSPrG3UMir-_zsuC508wOTMZjd9l68Gy4Q6TN8_4pC3mxykHFLBEVU5ixLBsnow17G-uPrhU2fyiH8gJtgBc0-2rwE6j8WHG7VyCIn6l6O1sFc86mKAjrt0kasTc6alZO_F_E0Wvvd5OxHv5rAZ39J-SGssjOY7UYmnJZxNMGv0wrSM4wfLXkK_-Ox2tWpssHMu-mkV8cFUP2on3GYel4YnMCy-SwlICE49Z0ZaWkMvBBxpVLeXDdCNWZuFPjk_zlyTmbIekOfcyJmZZcerQVLfrSYn5KbtipeNXtKoX_scl_zwFYxCJldUmD8__QMRMOvsMZjIaV1YN7QYWPJ120UevVNzosJPl3gdy23Ctw5q1hkhOfzHAoKAZRQKf7hOIFZE8H_d4rIEmqOSQi_W7WKhH28U2y5piYGhoRI1N3bePauEhXisW9TlRsXvDncPZsbm7e_umn_sAhrdt9XMGZt8J0XnSW7mD5RTGUaSFuBKH72jjLcNeiuAfqxAUw1MJNz8iVlSfpnGSsjCFjGYhjvqIfoQotc__jhCumTfxIlw_zbfIbw6MzaZDKJAEIzIkNxln748AdM05twOwof9UMyRhUhRFw&amp;__tn__=%2AsH-R&amp;paipv=0&amp;eav=AfY_yzetdIg344i0p0vxmu6ugG4_bzpwAtBG7tP3eWk3x8-LR5ht2dEA1ogVF2eQLdA\">m\u00e1s<\/a><\/span><\/div>\n<\/div>\n<div class=\"ck cl cm cn\">\n<div class=\"co\">\n<p>En Area Sports entrevistamos a Jordi Berenguer, director t\u00e9cnico del Gran Premio Ciudad de Alzira que ser\u00e1 la prueba inicial del nuevo Desaf\u00edo de Ciclismo de Verano. Esto empezar\u00e1 a las 17:00. al largo de la rotonda del recinto her\u00eda y durante una hora y media recorrer\u00e1n 60 km. Escuchemos a Jordi Berenguer desde el minuto 7.32\u201d.<\/p>\n<p> <a href=\"https:\/\/lm.facebook.com\/l.php?u=https%3A%2F%2Falziraradio.com%2Fdissabte-alzira-acollira-la-primera-prova-de-la-summer-cycling-challenge%2F%3Ffbclid%3DIwZXh0bgNhZW0CMTEAAR2qpfg4FwxHTtKUQ_SJMePfPfLxH5W3pKcTq1SdVeYxvudgZ2puJJUqhuU_aem_PlZK9RYolbJt0oY4_qB6kg&amp;h=AT1p7kjFKxzbxTOfn76E4m7huOEIZvYVzRWuV9fsf_IMg0d0tDscJ6qf7R5AGMPh5sn6ORHoB-bV22SSVjms8Dw8h7oY0JtIL4mCtvHossf95adV_IhaHmI11v1GFbMlOiwsrgzSucDAwbqYlzlZ1B1tDaorJjyjpazw0CsFnFYngBugWyZXuEwThcnBWQoD_OcuC0JoXgLy9MN6zoNUXwpwIECvA9v8CYhvoiYjOsHYeHb07qnHSbqQRdfLg8fsG-RavVsi59AVtDXr5pLS75hYSNv3tuH8llJWDEAjFp2sbqlx18RCq7CFdZo_g3sCvP77ZNSjK3vyuIDwPHORr86-C4tUilXoECSpAdoSTWKdyXQm__luTmSXFk6DBvm-arHlmP6-KI2jBIS3oKrh3gYZpR_5WlzY5gKGaufT2h4oeM3yRRixwcffQAg3StV1H-riJZAQygjXkRTeffA8cM3yeNjgcFZS-7bf1XfuBFeRukoEBAFHYe25U-CfGM5vWCvh3-AEyw9ASt_B0smI2O4H3qZybmROIQ3ObhHvsqYiy4STb7hbaTSyNKF7SAKvlr9Rtqfcgyx757HtYNYvZ8aJXjOps793HQYeIADWbKDsGlJgMGO0hC7jkK7kVqCbdONtGsV__83Oj-as606uqCLOK7BLmq_PZS7jzaJHyKfn_R9sejJVWkThWPT7r_z9AmEwGp0SIMGCbSSkJs5-KPRUE8jOL1ozr0ldwK9pS2PS78iP9NorQNycdPepAIE5v3clDZSG24m3p9wsArJ18Wb2VQUI_jenx4WOEIQ3Zv_1N1RMoCnJarsxyFn5u46_FtfWcHMzkA3MTcMY-CjE7ufopeCVC_DIbQfYoQuzLMwEpesyfWI81BluV6h-Z0Svw-X5jiLC50DCUKSthV2fCSVYrNfXXyBh-W5XjdtIQFSMfKKpKfmDZEbNtCAYWiaXIff5Zb80k_9K-5GLSn5XA25yElg8Zug5EG2mxZ91lNK6FnIqYhIjGQSi950lNo3AKBcpUS3EjV18vA5Vc-MnokCcP2CP-36vy6ry3Kai0I8W7LuYJmQI9hzSCzepHWonnT7VeKVmYxuqok0aF2zJirBqyw94h6KUyBsO78Gk8Sstfwc_5onoFF_TbxoisR_sY1G-Kcw5-G948bYft2M09zBVZdnuvPI-pbkFgn1bjCtic_1JNf5Iq9FQHxcNtPnrdD_EBIQTb-UW_8RbNheTwbQrnhZQvY5rJId9DV431sNSgn0N65JVb6t-US1mbhXB4m4thcdf9nk_1S2zMBP9DKRn8hB8oGVlR6BqTcQTZ9ARcSL2dMnNNilU76kguMs43Llw0Ctfh-DmMKczWSiqHrQ4bM8D6CFSBPEvfTh3SCWDak-1ByYHlrDCPQKYW3zKTEble-0HhSExaad8FaRwJalV84Xn9y0ed-0H7vZZWiYWp_72HTab5Ca-op9pn-QDgexhpHzxZR3Ib78KzYpcO9tRL5W-i_xjiSO3ROXIY_hcJyUmIWPaGODb-lF_8fwRm02uPMWFg6PC7oaM_igQGw7uj6QC-NHS4dczw3OFRQwGhOILnXMsIZOWA9mMiMRuhfpOWN5Z49U9TmM06co83W0RYRzDlroynWUChZ9kR4aEMcQBFUJDel-bzrpmfZ8ToMuEoo5E45hx-FFaFZ854yEEqx3L3mlh1nipecH0SOvWI6VvuMTCyi_asOHyfd7RnA8zIRgylnnzGIib8M13h-bhD9rE-y0lejBJDl52yyZI2GvvHKgEVs4HTqzqkhCBG4wX_KlHfUOdFc516SbQBXN0EIRy71uHeaUDYbfxk6AsW9kTxBeZYck2fhBTu6appAbKxhLDN-dXzH3ODxFrYpUsvz4hy9O9b9C3c9CAm9-yb8tuD0KZXGJP9txwiI75UW7QbrbXbp154nGD5sNhkoPGQSVg1_cV2D-ePkyDrgcbt7ztzTyBZLG3BYmFNXqdSF5p_9X8Tr62uluWUNQaNimbPFl2HV52BE3GIWs46ozN2RlhdWVR26OvhKQYheFbr1b69JlVVYpqhX-dREqIEA8WZcsiPM5ooP7Kf44JAflnLSYDkrxtcS_OyBxgKqOqe3XdIZ0Qp4YDBx4CXffKAE1gQcI6B_UqbhTeoJaL3S40K8ffuV0_le1GlPcW_Pn5FxdUOR6FAMhMERO0WSmaaulroMTWFKeOJFtD5Muxu3FzDFjJZQ6JWIwJuB48oUVUNiy637ZaNNycY0gBQlsYSULfhPVtG20xS89GWazQk0wgFhXWXx-4ghE2YnokaQ0dEFrq77Grsl0eA2U5QpoW7PNJuiQBot1Ab-DWygpBFBp2YVZdatDiFL7F4Cvpkhum82i38lvnaOZYOmYn9TyW997EHge_X38eSEFGxVdQAQSfcLn0RJCE9deIf8y7-Gq1NBI3c3LpSEqUheQfV4laxmatnv8pCmCUsYkGi9Nhl7zc4UsnUfMNszw75zw_BYVlRxd3xaxV1AjcXtuTzopO8Aykwa53dKuqjyqa-vkzhAV-Cu7xvuG_X3xtSQO2Qw5O_BZaYOVOlvHk0Ydk1pxH-yM8_1GRDbIK4E0kUv-s4s2zRrlNUgghNTIetQ5GaaFhjtX-XUsp13-drV6SZPPF36yz4jrTCRRxI50big08WOgisv6rMuEobgoUh5N23LaRVik961GrRPrX-fygiw0cqxavGn4bI19I0S4Q7IFJD5soeWZIaiMn_WANxSowrXHnV-WyxDHlVoqFtUztClK2cM3ocbOOPBzTEA0VB5Bw6O9xXrfzIPVoEuR-oN1CAuvG5EQ5jtDPOV0vWZB7rzpKk_nlsCKfi77_rPeZm7M0cO0WfSybwgary2Bpc656G371KsdwK0cVnIjDZQhf-2R-pWBkCZjF4EJ3e7WByDkVdIioDFzUbWCgA4DKvaEwGyC1uPsbH-aV7_u9wF8KSySvcHwbKaXYlyK4MwbFFWbGjyaC2tTSiNVkYdKF2BRMmGo_mqloO69xnc0C0Rg2Cgk-fhPB_NKia0CRUEDzvRb_rnbYkKnqMHe8dwDWPfwU1Dmig7Nokx6NPO58WUzWgZaIDCNdWoYvRO8pSeo6W5MHjnX7cgEVRdKMiTqEzMpUaov0easU0jdqPnskieJwYJB9eHc3kj8yK24V8REULBLALMgxAO2oR1I6CXNn5pkMUhDUSfxKeA_BxDPqcXFFMOBa49TrmlovIicu0kMs4wCemUwoB3-R20VMl2bSqDBkiLR5RThy0mevyXZmELgACMpEZaI8hQ70A9uPGWnO5a35sU3lthA51v47mKALHX9N2sx2NUXURjP4y-AoLJyC6fM57T2KXa4GP8LC4BM57R691fjxNGDCLBxANx4Dzgp_NxnakPHtqflpFkgdEUoqkUgMTJ9gebvuE64N9i_uH8IE7648ghwyv1b_9Efm_aAvTAG09eDAdanmtxk-iTQJ0y25X_O6dSO9bOklDqLroZY7XflqNB6Ag2MrGkOL8OK8hQZ8cghb3crAeRLL0cgK7FWrf6EReab4LKGSi20IBAjHM1w0kQ1u6jsWxekOe6VuFGCa4AvOIB3j9gTfjx50R01KIH0zPheK9FThdkFs-Q6WWxHM4MyzRmlD4Hs1AX11-lNLHcgkrL-jFz_MezeqT31zZFI_51LAF-Cdnp0Pa6mUSZzuFMuh4x-bc8zfjU7nrVxpFFKKtwNX7QybsdOc1NWM6Oyy-FLIY_rKcnLSG1Ky_kCLygPMMOfC_7tvPdbmQ3GSxhhINs5b9pbIzwliEhDo8YAyUBgveLcBuUZNQkQ5XtJ-jsCz2CU6z1SD-88Zt5ZLcoe7Vmv-9CT8fDvHtUAGpNNV9cxQOadbUW3fiKIH4k1lZgvWpbUgSNCqWGGN-KMqJxMguqMKC990s5PYbE-2kVI9bekxUnG9f2LvLHZ1_DJDVQlhw8cala48Gk5rvN0KhZFnla-KxH30EjTET0lYKijdhoyak2wElllfWnp8NgDaH014IaZc-Ck7qXTUZY2PSaNC6oYgMkjwNnLyoRjEC9SEsnHiHuBUlahnam-kpIfxIcAJVRQEzEXtReqrh-1BeTIqj0RDS9Uwy4wRe4s_XSYPUhuXA2HWIQQBVXNiV4646k8pcMSxAjn_ga9kBn5FZnlOYo5ece3rgJvABgWAkhLqmbWo4aDIBk2Gn-xh4G6WxZVxXDfg8c5EAgBCKJEbcyF1v_9FFrTFXUFGfqvym2nYBLFh2DUEQ5-Lypp2PrHdVAvDmqko3pmYZ6gdBl_SCvW6j6813l6Fnx36oWFAfAb8h7rpOoweZpabfS0i0uH1Hmhhx6mrj8iZlYqXPBW9YP4max0ZC1UWqTkVE02i_h5I3Qc0aCsoX7ln8bb9SIaHfRlP6p5p-hIRcar_45YVNf1Mi-4TTsEqpZmJqjP_peM62gunucXdka49mrc1SY-wZA\" target=\"_blank\" rel=\"noreferrer noopener\">https:\/\/alziraradio.com\/dissabte-alzira-acollira-la-primera-prova-de-la-summer-cycling-challenge\/<\/a><\/p>\n<\/div>\n<p><a class=\"cp k\" href=\"https:\/\/facebook.com\/basic\/translation_preferences\/?target_id=2646762192172487&amp;auto_translation_mode=1&amp;_ft_=encrypted_tracking_data.0AY_wkYWKidND6MTeXBKZ9yys0HHrkBOguyg4c7dbmEBfDQPX_T_vbRsuAD_sSTHmpPP6e_b_Xp5eXiqG_7VJ13-QKmQ_v1eJJ9JNFs7iFT4O97PwuR9UOwjR3aUmF9C5mWh56OFgtebT8Mp5uT_H8bnmA_RyeUR_hptEz-XLbsTnDSZxagmSRlDJQ-jzcgjwqBLZzT4qZKAK-hc0hwicwpudcCjAOK7f5b1Rp0dg-04bqp6m5IdZKDaQApqCtDkRuK-LijoNPMK0SazVtYfu38JFjkQAorI1gSdTHnBWhB4-6bDpmuaeBGQ9r4-F80jVWE0PGSa7aAbnvFbcbH6WPcwt9Hhj3NWyj8O3xwI6csRS06E_NwayKOowthQSoPRpZhQIkIhyNW-WAYWxcWREVgCvNgN_8xr3zBNhpWQTTDmXUViAZsBKmYqnyxsfDQt4DV1cqlKoNGWCVj9tRW4PzYGd8L4JpwJXJd9lCdYwmXzNHLxuZfgstx2eVUiBzInqQB_MMwRMH_3px8_DsO2zrYvHed-SQjeiOnqQ8PiCmUvT50NdeR0q-jkOdCDvt_G21UNI0pr2lhPTyNspJorCGxYx-hLx0gTAUGYeyb365Su2OZ2Za-PD4J86B24X-EiKCbBjzlEHAZjA-ZB-pTuhkkaoc8xPG59rzXqU-4gYCpUaGisu00qa2qKXZqZpp1DiV4lGWRZchXPVx3aM8BqaTUaLkXdNy18rt_88BuWtk6KcD93jy2imrmUe4ddjCqLy98E7rqOSme1IhO9TxeAkzHiU-yEINN3KqawKmYqYcGDfowiWTOvp3YKefcX7pIXiJh7-bWW8H8p_2PN-A1EYGbWQdL1GDYCJsSsVKZZ3KW4dvNutUnSslnYSxsXKnCWxvgwcEelX4paQBMvRdBgAYr7OSEh8iDqBjYRsxkAE66e6CZtdHgTidQAfPcFlXg4M8hSgKpAEpYagsNz-ymHSPqjKOQ-vz6oywl39EKrfityj-ERDrrdPwDiwWANtGJLv1cNJ37bKgc8_ZOXJJlvERHeZEO812Xv5Ts-3iW_BcGqSG62T4fFTBCy7Pblq9PyNDYWHYTzyMsM8woYhvRU8IsZSEGnJptxkRC1pUCAcsSfWvAzTRSCR9WMl8d5C7ollSyeI9GlGjfwrnII-WE7QHa4npXhR7jP3r7NolQzTMqSG6bNzHlKWG6UlKmaOTtmeN0qFgRsxxgaaTKxI-05-ixfxI-q0FfEoOW1NSJDQtwpC6NGJYaXFsFlqF6mKhubOJbv96G6HRKFbbLz6zHypBJfF2N0Ld5JtPHv08aj96zr00cV__MhTstwLpm2Q3TWpcgS-zoEoDrwh1IzPPXqiCRE9ntz0FzD_6v-Q5VW-qTU9DPwvt_e16rbxWYyJHytV6k4WABZdt3uVrsaqt7Xp1mRvtgrriihsZievMdbw4vBpzrFxUi2VvNlVjwpv8BKBAMaid-Rj45fST3rAWntgGqsoEafRpOfN52Se9XDfM0UOEfj8tTpnyLbH63lb4KYjmvr74FkjARN_2D-wBvoB81DTvUCu735-IRgmB5st4RzRotu2SDoIj9yDdLYfrGOUrVj9sH-GmxG6M_v9KJXXAR9hzW855qU9MAg_NYrVHJX02ID3shTpRs2ZPKKLC10-51tWq_2hZyFD8jiIx4BIIHKi9fFQlmr-VpTWlv12vwD5bfgvs9vax0HgL_Mr8Da-n1Uz-sDjK6co3HKA4-CFz7w4qznGk0UpJntjkHs64K3f3y0mLjcW1q8xDZd83qlOwdtOn3SBjLdGsueVeY0nBVNGa3b8ROGvyyzqmDnvDuq8-Qe2NS_X2lbcvxijmN8dBTNymD5YSF5X4-m6mKiY6la575tTDG9Hd3exEETsgkaE6qtCKe7KJxClInSbMdlUIHFe_2qkFUxWBVjJsKV0jz8LvYl_w4PTrXtj6EHjusMCzCdXBlk4vlgboIaW1_PpIh_Z-lWrVTVQJN0D6-3Z7_v-4rrNCM-9mYlkvl5G3uMnN2xQB_cwWqplL7S0vA3WKc4d_waXGPeDjFYuH2njkJhj9NIjAUPvcFPutvsJ6urj7bn-KhpCnvKi3AyBuGKYMPS6eJboSCSibzxlQHOZ-7S6LqFJ0pCs-Io_ZiS9EbhgnWcK9fa7PuNzq6rmD3aDTO7cbEiB1hxVVl5FQ8d0Wx_xfArmG4vl72SER62BHOOkCymxvisWR1ebKz4exABFaj0MHy0oKCYJf3uGrWu-_iSq9fAtlD6vNgMeEC2s9sgYysIP7oGBDTiXcilJAi8NNms-9_DXRzZEk7aGks4dXcc8qQFtDakUFxqluLO_ivimLCAvVKVSkJ6FwhenKdRBudMHiKEjLDjdfTeXV8piDwsWTpdA5S543JXeWNfbc17R32X2_juxMvShlmnpmPjDrCRe1QKSpj8lQ6fMnf58V4EPfP8NYz3HBbuGXXJxjJncL2JU6byMkhrDk9iNY7vdpVOiY0IGlrzBHlvgeZv0bXzrBCLpZKvrrt-AkpP8RyQMitCfNsaefqMc1F_8_ZWMeWVhmQQ7fDfHlXr-ibLVoWlov5oekKiCm7sBe9Z07BjH2loMTeUkZnKND-XWRo3xyEyp7nysTYRz716ZBEbH0zGXih9BtfZCJFf0fWb8lFXSMnxC1DSTNXlq9STaWWKcwTtt3N0hoKy9VkHrylDQQlMQQRdtoX_eUwgKRjyc7SpwY7R4L_VT_f0LTKfILTE-YduJxAUbjg4_mnKVdWvVu6hUsmraWkGIOr2jeEnQMI2X8H34Pywl7uHVHTsZEkY2da6Hn8C9G2H9BDYdqtCc4Gv0TtWZW7KDdF2fOvd208gqTjnmfsEPgxpxXkbD8akb1jlmflX7GEoACIIJtW1R7t1pRrTzl3QGBQyxaC0_JF-fVW8zy4InxnWQCEzXsXgzjboWGp-uR0-Ngea7mwHBoY83Ifae5l0zlOjaE8NaiIJif07WnmFutaoPGfn2CyLCVirU18F3RWsmUyIZDYNrXtCs_yAKyOGcXJBNu9yhZ9uuhGbbbsEglZ8HkrzSNBb0gPz1sDrDNbH36MHHIh_j2bn7rzi_C_1mpHFZkN4Dwueu6Lmuo22gGIuA_yOjLoPsDMr0BIbG16I1lofKDz3GJKS5PK8wUQv9NIU0PGwp8qwAqorUtHpCOA&amp;__tn__=%2As%2AsH-R&amp;paipv=0&amp;eav=AfapU5oqV0mR-u8xuOUS7nObeztC07IvyqdY-lKGGISs5pPjYztnRtONLXKCSiLUexk\">Traducido del Catal\u00e1n<\/a><\/div>\n<p><span style=\"display:none\" id=\"u_0_11_0n\"><\/span><\/p>\n<p><a href=\"https:\/\/alziraradio.com\/dissabte-alzira-acollira-la-primera-prova-de-la-summer-cycling-challenge\/?fbclid=IwZXh0bgNhZW0CMTEAAR2qpfg4FwxHTtKUQ_SJMePfPfLxH5W3pKcTq1SdVeYxvudgZ2puJJUqhuU_aem_PlZK9RYolbJt0oY4_qB6kg\"><img loading=\"lazy\" decoding=\"async\" src=\"https:\/\/esportsmunicipalsalzira.com\/wp-content\/uploads\/2024\/07\/449592137_977761614358434_6744777421248742402_n.jpg\" width=\"200\" height=\"200\" class=\"x\" alt=\"Puede ser una imagen de texto\"><\/a> <\/p>\n<p><a href=\"https:\/\/alziraradio.com\/dissabte-alzira-acollira-la-primera-prova-de-la-summer-cycling-challenge\/?fbclid=IwZXh0bgNhZW0CMTEAAR2qpfg4FwxHTtKUQ_SJMePfPfLxH5W3pKcTq1SdVeYxvudgZ2puJJUqhuU_aem_PlZK9RYolbJt0oY4_qB6kg\"><\/a><\/p>\n<p><br \/>\n<br \/><a href=\"https:\/\/www.facebook.com\/100063537194811\/posts\/2646762192172487\">source<\/a>  <\/p>","protected":false},"excerpt":{"rendered":"<p>En \u00c0rea Esportiva entrevistem Jordi Berenguer, director t\u00e8cnic del Gran Premi Ciutat d&#8217;Alzira que ser\u00e0 la prova inicial del nou Summer Cycling Challenge. Esta comen\u00e7ar\u00e0 a les 17 h. junt a la redona del recinte firal i durant hora i mitja es recorreran 60 km. Escoltem Jordi Berenguer a partir del&#8230; M\u00e1s En Area Sports [&hellip;]<\/p>\n","protected":false},"author":2,"featured_media":7813,"comment_status":"open","ping_status":"open","sticky":false,"template":"","format":"standard","meta":{"footnotes":""},"categories":[1],"tags":[],"class_list":["post-7814","post","type-post","status-publish","format-standard","has-post-thumbnail","hentry","category-esports-alzira"],"featured_image_src":{"landsacpe":["https:\/\/esportsmunicipalsalzira.com\/wp-content\/uploads\/2024\/07\/449592137_977761614358434_6744777421248742402_n.jpg",206,206,false],"list":["https:\/\/esportsmunicipalsalzira.com\/wp-content\/uploads\/2024\/07\/449592137_977761614358434_6744777421248742402_n.jpg",206,206,false],"medium":["https:\/\/esportsmunicipalsalzira.com\/wp-content\/uploads\/2024\/07\/449592137_977761614358434_6744777421248742402_n.jpg",206,206,false],"full":["https:\/\/esportsmunicipalsalzira.com\/wp-content\/uploads\/2024\/07\/449592137_977761614358434_6744777421248742402_n.jpg",206,206,false]},"_links":{"self":[{"href":"https:\/\/esportsmunicipalsalzira.com\/es\/wp-json\/wp\/v2\/posts\/7814","targetHints":{"allow":["GET"]}}],"collection":[{"href":"https:\/\/esportsmunicipalsalzira.com\/es\/wp-json\/wp\/v2\/posts"}],"about":[{"href":"https:\/\/esportsmunicipalsalzira.com\/es\/wp-json\/wp\/v2\/types\/post"}],"author":[{"embeddable":true,"href":"https:\/\/esportsmunicipalsalzira.com\/es\/wp-json\/wp\/v2\/users\/2"}],"replies":[{"embeddable":true,"href":"https:\/\/esportsmunicipalsalzira.com\/es\/wp-json\/wp\/v2\/comments?post=7814"}],"version-history":[{"count":0,"href":"https:\/\/esportsmunicipalsalzira.com\/es\/wp-json\/wp\/v2\/posts\/7814\/revisions"}],"wp:featuredmedia":[{"embeddable":true,"href":"https:\/\/esportsmunicipalsalzira.com\/es\/wp-json\/wp\/v2\/media\/7813"}],"wp:attachment":[{"href":"https:\/\/esportsmunicipalsalzira.com\/es\/wp-json\/wp\/v2\/media?parent=7814"}],"wp:term":[{"taxonomy":"category","embeddable":true,"href":"https:\/\/esportsmunicipalsalzira.com\/es\/wp-json\/wp\/v2\/categories?post=7814"},{"taxonomy":"post_tag","embeddable":true,"href":"https:\/\/esportsmunicipalsalzira.com\/es\/wp-json\/wp\/v2\/tags?post=7814"}],"curies":[{"name":"wp","href":"https:\/\/api.w.org\/{rel}","templated":true}]}}