{"id":7865,"date":"2024-06-24T20:03:31","date_gmt":"2024-06-24T18:03:31","guid":{"rendered":"https:\/\/esportsmunicipalsalzira.com\/fin-de-semana-en-el-campeonato-de-espana-master-de-karate-tico-y-sonia-deportistas-de-club-karate-alzira-han-competi\/"},"modified":"2024-06-24T20:03:31","modified_gmt":"2024-06-24T18:03:31","slug":"fin-de-semana-en-el-campeonato-de-espana-master-de-karate-tico-y-sonia-deportistas-de-club-karate-alzira-han-competi","status":"publish","type":"post","link":"https:\/\/esportsmunicipalsalzira.com\/es\/fin-de-semana-en-el-campeonato-de-espana-master-de-karate-tico-y-sonia-deportistas-de-club-karate-alzira-han-competi\/","title":{"rendered":"\u00a1Fin de semana en el Campeonato de Espa\u00f1a Master de Karate! Tico y Sonia deportistas de Club Karate Alzira, han competido"},"content":{"rendered":"<p><br \/>\n\ud83c\udfc6Fin de semana en el Campeonato de Espa\u00f1a M\u00e1ster de Karate!\ud83c\udfc6 <\/p>\n<p>Tico y Sonia deportistas de Club Karate Alzira, han competido en Ortuella, Vizcaya realizando un gran trabajo.<br \/>\nEn esta ocasi\u00f3n no consiguen volver con medallas, pero s\u00ed con algo invaluable: la sensaci\u00f3n de unidad de nuestro equipo y el vibrante apoyo de los valencianos animando y apoyando desde la grada.<br \/>\nEnhorabuena a todos los compa\u00f1eros de @FKCV por los logros obtenidos, ha sido un placer disfrutar de tan buen karate.<br \/>\nAgradecemos el trabajo de coach de Juanma Can\u00f3s, Pepe Carbonell y especialmente en nuestro sensei, Pedro David Pel\u00e1ez.<br \/>\nSu trabajo y dedicaci\u00f3n han sido fundamentales, cuidando y apoyando a todos los competidores.<br \/>\n\u00a1Gracias por ser la columna vertebral de este equipo! \ud83d\udcaa\ud83e\udd4b\ud83d\udc4f<\/p>\n<p>Seguimos aprendiendo y disfrutando del tatami \ud83e\udd4a<\/p>\n<p><a href=\"https:\/\/esportsmunicipalsalzira.com\/wp-content\/uploads\/2024\/07\/449108089_7807948709321515_2029015241369671334_n.jpg\"><img decoding=\"async\" class=\"wp_automatic_fb_img\" title=\"\" src=\"https:\/\/esportsmunicipalsalzira.com\/wp-content\/uploads\/2024\/07\/449108089_7807948709321515_2029015241369671334_n.jpg\" \/><\/a><br \/><a href=\"https:\/\/esportsmunicipalsalzira.com\/wp-content\/uploads\/2024\/07\/449123005_7807949132654806_7341600970922243870_n.jpg\"><img decoding=\"async\" class=\"wp_automatic_fb_img\" title=\"\" src=\"https:\/\/esportsmunicipalsalzira.com\/wp-content\/uploads\/2024\/07\/449123005_7807949132654806_7341600970922243870_n.jpg\" \/><\/a><br \/><a href=\"https:\/\/esportsmunicipalsalzira.com\/wp-content\/uploads\/2024\/07\/449145356_7807950169321369_2879603159730408316_n.jpg\"><img decoding=\"async\" class=\"wp_automatic_fb_img\" title=\"\" src=\"https:\/\/esportsmunicipalsalzira.com\/wp-content\/uploads\/2024\/07\/449145356_7807950169321369_2879603159730408316_n.jpg\" \/><\/a><br \/><a href=\"https:\/\/esportsmunicipalsalzira.com\/wp-content\/uploads\/2024\/07\/449181213_7807950855987967_225401044262461248_n.jpg\"><img decoding=\"async\" class=\"wp_automatic_fb_img\" title=\"\" src=\"https:\/\/esportsmunicipalsalzira.com\/wp-content\/uploads\/2024\/07\/449181213_7807950855987967_225401044262461248_n.jpg\" \/><\/a><br \/><a href=\"https:\/\/esportsmunicipalsalzira.com\/wp-content\/uploads\/2024\/07\/449151923_7807951475987905_3285156636533940135_n.jpg\"><img decoding=\"async\" class=\"wp_automatic_fb_img\" title=\"\" src=\"https:\/\/esportsmunicipalsalzira.com\/wp-content\/uploads\/2024\/07\/449151923_7807951475987905_3285156636533940135_n.jpg\" \/><\/a><br \/>\n<br \/>\n<br \/><a href=\"https:\/\/www.facebook.com\/100063537194811\/posts\/1012584027536161\">source<\/a>  <\/p>","protected":false},"excerpt":{"rendered":"<p>\ud83c\udfc6Fin de semana en el Campeonato de Espa\u00f1a Master de Karate!\ud83c\udfc6 Tico y Sonia deportistas de Club Karate Alzira, han competido en Ortuella, Vizcaya realizando un gran trabajo. En esta ocasion no consiguen volver con medallas, pero s\u00ed con algo invaluable: la sensaci\u00f3n de unidad de nuestro equipo y el vibrante apoyo de los valencianos [&hellip;]<\/p>\n","protected":false},"author":2,"featured_media":7866,"comment_status":"open","ping_status":"open","sticky":false,"template":"","format":"standard","meta":{"footnotes":""},"categories":[1],"tags":[],"class_list":["post-7865","post","type-post","status-publish","format-standard","has-post-thumbnail","hentry","category-esports-alzira"],"featured_image_src":{"landsacpe":["https:\/\/esportsmunicipalsalzira.com\/wp-content\/uploads\/2024\/07\/449108089_7807948709321515_2029015241369671334_n-1140x445.jpg",1140,445,true],"list":["https:\/\/esportsmunicipalsalzira.com\/wp-content\/uploads\/2024\/07\/449108089_7807948709321515_2029015241369671334_n-463x348.jpg",463,348,true],"medium":["https:\/\/esportsmunicipalsalzira.com\/wp-content\/uploads\/2024\/07\/449108089_7807948709321515_2029015241369671334_n-300x225.jpg",300,225,true],"full":["https:\/\/esportsmunicipalsalzira.com\/wp-content\/uploads\/2024\/07\/449108089_7807948709321515_2029015241369671334_n.jpg",1600,1200,false]},"_links":{"self":[{"href":"https:\/\/esportsmunicipalsalzira.com\/es\/wp-json\/wp\/v2\/posts\/7865","targetHints":{"allow":["GET"]}}],"collection":[{"href":"https:\/\/esportsmunicipalsalzira.com\/es\/wp-json\/wp\/v2\/posts"}],"about":[{"href":"https:\/\/esportsmunicipalsalzira.com\/es\/wp-json\/wp\/v2\/types\/post"}],"author":[{"embeddable":true,"href":"https:\/\/esportsmunicipalsalzira.com\/es\/wp-json\/wp\/v2\/users\/2"}],"replies":[{"embeddable":true,"href":"https:\/\/esportsmunicipalsalzira.com\/es\/wp-json\/wp\/v2\/comments?post=7865"}],"version-history":[{"count":0,"href":"https:\/\/esportsmunicipalsalzira.com\/es\/wp-json\/wp\/v2\/posts\/7865\/revisions"}],"wp:featuredmedia":[{"embeddable":true,"href":"https:\/\/esportsmunicipalsalzira.com\/es\/wp-json\/wp\/v2\/media\/7866"}],"wp:attachment":[{"href":"https:\/\/esportsmunicipalsalzira.com\/es\/wp-json\/wp\/v2\/media?parent=7865"}],"wp:term":[{"taxonomy":"category","embeddable":true,"href":"https:\/\/esportsmunicipalsalzira.com\/es\/wp-json\/wp\/v2\/categories?post=7865"},{"taxonomy":"post_tag","embeddable":true,"href":"https:\/\/esportsmunicipalsalzira.com\/es\/wp-json\/wp\/v2\/tags?post=7865"}],"curies":[{"name":"wp","href":"https:\/\/api.w.org\/{rel}","templated":true}]}}