{"id":8005,"date":"2024-07-30T11:00:16","date_gmt":"2024-07-30T09:00:16","guid":{"rendered":"https:\/\/esportsmunicipalsalzira.com\/%f0%9d%97%96%f0%9d%97%94%f0%9d%97%a0%f0%9d%97%a3%f0%9d%97%9c%f0%9d%97%a2%f0%9d%97%a1%f0%9d%97%94%f0%9d%97%a7-%f0%9d%97%97%f0%9d%97%98%f0%9d%97%a6%f0%9d%97%a3%f0%9d%97%94%f0%9d%97%a1\/"},"modified":"2024-07-30T11:00:16","modified_gmt":"2024-07-30T09:00:16","slug":"%f0%9d%97%96%f0%9d%97%94%f0%9d%97%a0%f0%9d%97%a3%f0%9d%97%9c%f0%9d%97%a2%f0%9d%97%a1%f0%9d%97%94%f0%9d%97%a7-%f0%9d%97%97%f0%9d%97%98%f0%9d%97%a6%f0%9d%97%a3%f0%9d%97%94%f0%9d%97%a1","status":"publish","type":"post","link":"https:\/\/esportsmunicipalsalzira.com\/es\/%f0%9d%97%96%f0%9d%97%94%f0%9d%97%a0%f0%9d%97%a3%f0%9d%97%9c%f0%9d%97%a2%f0%9d%97%a1%f0%9d%97%94%f0%9d%97%a7-%f0%9d%97%97%f0%9d%97%98%f0%9d%97%a6%f0%9d%97%a3%f0%9d%97%94%f0%9d%97%a1\/","title":{"rendered":"\ud835\uddd6\ud835\uddd4\ud835\udde0\ud835\udde3\ud835\udddc\ud835\udde2\ud835\udde1\ud835\uddd4\ud835\udde7 \ud835\uddd7&#039;\ud835\uddd8\ud835\udde6\ud835\udde3\ud835\uddd4\ud835\udde1\ud835\uddec\ud835\uddd4 \ud835\udde6\ud835\udde8\ud835\uddd5\ud835\udded\ud835\udff2 \ud835\udddd \ud835\udde8\ud835\uddd4\ud835\udddf El pasado fin de semana se disput\u00f3 el campeonato de Espa\u00f1a individual SUB16 en"},"content":{"rendered":"<p><br \/>\n\ud835\uddd6\ud835\uddd4\ud835\udde0\ud835\udde3\ud835\udddc\ud835\udde2\ud835\udde1\ud835\uddd4\ud835\udde7 \ud835\uddd7&#039;\ud835\uddd8\ud835\udde6\ud835\udde3\ud835\uddd4\ud835\udde1\ud835\uddec\ud835\uddd4 \ud835\udde6\ud835\udde8\ud835\uddd5\ud835\udded\ud835\udff2 \ud835\udddd \ud835\udde8\ud835\uddd4\ud835\udddf \ud83c\uddea\ud83c\uddf8<\/p>\n<p>El pasado fin de semana se disput\u00f3 el campeonato de Espa\u00f1a individual SUB16 en Lleida con muy buenos resultados para La Rabosa Alzira.\ud83d\udce3\ud83d\udce3<\/p>\n<p>\ud83d\udfe2 ALEX SANGIL SE PROCLAMO CAMPE\u00d3N DE ESPA\u00d1A A LOS 1000mll. \ud83e\udd47\ud83c\uddea\ud83c\uddf8<br \/>\n\ud83d\udfe2 DANI GONZ\u00c1LEZ SE PROCLAM\u00d3 SUBCAMPE\u00d3N DE ESPA\u00d1A EN LANZAMIENTO DE MARTILLO\ud83e\udd48\ud83c\uddea\ud83c\uddf8.<\/p>\n<p>\ud83d\udc65 Ayer, el alcalde Alfons Dom\u00ednguez y el concejal de Deportes Vicent de la Concepci\u00f3 felicitaron a los dos deportistas por sus m\u00e9ritos y la temporada que han realizado.<\/p>\n<p>Servicio Municipal de Deportes Alzira<\/p>\n<p><a href=\"https:\/\/esportsmunicipalsalzira.com\/wp-content\/uploads\/2024\/09\/453172516_881265104034896_2662433910303175629_n.jpg\"><img decoding=\"async\" class=\"wp_automatic_fb_img\" title=\"\" src=\"https:\/\/esportsmunicipalsalzira.com\/wp-content\/uploads\/2024\/09\/453172516_881265104034896_2662433910303175629_n.jpg\" \/><\/a><br \/><a href=\"https:\/\/esportsmunicipalsalzira.com\/wp-content\/uploads\/2024\/09\/453097905_881265130701560_3003315061414568561_n.jpg\"><img decoding=\"async\" class=\"wp_automatic_fb_img\" title=\"\" src=\"https:\/\/esportsmunicipalsalzira.com\/wp-content\/uploads\/2024\/09\/453097905_881265130701560_3003315061414568561_n.jpg\" \/><\/a><br \/><a href=\"https:\/\/esportsmunicipalsalzira.com\/wp-content\/uploads\/2024\/09\/453217987_881265140701559_4928826270856342056_n.jpg\"><img decoding=\"async\" class=\"wp_automatic_fb_img\" title=\"\" src=\"https:\/\/esportsmunicipalsalzira.com\/wp-content\/uploads\/2024\/09\/453217987_881265140701559_4928826270856342056_n.jpg\" \/><\/a><br \/><a href=\"https:\/\/esportsmunicipalsalzira.com\/wp-content\/uploads\/2024\/09\/453244091_881265107368229_1202084791579818195_n.jpg\"><img decoding=\"async\" class=\"wp_automatic_fb_img\" title=\"\" src=\"https:\/\/esportsmunicipalsalzira.com\/wp-content\/uploads\/2024\/09\/453244091_881265107368229_1202084791579818195_n.jpg\" \/><\/a><br \/>\n<br \/>\n<br \/><a href=\"https:\/\/www.facebook.com\/100063537194811\/posts\/1037942151667015\">source<\/a>  <\/p>","protected":false},"excerpt":{"rendered":"<p>\ud835\uddd6\ud835\uddd4\ud835\udde0\ud835\udde3\ud835\udddc\ud835\udde2\ud835\udde1\ud835\uddd4\ud835\udde7 \ud835\uddd7\u2019\ud835\uddd8\ud835\udde6\ud835\udde3\ud835\uddd4\ud835\udde1\ud835\uddec\ud835\uddd4 \ud835\udde6\ud835\udde8\ud835\uddd5\ud835\udfed\ud835\udff2 \ud835\udddc\ud835\udde1\ud835\uddd7\ud835\udddc\ud835\udde9\ud835\udddc\ud835\uddd7\ud835\udde8\ud835\uddd4\ud835\udddf \ud83c\uddea\ud83c\uddf8 El passat cap de setmana es va disputar el campionat d\u2019Espanya individual SUB16 a Lleida amb molt bons resultats per a La Rabosa Alzira.\ud83d\udce3\ud83d\udce3 \ud83d\udfe2 ALEX SANGIL ES VA PROCLAMAR CAMPI\u00d3 D\u2019ESPANYA ALS 1000mll. \ud83e\udd47\ud83c\uddea\ud83c\uddf8 \ud83d\udfe2 DANI GONZ\u00c1LEZ ES VA PROCLAMAR SUBCAMPI\u00d3 D\u2019ESPANYA A LLAN\u00c7AMENT DE MARTELL\ud83e\udd48\ud83c\uddea\ud83c\uddf8. \ud83d\udc65 Ahir, l&#8217;alcalde [&hellip;]<\/p>\n","protected":false},"author":2,"featured_media":8006,"comment_status":"open","ping_status":"open","sticky":false,"template":"","format":"standard","meta":{"footnotes":""},"categories":[1],"tags":[],"class_list":["post-8005","post","type-post","status-publish","format-standard","has-post-thumbnail","hentry","category-esports-alzira"],"featured_image_src":{"landsacpe":["https:\/\/esportsmunicipalsalzira.com\/wp-content\/uploads\/2024\/09\/453172516_881265104034896_2662433910303175629_n-1080x445.jpg",1080,445,true],"list":["https:\/\/esportsmunicipalsalzira.com\/wp-content\/uploads\/2024\/09\/453172516_881265104034896_2662433910303175629_n-463x348.jpg",463,348,true],"medium":["https:\/\/esportsmunicipalsalzira.com\/wp-content\/uploads\/2024\/09\/453172516_881265104034896_2662433910303175629_n-300x300.jpg",300,300,true],"full":["https:\/\/esportsmunicipalsalzira.com\/wp-content\/uploads\/2024\/09\/453172516_881265104034896_2662433910303175629_n.jpg",1080,1080,false]},"_links":{"self":[{"href":"https:\/\/esportsmunicipalsalzira.com\/es\/wp-json\/wp\/v2\/posts\/8005","targetHints":{"allow":["GET"]}}],"collection":[{"href":"https:\/\/esportsmunicipalsalzira.com\/es\/wp-json\/wp\/v2\/posts"}],"about":[{"href":"https:\/\/esportsmunicipalsalzira.com\/es\/wp-json\/wp\/v2\/types\/post"}],"author":[{"embeddable":true,"href":"https:\/\/esportsmunicipalsalzira.com\/es\/wp-json\/wp\/v2\/users\/2"}],"replies":[{"embeddable":true,"href":"https:\/\/esportsmunicipalsalzira.com\/es\/wp-json\/wp\/v2\/comments?post=8005"}],"version-history":[{"count":0,"href":"https:\/\/esportsmunicipalsalzira.com\/es\/wp-json\/wp\/v2\/posts\/8005\/revisions"}],"wp:featuredmedia":[{"embeddable":true,"href":"https:\/\/esportsmunicipalsalzira.com\/es\/wp-json\/wp\/v2\/media\/8006"}],"wp:attachment":[{"href":"https:\/\/esportsmunicipalsalzira.com\/es\/wp-json\/wp\/v2\/media?parent=8005"}],"wp:term":[{"taxonomy":"category","embeddable":true,"href":"https:\/\/esportsmunicipalsalzira.com\/es\/wp-json\/wp\/v2\/categories?post=8005"},{"taxonomy":"post_tag","embeddable":true,"href":"https:\/\/esportsmunicipalsalzira.com\/es\/wp-json\/wp\/v2\/tags?post=8005"}],"curies":[{"name":"wp","href":"https:\/\/api.w.org\/{rel}","templated":true}]}}