{"id":8093,"date":"2024-09-16T10:00:35","date_gmt":"2024-09-16T08:00:35","guid":{"rendered":"https:\/\/esportsmunicipalsalzira.com\/recull-fotografic-de-la-4a-edicio-de-la-fira-de-lesport-en-la-que-han-participat-22-cl\/"},"modified":"2024-09-16T10:00:35","modified_gmt":"2024-09-16T08:00:35","slug":"recull-fotografic-de-la-4a-edicio-de-la-fira-de-lesport-en-la-que-han-participat-22-cl","status":"publish","type":"post","link":"https:\/\/esportsmunicipalsalzira.com\/es\/recull-fotografic-de-la-4a-edicio-de-la-fira-de-lesport-en-la-que-han-participat-22-cl\/","title":{"rendered":"Recopilaci\u00f3n fotogr\u00e1fica de la 4\u00aa edici\u00f3n de la Feria del Deporte, en la que han participado 2\ufe0f\u20e32\ufe0f\u20e3 cl"},"content":{"rendered":"<p>Recopilaci\u00f3n fotogr\u00e1fica de la 4\u00aa edici\u00f3n de la Feria del Deporte, en la que han participado 2\ufe0f\u20e32\ufe0f\u20e3 clubs de<a class=\"_5ayv _qdx\" href=\"https:\/\/facebook.com\/hashtag\/alzira?_ft_=encrypted_tracking_data.0AY_GSRzTzZPXFYBhtBMzed63s9prV86wCBhKz7mbWnwVPcciK6EH607yJjQwywRNgp-Au03klei2S7v3Y9r0yNPWy43NHcv1g4FrQU26I0B2I_jOXCl2BDS7sv4Kc92x_WCBDxkV1GW-Y3QkVdBn-ORf2cZdIuAEVooNMlTxQuT3N0CvF23esZ0v5NzUN-pLkVmLhgrJdr-kt8S6PIGEpGLUhkMA9mGSdKTZP97qUJi3BEHK2ss0HuthGYxE7vbBEnOiPGoORh3WE08hUV7SKaw30zvf442GGW9xooFWpBB9c57E_rmWthD_jve8VxL2nSihPtFhaxBysGhN-WDW5KmLilYOYBmNx7zGKM--u2NYM-DAlnrTnlKFlIiBYitS-fYEPBd6zmphdiO0UmaACLKuqOzX2HYHRyDyH_qqPZTIgKQ5KQQRu-2-9LQEAJM9xGCbsoZJ9wWz2uu00A2rzf0SkCtwDf1auFQxFffCPA9PLChYPXgMXrVhOSFviat6JMbu9QktZou45r2dtuyqBugd92e_8RcgusvLPc55J7v29gvhSnCON1zClnQUs0qf8OYJ7klGr0-nsdtq5Nikrx52-fN2yYmb2-RNZIDFmJdXkQtcI7ZEAS9xGrGewRQvMSe1R_lnxAsJtMHThqgAZFwkpwv4q7xcS_o2cmOW-rexXPmoJQn0HHS-V97_wECfltM-OGFtlJ7HysOAmiVz6RVctKOy-DwtXCwnMA_d0P4XXvzvNBm1m-ta8uKHt04FDh9wvXN2NQL6UuJsGXoE99plsp4NaMrAlk-47xdRsmC_5KR8-kT36IDMGBgYUXc0tRKCcm94ILOYdWpCDj3abZ8oy45T3xBz6W-TkszOjQm96oiBAoCR3ed5J5Hqw22EZnttD_C42w758YOMdBdhrrAyfQPUvhSlNt5elHUlObCafmFLb3UVD3ItvwlnWCxISz1_m-oOUHvd4dypBIVL_KeP2p_pBovoUELcsZmc0JsqBcyiJRanLHO-rjckk6oySROcoOoGosgEU3Hl_jUV5WfG-_i31BSb6ZrdAZlcP9gVT7fq36gG-6ux6YPvNoyWHMqU27G_7pp-kvKS-eO9EUteYEsLwxUCSbVGUYNO1Q6dtiFxQMHFt-pZ8llUbpyil2fAOpXLHrxc0swx2qH45wCkBDXKspQZDLJ82Mer2wByBu5lUksG40WMGOhzZ94XDL5IVZcGzJGgbGna3XjHqyVB6d5M2fVqXuWQulVEGeHW_Ozm0xOhkTtC5baBTI7CQe-roxIEz1m2PtLWQZr7lPZufRA3-F2qVhhbxc90sRKMS78X16WHVKjYTh4Cu_ntEkYXTotMmYBbLLFMWRc6M1J-Ccfqf15BvSkO0YKoTswDU3uAnBmYPow56AwVvfiLJOw2L-UxWiDYBOi04hAGRJ3_xwyBkL7AAXkUQJNhmJHRvX9_fMCW8M0noNVeb9XVgr4cpliKuKmPaL3Gvjz-xJvEVF78TSw_a8XrKiBs6vyhhgcp5bAESn9YFMkbIjffwPGgXm9a9agOvpRnI8gVq9kWVJ0PUWABSRm6wpxGr-MfgaUw7tfYDtJhPhos8LqKbRmfZnccL58M--4eAUlxLztQ2oB93cl08A&amp;__tn__=%2As-R&amp;paipv=0&amp;eav=Afbkm5LUmNb7Rk6EwH1feFxQAK5q_KAWIqxXqV-0RpVJmh1hLgO5ZCTijtaqJoi34bo\">#Alzira<\/a> y otras organizaciones deportivas de Alzira. Muy contentos de la respuesta y la participaci\u00f3n. Gracias, gracias, gracias,\u2026. Deporte y Salud<br \/>\nColecci\u00f3n fotogr\u00e1fica de la 4\u00aa edici\u00f3n de la Feria del Deporte, en la que han participado 2\ufe0f\u20e32\ufe0f\u20e3 clubes de <a class=\"_5ayv _qdx\" href=\"https:\/\/facebook.com\/hashtag\/alzira?_ft_=encrypted_tracking_data.0AY9_m3ssvnyTg2kTk00BjavQ0x_5Wg7BCN13LeXSMOo20XyD2Rdhqv5yhJJe34krzcmtYDv51CPCniZOa5DxHgedVMRbncas1BrXTNkQRwtz6m4NOZNnPk9H2Oj8tblqtWbHWDBObHkiNcmlMWlq9AuybOqxLn3NIKZldKKL94kaJIJUNpLPw9YUQ1el0X__piiKy4_8tP5Ak1ZiVK5CRxHkyEkm4hVCJ1zzIO6YEqMueMJ4iRneudWU84o_gItemta6s3CMU8FZT8v2_wVpRVf0vQlx1F70nkJlAlmxHON4Erv6PzjyUkmcQ_dG3CMJgSoSzUmvM6D6uXBh5bZKcP8AroyuSKLwrDHVSAW8K8RdYqfZr22bQg9TR9k5-n1BEdBxnGRPNJrXLSpqpYLbya6bO7c5z_w529yt3KDSPIv4P-NoOULJMugHwSMPyYbXWP5JcHvuSbgceYNU0nSG9ZWnjpRtil9kqom9IaorXVfBnM_JuEIs0IIq4qBGDePUHzZcpS-EioZSrkJKOQjm1ka2_8Suq6Oc3al8nzFlhYFhFpcpgu3-_x8Y4uq8BYMhhNFVeOYVn-EiF_6cVPTW1Q2FMdrHJmrIqbZUMdKCPCM5wiHHDUQsoHRATDlqtJMRZ6sfvJXFfb7njbo2aW4vdfHX00cTy6HHNyolfF58sythCoVMlc1E3f2HVUypUImHKgcmK9X058oiZrNqfEpZP-XYmhkEIusXi6UdWzlTNRJ4iYPMsB_h7YTv5kU03QRr4ODwggwGIOhAoVnuLKpPdg0qrRqaKw3WbvFiQZAadqZ3Y6pkQXHhvMfsK7XCsUaEoKSAqyxCGdDZ79wkLuBMpeXa7icShF4j6qgtxHEb7mMSxQ_tewUFt8RDu3JEsu-3yJzmxJV7jjgP36p10UqAzXi7uFZauqPwZ8kK4TnRY94m5LCHxWhY3Tou5GA7nQLHYZ7b_fqxOQhzT5zeKTetGiR5ZhDUhDzapvzD6gkPNcqgl3EEf6izr7uOPgEDdy4sTcoDSFsYbY6trItG0vvlF3OBfGUiGY5p8riVkuxr9TwIk_fnXUqSdcvkWaYdw4ieaKvsx2tbTTS_Cr77Atxl20mBE3kWvXRXhK8neM9ihcAPheWRvzCJ1EW7CeiAdBiXikBTj8cDQ1i7PB8SuBQJlgYpdrLxve4umyMVEtBYRgehm1uk6orQmBmEQjM4-vLIbtwzZ6DjlWj-RqglBySvCbi_kX-ySjbJLpSpFJYLNCO6lH1mB7fqNx2wTMEGsYZoX4S9kF13WIy7xDHM14S9laKal3c0wzsGp_0VNwZcZQA5Pr777a44P9ctX6aUu32w7Mxo-CGQaKyPPQV9FnHhCfn6Ogu_AisIJ4F4XfrriWmDJ5UK8jzLpxR86YWvXkPABix-SanTU_Gh0MWlRhgNvZ2AQ89PD-N8VdtStUOACLk8-45eLiUu-oSVls0jnWvUt64NcR6IhT12WMPR1a4wNXKuVp9Hmhxv49zlE0sM84Lf1pK8Ctb3ysDovYtqiSdw86Vkz3iTe4-OZw7JWvjnwBxLDacDG1r5Nza-ara_akqeXEj58OITFq6HM8sQiU57q_6tvR2XOWUPelCDHU0E1OaxDJrb9oh6mQ&amp;__tn__=%2As-R&amp;paipv=0&amp;eav=AfaJ60qWKneoOywUNHKuwJYqCgMkZnXzZMQxsZ59K7I7B3FthfmnRIT1H4Z3YIj7Bh4\">#Alzira<\/a> y otras organizaciones deportivas de Alzira. Muy contento con la respuesta y participaci\u00f3n. Gracias, gracias, gracias\u2026. Deporte y Salud<a class=\"cx k\" href=\"https:\/\/facebook.com\/basic\/translation_preferences\/?target_id=1074702501324313&amp;auto_translation_mode=1&amp;_ft_=encrypted_tracking_data.0AY8zxfC2bNCiHHV2I4xZ1Z3jCydf3XdGHE2EHPI1g8R7NA7C-xWyuGBqj5202rMKyQ95UCB0qbEWxC-5Z2x-iVUhYUNv8LI_y4T7rJc6rv4Ev6V8hsisYnntOSzpHGP3Uo8GWtc2useN5nXOJisplSXMGYLo-_hHpY9P0m4GcbbWwzAke7zp9OjZtc6tiZJcFB6IQFr9KP6gP2uSuF2SKZDEsYG9kI4cLV3jIDJIbYFJuJFVzRXu_S9zGiFQVDf07F09X-8hXS8TGiwtMkV-WIAtU2inYmv6CpDlFabe-evE2J-t_P0YK21BhA6gkULy_MnDUOStup59ukC1L1oP4hTx2apoFhbeBNPvHcqEHp52KteNTRUnweaTP6migdQdy-HdsaJ-u0w6XFb0Ht9FKAZ8jJ6FeXaEO_nO4XwXIkA-SNTVJK3c8vopPe18SJpT7sLJv-bU4wXaOV4RbxfLxgle0QcfohYdQzil9kPIbLnTGawvkawq7Yjrubukv4D_COhHVeohRqqy1lSmBRPqhr_raLXxfDUOvcJ9aQXVICrk4VL6zH9-sl3U6frVKDKRKpNx-rW1oUiLM1AUHU49kmtahiXkBuppyXUiE9x17SKn-6Ftz9UGwG2MLDlOx4FjPwPv621aQskU029bY8e6q0pYorG9ubdFhwzf-lYaOUAYq_zEADJjVWRPG4CsJfMbawf_Ya2jq3ilJFFuuCEdo8LFZrQs-S3g0y5xtjfnXvn0DKzPq2CJ5pm9W4X3vRzOq1-RL6MdWSN0CEwwfOsnnXoNfXutC7dEro2ejxuqM8d8jaMR4u4Xf9fimzHfa0S-pfF37D5zJOxoV0gKzdg4TSvSEtZziLxayBBt-lpOKtLEmDT-Tyi4UKlqu_ilaEx-SZQzRxRA4FIJe_xNAn8QQu4GXfs3QIRxxG5VCCV7zf4JMt1fBj3Lb-uCtuTKsLyrXySIqNpUG3nUcNTEAnFmnGHJ5PLWSapyf6tWVj4DgmY85jTSn7mHZI2tS_552aRl9H0M2InWqbiHbtbCXrqV4AXg_D26IIQuh450xv1ZsM1vpFVbjR8kDbOJcbFBG_QXS9XEg-9GGIHWoRFiLsLyBrFJxNnFzPJw5uZb-nTTtERg6Hh4lCi0gN7npkOmLzLWHa8WVfU2wGprP7cZfYQbLu8fegziwcftmUER4YruV0ZXrl6jPSB_CSk8P7Y0YuHH9PZ76ThnfePQxGfh_rQVAu09WEabmQ64B_Wo4CTCu_fKfx-KJe7-BzPpbYX9FI1wWHxX9WJJxeU_nN637Wc9_eXJaCFQKw5CFnLOYa4m57E8AFJFxXipgFL56wK_c0VMcNPU99ohSL9wRg01eLAFRVdlqFmZ4ZJQAIbNxLlfVNTt5QaPAl0qi7REhL9Zptt-RkqVtWxcuUn8AktqW2G5SpIMUFvBAuI1Eeei3gjDVxua6AOZw0nZwOy3u1urp05DshjLe1Dev2qTEupjFWVfrgO1MIIneNASXMPAhVIix6KYx683hyOX7heND2bsDCol3XI1-82hK8FL49WIirH8--7Oj9NS1tWwvz1qiMCpiK_nDC7mOr_n_2pz80yOvYJpWO1ZR1pOL-SuubB_IxDbETlv9iUbt7CLEQ&amp;__tn__=%2As%2As-R&amp;paipv=0&amp;eav=AfZko45D2zPj3EqKDGdOaquD8ivXwnDr4A1u7jHjUbXSk42l5LHqAy3e68JjjeebOTI\">Traducido del Catal\u00e1n<\/a>\n<\/p>\n<p><a href=\"https:\/\/esportsmunicipalsalzira.com\/wp-content\/uploads\/2024\/09\/459576088_1074701991324364_6971859848795519773_n.jpg\"><img decoding=\"async\" class=\"wp_automatic_fb_img\" title=\"\" src=\"https:\/\/esportsmunicipalsalzira.com\/wp-content\/uploads\/2024\/09\/459576088_1074701991324364_6971859848795519773_n.jpg\" \/><\/a><br \/><a href=\"https:\/\/esportsmunicipalsalzira.com\/wp-content\/uploads\/2024\/09\/459392855_1074701984657698_5574930611413440078_n.jpg\"><img decoding=\"async\" class=\"wp_automatic_fb_img\" title=\"\" src=\"https:\/\/esportsmunicipalsalzira.com\/wp-content\/uploads\/2024\/09\/459392855_1074701984657698_5574930611413440078_n.jpg\" \/><\/a><br \/><a href=\"https:\/\/esportsmunicipalsalzira.com\/wp-content\/uploads\/2024\/09\/459587829_1074701987991031_9201549621448392257_n.jpg\"><img decoding=\"async\" class=\"wp_automatic_fb_img\" title=\"\" src=\"https:\/\/esportsmunicipalsalzira.com\/wp-content\/uploads\/2024\/09\/459587829_1074701987991031_9201549621448392257_n.jpg\" \/><\/a><br \/><a href=\"https:\/\/esportsmunicipalsalzira.com\/wp-content\/uploads\/2024\/09\/459435542_1074702081324355_5626118067596295330_n.jpg\"><img decoding=\"async\" class=\"wp_automatic_fb_img\" title=\"\" src=\"https:\/\/esportsmunicipalsalzira.com\/wp-content\/uploads\/2024\/09\/459435542_1074702081324355_5626118067596295330_n.jpg\" \/><\/a><br \/><a href=\"https:\/\/esportsmunicipalsalzira.com\/wp-content\/uploads\/2024\/09\/459894307_1074702047991025_493079528751388395_n.jpg\"><img decoding=\"async\" class=\"wp_automatic_fb_img\" title=\"\" src=\"https:\/\/esportsmunicipalsalzira.com\/wp-content\/uploads\/2024\/09\/459894307_1074702047991025_493079528751388395_n.jpg\" \/><\/a><br \/>\n<br \/>\n<br \/><a href=\"https:\/\/www.facebook.com\/100063537194811\/posts\/1074702501324313\">source<\/a>  <\/p>","protected":false},"excerpt":{"rendered":"<p>Recull fotogr\u00e0fic de la 4a edici\u00f3 de la Fira de l&#8217;Esport, en la que han participat 2\ufe0f\u20e32\ufe0f\u20e3 clubs d&#8217;#Alzira i altres organitzacions esportives d&#8217;Alzira. Molt contents de la resposta i de la participaci\u00f3. Gr\u00e0cies, gr\u00e0cies, gr\u00e0cies,&#8230;. Esport i Salut Colecci\u00f3n fotogr\u00e1fica de la 4a edici\u00f3n de la Feria del Deporte, en la que han participado [&hellip;]<\/p>\n","protected":false},"author":2,"featured_media":8094,"comment_status":"open","ping_status":"open","sticky":false,"template":"","format":"standard","meta":{"footnotes":""},"categories":[1],"tags":[],"class_list":["post-8093","post","type-post","status-publish","format-standard","has-post-thumbnail","hentry","category-esports-alzira"],"featured_image_src":{"landsacpe":["https:\/\/esportsmunicipalsalzira.com\/wp-content\/uploads\/2024\/09\/459576088_1074701991324364_6971859848795519773_n-1140x445.jpg",1140,445,true],"list":["https:\/\/esportsmunicipalsalzira.com\/wp-content\/uploads\/2024\/09\/459576088_1074701991324364_6971859848795519773_n-463x348.jpg",463,348,true],"medium":["https:\/\/esportsmunicipalsalzira.com\/wp-content\/uploads\/2024\/09\/459576088_1074701991324364_6971859848795519773_n-300x225.jpg",300,225,true],"full":["https:\/\/esportsmunicipalsalzira.com\/wp-content\/uploads\/2024\/09\/459576088_1074701991324364_6971859848795519773_n.jpg",2048,1536,false]},"_links":{"self":[{"href":"https:\/\/esportsmunicipalsalzira.com\/es\/wp-json\/wp\/v2\/posts\/8093","targetHints":{"allow":["GET"]}}],"collection":[{"href":"https:\/\/esportsmunicipalsalzira.com\/es\/wp-json\/wp\/v2\/posts"}],"about":[{"href":"https:\/\/esportsmunicipalsalzira.com\/es\/wp-json\/wp\/v2\/types\/post"}],"author":[{"embeddable":true,"href":"https:\/\/esportsmunicipalsalzira.com\/es\/wp-json\/wp\/v2\/users\/2"}],"replies":[{"embeddable":true,"href":"https:\/\/esportsmunicipalsalzira.com\/es\/wp-json\/wp\/v2\/comments?post=8093"}],"version-history":[{"count":0,"href":"https:\/\/esportsmunicipalsalzira.com\/es\/wp-json\/wp\/v2\/posts\/8093\/revisions"}],"wp:featuredmedia":[{"embeddable":true,"href":"https:\/\/esportsmunicipalsalzira.com\/es\/wp-json\/wp\/v2\/media\/8094"}],"wp:attachment":[{"href":"https:\/\/esportsmunicipalsalzira.com\/es\/wp-json\/wp\/v2\/media?parent=8093"}],"wp:term":[{"taxonomy":"category","embeddable":true,"href":"https:\/\/esportsmunicipalsalzira.com\/es\/wp-json\/wp\/v2\/categories?post=8093"},{"taxonomy":"post_tag","embeddable":true,"href":"https:\/\/esportsmunicipalsalzira.com\/es\/wp-json\/wp\/v2\/tags?post=8093"}],"curies":[{"name":"wp","href":"https:\/\/api.w.org\/{rel}","templated":true}]}}