{"id":8112,"date":"2024-09-22T12:08:46","date_gmt":"2024-09-22T10:08:46","guid":{"rendered":"https:\/\/esportsmunicipalsalzira.com\/%f0%9d%90%80%f0%9d%90%8b%f0%9d%90%99%f0%9d%90%88%f0%9d%90%91%f0%9d%90%80-%f0%9d%90%84%f0%9d%90%8d-%f0%9d%90%95%f0%9d%90%84%f0%9d%90%91%f0%9d%90%83-recull-fotografic-de-la-bicicletada-per-lanell-verd\/"},"modified":"2024-09-22T12:08:46","modified_gmt":"2024-09-22T10:08:46","slug":"%f0%9d%90%80%f0%9d%90%8b%f0%9d%90%99%f0%9d%90%88%f0%9d%90%91%f0%9d%90%80-%f0%9d%90%84%f0%9d%90%8d-%f0%9d%90%95%f0%9d%90%84%f0%9d%90%91%f0%9d%90%83-recull-fotografic-de-la-bicicletada-per-lanell-verd","status":"publish","type":"post","link":"https:\/\/esportsmunicipalsalzira.com\/es\/%f0%9d%90%80%f0%9d%90%8b%f0%9d%90%99%f0%9d%90%88%f0%9d%90%91%f0%9d%90%80-%f0%9d%90%84%f0%9d%90%8d-%f0%9d%90%95%f0%9d%90%84%f0%9d%90%91%f0%9d%90%83-recull-fotografic-de-la-bicicletada-per-lanell-verd\/","title":{"rendered":"\ud835\udc00\ud835\udc0b\ud835\udc19\ud835\udc08\ud835\udc11\ud835\udc00 \ud835\udc04\ud835\udc0d \ud835\udc15\ud835\udc04\ud835\udc11\ud835\udc03 Recopilaci\u00f3n fotogr\u00e1fica de la Bicicletada por el Anillo Verde, dentro de la programaci\u00f3n de la Biosfira 2.0 y el 11"},"content":{"rendered":"<p>\u267b\ufe0f \ud835\udc00\ud835\udc0b\ud835\udc19\ud835\udc08\ud835\udc11\ud835\udc00 \ud835\udc04\ud835\udc0d \ud835\udc15\ud835\udc04\ud835\udc11\ud835\udc03\u267b\ufe0f<br \/> Recopilaci\u00f3n fotogr\u00e1fica de la Bicicletada por el Anillo Verde \ud83d\udeb2\ud83d\udeb2, dentro de la programaci\u00f3n de la Biosfira 2.0 y la 11\u00aa Feria de la biodiverdidad cultivada.<br \/> \u2705 Puedes consultar el resto de actividades: <a href=\"https:\/\/lm.facebook.com\/l.php?u=https%3A%2F%2Fwww.alzira.es%2Fwp-content%2Fuploads%2F2024%2F09%2Falzira-en-verd-programa.pdf%3Ffbclid%3DIwZXh0bgNhZW0CMTEAAR0ylI84QB1lUhuMUsEc0aFuzMK7ty0RRf3qCjmaXyFfrPDCBBXK79aupYE_aem_8Mphq80BGRrbQigszDmT-Q&amp;h=AT32TT4yP5nF3UhubMuHneQegDndK-8Qmx2rE_KoOZE82Y3HqzBbTEn6u9GmbQhlrFKiwOozbknDH3JS5k56fnXK83eMhdkaEDcO0S9Hjo_1k_08GQLpiNAHalLM6jZj4fsXe3Yq7uYFjsvUoQ8LkOAtKvwdhvXPClNjfS9bhHjY9KAU8OwE5rZo_Uh4Jepfsrsx9DPOQD67SM2iexOd-Pbth6I2uKuzy0gCIYpHTqp591NIrUg1_hWSe9TcQue7Uu44DlF7_xn0SUOP8-tv4T1qPg0dq8a5NkfO7IYTEb-pje68KmXEhAIUXeMtwJvUG8vX84ssiub0QEV-KAmd5tsGO6G2yDlgNMX-w2DaIP9lkGp8PX1y4pRUFf7pJGfadrsYsQs5Gn12bd3XYyqhQeQgiGNw2kFQmbGiOpCMhRwxrv9GU6OwGSD_5kUPReoPbOTgYBVfONuWU7Bu8--utabfbuNZcx-Withb0YNwGWA2zxxQHW7z89w30r_RLFIQ7opDvWTzl1PrBSxtDxPAFWlT8vWz4rcjOXyEle8V-LN1FIGeLZEMVWRuAo34GKESbNA1Uh0tENOzyaayqiVCa9GGx8j00V2wP195rzFOmE1dlyhK_OuJJGJ8o0WinN8TL-n8s2Gf8SHIfBPCjTLJG5PR3n9mfXGMel0nkFwsBZrRhryTTl3iT9cI7nF9alZxiOZIL5aXogMv6qfuiECinYCjVivc7-rrQJQoD_2e-n6MuclE5DOEbrK2zPxLwNmGSvG-TITzYf-GVtz8H92BUsgNWqQQYjo1R9UEvA0qAZCjAno7yZ0_9KwDCC9DPS8JDX6EcLg9gXRgmm9nKBZlkvorYJ6WTxElzcx58cHkHF-bn8LIgB7RhExkzDd9PJpKANjUzOGvsAwSV2ObI5iofucJyzTVjMbvU1hU_-VOtyHQ_VOvm0IfPmOH1IBU48_52ojymVQtJRTulAFGSyLRO7xucRT87HRcfKZQPolN1Fgxee6v8Grbu4H4f1buqOstjIdrnuMxPA1j-L3_9BAW9taiyO4spkVv19089IWMUXTsDOVt6L-NdIdRnkXCkUBN2u63CNi9A1nWlg_NDZR58IcbxAa1Jiasx5QTmEoDau9u_gJKoVFnazR8F09lyuvsYeYeatzQhsi_4O6Q40eA0ttLwZrJeGB2yRWAdQzkzvryrTjmDtNcOV2y_VK_u3pUv-d4FaNKgsPfa9BaNujgraRHAz6KEIpG7sy4cklP9BWsiFwKEwI2Qmp85lX5oDvq487KQ5YaJDH_OTxcB4bPFH6VEIrSS4oxya-spELmDM7JwxzglfdxFGgRgTwrjR55C9JPRa9qO3uvA2n3Mpp6-1WQSy2uNgwwN8lB82vlskGNHp5jlBbjS_yCkwPB5uGKs08okh4_W_XFhgOxjpNnmBw1yZk5B_Ciu7bKCJsLZC5PT595t1rs7WI10-j2zLuaTjVWyaaV_1GCNSTDMK8EJA5D4Kex6w6tIej54_y4AICJ693JuHiPmjvzhy_agHHr9-X6XBNo60Mg7xF74xZ5eDDQ1BdTW782shMMAkpbLi0oIaGuQy4dJdKAZU3Nl_a5_BmVcDQIu7WXXPDHl5BVdwdmbZjRl0X7m2Fg1welYtIxIbnjCGvT1_julgKme-P-B4QfCQeH7G3Sc4uKmM9OUMY_mrk6YSZZRlyIxMfoXZJh0Ic870l8taC7X1Vnt6TmIt8sQ1DhYzxyQsYkEAodxer0w8MHaMB5q6KioHbJ5_JZYogjLKKI-R3ryhC46u1S5mVVAH_tchd2RiX6YcgpGVisV8Hq5zzs17Jb0M6H4wCtj4gYlL_1Y4s9khaoh0n5CgJWz-qCmxsoxAWTC5BzL8Zcm40LHeTKZhXOhcP12y3PSKyMARtkYkiFmgVGz3Kmje_HIWXFBJkQOX0BbHJ70mILI0DHbpWypuWXu9P6b9TiQ2IWxpWkiinwnCOK6lEIWhtI4pk3zQYMsr0_oAlmWJ1sgSxay0YetlX9Youd_SndTx2bJ9c6RrYiaMg094fptXMnZyPBC95wQa6GLs1p9HkA9iIoHVHIOfaDp6193wSwGtGpoz0hO_E7X0p28A7ovaGPM8zKZm7jtZ7WSlu6YN83j2Q8pO-lTQOvsgHrqPRncTcyADuL7iWm628tCztOn1vgAwXLl1yJAA5dtC2okOpxIkDpohcEBIGHnOQDHdQRxzJNfyys4DTXloskEZUTVPYbhjouDCaR0JRC2d_DV2UxjVnDk7NVsHe9BsczwA402Zo37MBn-EwIb7J6FnTz9ZWiC3x4hQ4AKkWRRxXQv0RnQzA3le3t2xGlaUrPwHhnozlLhe65xOLnLjEOg6iLUSVnOhTxvIx7r9jtkJ5_zCMnTo-o42d5GVr5Lr5uSDndo37o3-cnMh3SXohhgG0ePNw_OYHGQkjInz9qDbOsuZxLZ3ruJPHGJFppMEVEfU08QK5zT5SsS1lduZsKekFmz3OjK5xAkP48qNq0wLRKzuSMY7oGcxGrIANIYl8PfNmFWBekr9hRTVSSu0oWoNQxsXCwblv35kfGiGBiVMF0Qxlfbx0RWZR83KXrZtOS0k_Av-zHhpW4h5KSgQuMR2_lXW28QRtM9oIukVJzYM2Lc6dqYyNKhkvJ8XDyzxx3zPTbzj2d2GjvW_TiVajtYN5fRBTLL7fj3aGQtasLjW5uGKAlOIDjI0SmGH_35hzCo088FnOj55dXJq1KtIy8cifearY-ihbzRuF8eTJjRBCkqRGWI_PkvezNLP34xYUQF6WGEv3UpOzxiFazfyVZ1hpv6XjGoCxaGSsKu656LUzJc6RkwFCW2oPA-V_O3RZ-vplq0MtyM46iWkoISUGBwF3JiNlpw3ehOLgH_A25DFOW_SXwCWhpre7dlDFalcmL20w8N8_6aDCWpXd41uXqc_YV7ZXCRwLfxEAYgV0K9WI0Ijw4trcimHv40QdDabbDId6g_qdmiistgQh51Z0QcBOTj02IXfeGt8NHLR_eYZUaAvIW1HZ5mdNqb8jV-Hvj3mdyHrdWhY_2qhIJj8ywq1TiSBr4yhQRllnipcQ00trUyM_gwkJTLhorSPAzPk5eNKWQ8eDT1PogXEJcVOOMWn6vA7Sr3jg2yO1Pbe_TfU4Ac91JXo0e2a5gtXDa1zHu3P3N5IUKfJLNJVc6-kg2zyB-KemlgsV2Tz9o3Cg-kJtahm4GnHT6Ngjr5KMbjpdH9q7xaNMXWhJkBbynf_DUwRlC9qSKfmEvY0SZ2a-jIzYTQFauT-_iJ8jJ2sILT4dglyW7fZr8QJaLj3nMx6benotH8rRd91zTmw34w12Z0p-SWUgYlM8YsQspPBqENWo4Gn-o26hlYLUbMbn5AzXPDohGxKvlgGvp9P8qpGMLnIH0E8J025QJ0bkQH-UI57UaHoZAOfG46d7wqUHGk2KctYlEiAYRj25TrQMzJCzPR6_qqWrTy0d-Wy-nLn7yOCieyx_Di6mU-t1xNJ3E1CkimAiDPjPRKUUT3Qay-6uCgv0weQO8DHmjuuYy8FHYrv-I32CO714Z6uMQlZO19tWyh8MAgDg-KroPem4AqU2_CCa18vGSN6mTzdxvGgD_9mN4cXGWOIySe1kAwxFf2EbqSGfarS6dw6uwTz78vSrc5AIrdVepK3iloiqBLZslflc00Ac0nIiK3Hw4ZB-A3AWBPbn13_SwohJGDB3EQs_xLlLQvDjvBL97XWZ3oViZDCxRL_9DgB98eaFYDCSfKRY\" target=\"_blank\" rel=\"noreferrer noopener\">https:\/\/www.alzira.es\/wp-content\/uploads\/2024\/09\/alzira-en-verd-programa.pdf<\/a><br \/>\u267b\ufe0f LEVANTA EN VERDE \u267b\ufe0f<br \/> Colecci\u00f3n fotogr\u00e1fica de la Bicicletada para el Anillo Verde \ud83d\udeb2\ud83d\udeb2, en la programaci\u00f3n de la Biosfira 2.0 y la 11\u00aa Feria de biodeverdad cultivada.<br \/> \u2705 Puedes consultar la resta de actividades: <a href=\"https:\/\/lm.facebook.com\/l.php?u=https%3A%2F%2Fwww.alzira.es%2Fwp-content%2Fuploads%2F2024%2F09%2Falzira-en-verd-programa.pdf%3Ffbclid%3DIwZXh0bgNhZW0CMTEAAR0swHzTDhfJbboJrGg2v5NSmoBMN1dkMdeL5t_RZhYJNHvhpJxDLG9e9BM_aem_MRTsr6MJgZHTxB7cG59F2g&amp;h=AT1U5Z5AG21da9u3lZ05RD6lcCdvWLPV8Nlvg_YXK0PDYoFAbM4uk22hHuoEqc8uM0jz5HnlZDpfUXiSzQPDJ4Hsgn37JTD6a58y8wsTmYuWxzQa8urPfZI1mPo5w-_yUsbx41o4Sc9gC6z-IuOOg5uYS-c7y9jY-c2c-LJMqve8WZWtarYBaUdWZuFa_ekj6QheiBXQ8C-wIRs8P96yhJZA9Fio4LeW5v60E0IRK2ky16sVdlpVDVP0tiTsWxugppWaNuCPmYanu8yCpjXbtWuX17X7-tH6OzWUKhbYogl9Hifo1Ze9-9XFlOIfEmWQn03X92g6niaSN9us39wHkUwgzyeipuAnMlrYgK_P2fQes9pQlMQpDExgayghV_FdkPGh_282BfXMmOaOCFOxDrJRzvKdmWxdQIX6ZPNbhVymLOWcLzOcz7VV8jravnwv5AXbi3GTJnKD1_nvby6x2kLQTGXKmjr5_TXDxM3PbB-r5VbVqxzTRvzNmMAldVI13kWOvVMV91ggsJR1P7di86oY9Ovc3ODVK8SieZ6IshxTjZO3PsIuvEcXjChkHt7TTalc_SonAnK7i9ekvhdguhVXv9j_4sHkP0Kbh0YwWDPCq4jdpMP3CpXpKwiYrIh7C2iUKFZ2JMu1PLV49ZtbcCBGGCOtaleZ62nq4qeScYb94LR-7M_12pIj2Iin8FamegKGN6V7BGrxCeTBhPs_t8hXARXRzHciSi1-AHSsZyLPrKsYhIwkz80T9NGIs40V1r8WFb8FtNznhLpizrb-mC_PHpL27sIUOiAyENvjzaXHI6dgMz7r-l5AdhopifRgfN-IsFykCTx7pMrD6qFGEThr0aUCQDFpKsP4vQVoz3H9sg_S3ogT_QYjiG5PGSGyRoxo4egF_SMvIAYrvlYPBMNKdPUofdNW3dmQ5CzK8DVNwb_3TN1-KyEeuGNYX0SfV8k2ZJgpNHaKuEJuK1RaZEU75Xw9dgTZeE6gK9irVALNgm_x0owNr05izARd0cRIWXesdo-bz5IOMNI-y6jhbRvaAxp2wafMCbwG9B5eiGaw9f_-5iJO5_MXNP6MhwBXF54nM7dpga9aR1AcHOAxCtUkfJZoSZvElBd9R2OTmgG8T3OMCu39wJZglqHKfeVh9hIK05EUxzubEiI6nMUBXxZpqz-Wx4Yidm5Fa6sJfW3ipqxSfazg5DoSprRv3iVGFBQysquLyTEhb00HcwiU430wg2l121x9McvFaQcLEOeEHwBCjOznRJr3N-ahKUjePXh9dPPiYDnAKA0YL5pIvZNcadfJNTL7ev0lzu--wk--Yq1ebW7j6CzbmCg_H-bQpcdbUFd9mnGx2X72DkS9rkkmE_h7XVY77cmVFdRXTnJkw1QCEJcMJIYA6pPtQs0GAfgSEiuHhX7r7zay-qhBvltx0b7F46MJHDp6-Z2jvcU9igilg0-LNx_EF9FeMclzKwUJRu1xUKEQhVReE15p7thQ3IP_qTKC1rFZKL0eD1znyjYpPmjsrUePCGG_1mhra1PMSmYwbVZdFRLrGS5HUT-i-LSu4iF2oIJCunIe6Hk-BmziuJOfIYwPtV8bIke73CjTSFXyc9jGIRKwH-p9UI6mzCuBbgciHnYuYj-C8rnk9ubRjlFSG8l5n_z3qdVuXoFGa1IdTcvAvMiXpDcrFzKbytsHZI0y-UquypPWeqQ3DxM_daLf7eU91Md6sWhGebGTPrwQifr7Djx5HjDr_Qd2rwU5I_snrbOHEwEz38ZdaUoDL5RENVhT8MRni0xfe1_ZD9eZY81lqzE29bWDL8p4QVmWPWAPuN9TPiTQMeiP5nCVQDMk8stlTb2FmkFIV7drngdHdDiF4s-MXfpMU7uRq8Bh3gPuUYT2q721YZOWFxmOEzqyiA-Tv4u6KOR2qojIcPGR1we7mQDBsuCMte9QeBR6gNWvP9W49rjZg3mLnLnhQv-2IKzBR30OJG7QUCL7RKsnr_oMgeBYlsGfpTaF3Dce_kKh4AVW-HopLMh5qfrbeSWXl4DcNLVnptO20XxxMbxNBeUW5im9ZnC_An64TRoV_hIGyE4HFeBo1CJlviQXFoDaMG7bFEBKskuqGmRZRHVM8_GsfPGI6gXDqiyuGTwhDnK-U-vcIlzzPntQ7M-_Z574ng8058b2LZ5tz22NDxaSoPqNb54fGjvWtqAA95AAL7WkJ9sbNINKZo1ED7pIzylObAWK33pQzSBwDslSJ9xRe6iFpABF4y-RjVqESKBnUU-y_msyTIm9mdSehpLFoQ6oE3ao_AZFrpunM3o8k2Skeix59XdydP7MeJlLUM5BoezxUKJqlB-ygCbIP2tTVSz7KkDOwju_wT8KwIaMjWwgODSuUCSTaJQZsmFkRNSJw4UZu4rhanEO3auQJOp7quDyjA7hAcre4b_uw3RPbAyvOgA1-L434Lfbx42YN8nXTOlDo5L2QxHO8SLhtVvf-dY4Sad_xkhAlOCTCb-ipHZjPQMXfDA7E0UpYLWHXB14B-94SNMsgatWXuPkllFBMlJGWUGS_cKALyIwpwcDcAFdWCsrBsDM4ktxgQ838UOmnr7C54qzgnljdq95DlRR0ZQPCInYOy3PVjGGycusPyGl-UnqTcP7EmY2DcPgweMffzepXslCrcg-VZzAI7mGdDxxOOyzR1jTMMuhhyNmxsaRbzhmg3bR5dlQIe6hcymVDZqER8Z1B69kkV5FV_v5KnFvPPymA6mrtlJqQLMZXDzlOeV2p--dBKDdwfG2nDWE2W2-u5igoJ8DXybSQlWQ8VrLpcMEPs4I9AO1RbrfET_t_E8q_fapGbQW8y_0__vtxTezjYLzH_tC24MRuPNcYRmyE1oGDKtOf06g90r0veS7rsZyY6PLKMYbLLXHYH0AC5KvYP-iU-7FFVq3YBDylsAepVx5q-dtapOzPrnUpkeScUpwbZrpxOSsEQ4asJHGUYVIM_-TR8dXzDGlIY_YNKgYFnuP8RzNv-eGRNj7twML29pg5IcaLFpZQA48d9-C1XcaGOxl-AIq8bT8wDvrR3GOk0INCJbCOl3WI-f5PJSgMAejqj9AIvRjlm_1kJL2WwJCLzj3JwZ4CX-xWbTaiKYdLPoj98Vpjce3Fy7zYUEFdrs4X1ZhABURIW9j9-pVeIs18r1ILePduYp-WYvILK87Gx5JGlRo_R8teNbX1T1fQkmUSgNfENeXcppYAHI45-y4hvzOpzVdSeoD2UvCcSNFmiyjGlLOySbNmb4LmpWG_F-IrEZTKe6Y7K1lkjIGrpvO9gROBki33KWZjYXoB2XzADcMQAZA73o5qprxbzmtxBgQEDddb9X6_XJmAqI7p3UYTNPx-TC0diDHFhxdncksKQHpjQdUqJFhCmqZZ914FPfEDmyJtxbBj-TIaFGjbgXTovyJ1PWu3rlUnZnpiKDiOdCtQQOWLnFDz0FySbEWDW-B8as9rE01Ta-vhLIWTMjLr4yJ2o57hwTn3ivbRigytY2Xet1x7HgtDtZ9fvyuT0GXZr0j_LTi9MAofAQbSWq_bMDtFMmLdt_XHU-vsSt3qB0mJzL85ssIVdPD08VGKWSy5SHj5bcqcG0hozaV3LhpT2nx1_1mHiHUVcAtwiLnvcEBOwP9x5P1DiPsDPeh6gN9VmOFNSi1QLiI2-ICrEf98ewr30gIsqnveEEzO0MypY1_K8Q-cQc_MboKdjnDTntYJtZIXAj-AR4dqz8rMCVuq2iVVXhY7fXXfUpIh9e_3fRhMYs\" target=\"_blank\" rel=\"noreferrer noopener\">https:\/\/www.alzira.es\/wp-content\/uploads\/2024\/09\/alzira-en-verd-programa.pdf<\/a><\/p>\n<p><a href=\"https:\/\/www.alzira.es\/wp-content\/uploads\/2024\/09\/alzira-en-verd-programa.pdf?fbclid=IwZXh0bgNhZW0CMTEAAR0ylI84QB1lUhuMUsEc0aFuzMK7ty0RRf3qCjmaXyFfrPDCBBXK79aupYE_aem_8Mphq80BGRrbQigszDmT-Q\"><img loading=\"lazy\" decoding=\"async\" src=\"https:\/\/esportsmunicipalsalzira.com\/wp-content\/uploads\/2024\/09\/461083429_918137810347625_5506685416201640681_n.jpg\" width=\"97\" height=\"97\" class=\"dm x\" alt=\"Puede ser una imagen de 6 personas, bicicleta y texto\"><\/a> <\/p>\n<p><a href=\"https:\/\/www.alzira.es\/wp-content\/uploads\/2024\/09\/alzira-en-verd-programa.pdf?fbclid=IwZXh0bgNhZW0CMTEAAR0ylI84QB1lUhuMUsEc0aFuzMK7ty0RRf3qCjmaXyFfrPDCBBXK79aupYE_aem_8Mphq80BGRrbQigszDmT-Q\"><\/a><\/p>\n<p><br \/>\n<br \/><a href=\"https:\/\/www.facebook.com\/100063537194811\/posts\/1080698264058070\">source<\/a>  <\/p>","protected":false},"excerpt":{"rendered":"<p>\u267b\ufe0f \ud835\udc00\ud835\udc0b\ud835\udc19\ud835\udc08\ud835\udc11\ud835\udc00 \ud835\udc04\ud835\udc0d \ud835\udc15\ud835\udc04\ud835\udc11\ud835\udc03\u267b\ufe0f Recull fotogr\u00e0fic de la Bicicletada per l&#8217;Anell Verd \ud83d\udeb2\ud83d\udeb2, dins de la programaci\u00f3 de la Biosfira 2.0 i l&#8217;11a Fira de la biodiverditat cultivada. \u2705 Pots consultar la resta d&#8217;activitats: https:\/\/www.alzira.es\/wp-content\/uploads\/2024\/09\/alzira-en-verd-programa.pdf\u267b\ufe0f LEVANTA EN VERDE \u267b\ufe0f Colecci\u00f3n fotogr\u00e1fica de la Bicicletada para el Anillo Verde \ud83d\udeb2\ud83d\udeb2, en la programaci\u00f3n de la Biosfira [&hellip;]<\/p>\n","protected":false},"author":2,"featured_media":8113,"comment_status":"open","ping_status":"open","sticky":false,"template":"","format":"standard","meta":{"footnotes":""},"categories":[1],"tags":[],"class_list":["post-8112","post","type-post","status-publish","format-standard","has-post-thumbnail","hentry","category-esports-alzira"],"featured_image_src":{"landsacpe":["https:\/\/esportsmunicipalsalzira.com\/wp-content\/uploads\/2024\/09\/461083429_918137810347625_5506685416201640681_n.jpg",206,206,false],"list":["https:\/\/esportsmunicipalsalzira.com\/wp-content\/uploads\/2024\/09\/461083429_918137810347625_5506685416201640681_n.jpg",206,206,false],"medium":["https:\/\/esportsmunicipalsalzira.com\/wp-content\/uploads\/2024\/09\/461083429_918137810347625_5506685416201640681_n.jpg",206,206,false],"full":["https:\/\/esportsmunicipalsalzira.com\/wp-content\/uploads\/2024\/09\/461083429_918137810347625_5506685416201640681_n.jpg",206,206,false]},"_links":{"self":[{"href":"https:\/\/esportsmunicipalsalzira.com\/es\/wp-json\/wp\/v2\/posts\/8112","targetHints":{"allow":["GET"]}}],"collection":[{"href":"https:\/\/esportsmunicipalsalzira.com\/es\/wp-json\/wp\/v2\/posts"}],"about":[{"href":"https:\/\/esportsmunicipalsalzira.com\/es\/wp-json\/wp\/v2\/types\/post"}],"author":[{"embeddable":true,"href":"https:\/\/esportsmunicipalsalzira.com\/es\/wp-json\/wp\/v2\/users\/2"}],"replies":[{"embeddable":true,"href":"https:\/\/esportsmunicipalsalzira.com\/es\/wp-json\/wp\/v2\/comments?post=8112"}],"version-history":[{"count":0,"href":"https:\/\/esportsmunicipalsalzira.com\/es\/wp-json\/wp\/v2\/posts\/8112\/revisions"}],"wp:featuredmedia":[{"embeddable":true,"href":"https:\/\/esportsmunicipalsalzira.com\/es\/wp-json\/wp\/v2\/media\/8113"}],"wp:attachment":[{"href":"https:\/\/esportsmunicipalsalzira.com\/es\/wp-json\/wp\/v2\/media?parent=8112"}],"wp:term":[{"taxonomy":"category","embeddable":true,"href":"https:\/\/esportsmunicipalsalzira.com\/es\/wp-json\/wp\/v2\/categories?post=8112"},{"taxonomy":"post_tag","embeddable":true,"href":"https:\/\/esportsmunicipalsalzira.com\/es\/wp-json\/wp\/v2\/tags?post=8112"}],"curies":[{"name":"wp","href":"https:\/\/api.w.org\/{rel}","templated":true}]}}