{"id":8116,"date":"2024-09-22T16:30:17","date_gmt":"2024-09-22T14:30:17","guid":{"rendered":"https:\/\/esportsmunicipalsalzira.com\/torneig-dissabte-21-els-nostres-benjamins-infantils-cadets-i-juvenils-es-van-desplacar-ahir-fins-a-valencia-concre\/"},"modified":"2024-09-22T16:30:17","modified_gmt":"2024-09-22T14:30:17","slug":"torneig-dissabte-21-els-nostres-benjamins-infantils-cadets-i-juvenils-es-van-desplacar-ahir-fins-a-valencia-concre","status":"publish","type":"post","link":"https:\/\/esportsmunicipalsalzira.com\/es\/torneig-dissabte-21-els-nostres-benjamins-infantils-cadets-i-juvenils-es-van-desplacar-ahir-fins-a-valencia-concre\/","title":{"rendered":"Torneo s\u00e1bado 21 Nuestros Benjamines, Infantiles, Cadetes y Juveniles se desplazaron ayer hasta Valencia, concretamente"},"content":{"rendered":"<p><br \/>\n\ud83c\udfd0\u2728 Torneo el s\u00e1bado 21 \u2728\ud83c\udfd0<\/p>\n<p>Nuestros Benjamines, Infantiles, Cadetes y Juveniles se desplazaron ayer hasta Valencia, concretamente al Colegio El Pilar, donde pasaron una ma\u00f1ana de balonmano espectacular. \ud83d\udcaa\ud83e\udd29<\/p>\n<p>\ud83d\udcc8 Todas las categor\u00edas consiguieron la victoria \ud83c\udfc6, a excepci\u00f3n del Infantil femenino, que lo dio todo en la pista pero no pudo ser esta vez. \ud83d\udc99\ud83d\udc4f<\/p>\n<p>\ud83d\ude4c Gracias a nuestros anfitriones por contar con nosotros y por su hospitalidad!<\/p>\n<p>\u00a1Seguimos trabajando! \ud83d\udc99\u2764\ufe0f\ud83d\udc99 <\/p>\n<p>#Handbolicados<\/p>\n<p><a href=\"https:\/\/esportsmunicipalsalzira.com\/wp-content\/uploads\/2024\/09\/460956426_1050191430441245_8565169703359608560_n.jpg\"><img decoding=\"async\" class=\"wp_automatic_fb_img\" title=\"\" src=\"https:\/\/esportsmunicipalsalzira.com\/wp-content\/uploads\/2024\/09\/460956426_1050191430441245_8565169703359608560_n.jpg\" \/><\/a><br \/><a href=\"https:\/\/esportsmunicipalsalzira.com\/wp-content\/uploads\/2024\/09\/461054519_1050191457107909_6490626641428370717_n.jpg\"><img decoding=\"async\" class=\"wp_automatic_fb_img\" title=\"\" src=\"https:\/\/esportsmunicipalsalzira.com\/wp-content\/uploads\/2024\/09\/461054519_1050191457107909_6490626641428370717_n.jpg\" \/><\/a><br \/><a href=\"https:\/\/esportsmunicipalsalzira.com\/wp-content\/uploads\/2024\/09\/460956605_1050191443774577_190781996208470638_n.jpg\"><img decoding=\"async\" class=\"wp_automatic_fb_img\" title=\"\" src=\"https:\/\/esportsmunicipalsalzira.com\/wp-content\/uploads\/2024\/09\/460956605_1050191443774577_190781996208470638_n.jpg\" \/><\/a><br \/><a href=\"https:\/\/esportsmunicipalsalzira.com\/wp-content\/uploads\/2024\/09\/461181130_1050191463774575_6522365404020518508_n.jpg\"><img decoding=\"async\" class=\"wp_automatic_fb_img\" title=\"\" src=\"https:\/\/esportsmunicipalsalzira.com\/wp-content\/uploads\/2024\/09\/461181130_1050191463774575_6522365404020518508_n.jpg\" \/><\/a><br \/><a href=\"https:\/\/esportsmunicipalsalzira.com\/wp-content\/uploads\/2024\/09\/461128576_1050191420441246_3666910215864535381_n.jpg\"><img decoding=\"async\" class=\"wp_automatic_fb_img\" title=\"\" src=\"https:\/\/esportsmunicipalsalzira.com\/wp-content\/uploads\/2024\/09\/461128576_1050191420441246_3666910215864535381_n.jpg\" \/><\/a><br \/>\n<br \/>\n<br \/><a href=\"https:\/\/www.facebook.com\/100063537194811\/posts\/1080696094058287\">source<\/a>  <\/p>","protected":false},"excerpt":{"rendered":"<p>\ud83c\udfd0\u2728 Torneig dissabte 21 \u2728\ud83c\udfd0 Els nostres Benjamins, Infantils, Cadets i Juvenils es van despla\u00e7ar ahir fins a Val\u00e9ncia, concretament al Col\u00b7legi El Pilar, on passaren un mat\u00ed d&#8217;handbol espectacular. \ud83d\udcaa\ud83e\udd29 \ud83d\udcc8 Totes les categories van aconseguir la vict\u00f2ria \ud83c\udfc6, a excepci\u00f3 de l&#8217;Infantil femen\u00ed, que va donar-ho tot en la pista per\u00f2 no va [&hellip;]<\/p>\n","protected":false},"author":2,"featured_media":8117,"comment_status":"open","ping_status":"open","sticky":false,"template":"","format":"standard","meta":{"footnotes":""},"categories":[1],"tags":[],"class_list":["post-8116","post","type-post","status-publish","format-standard","has-post-thumbnail","hentry","category-esports-alzira"],"featured_image_src":{"landsacpe":["https:\/\/esportsmunicipalsalzira.com\/wp-content\/uploads\/2024\/09\/460956426_1050191430441245_8565169703359608560_n-817x445.jpg",817,445,true],"list":["https:\/\/esportsmunicipalsalzira.com\/wp-content\/uploads\/2024\/09\/460956426_1050191430441245_8565169703359608560_n-463x348.jpg",463,348,true],"medium":["https:\/\/esportsmunicipalsalzira.com\/wp-content\/uploads\/2024\/09\/460956426_1050191430441245_8565169703359608560_n-300x300.jpg",300,300,true],"full":["https:\/\/esportsmunicipalsalzira.com\/wp-content\/uploads\/2024\/09\/460956426_1050191430441245_8565169703359608560_n.jpg",817,817,false]},"_links":{"self":[{"href":"https:\/\/esportsmunicipalsalzira.com\/es\/wp-json\/wp\/v2\/posts\/8116","targetHints":{"allow":["GET"]}}],"collection":[{"href":"https:\/\/esportsmunicipalsalzira.com\/es\/wp-json\/wp\/v2\/posts"}],"about":[{"href":"https:\/\/esportsmunicipalsalzira.com\/es\/wp-json\/wp\/v2\/types\/post"}],"author":[{"embeddable":true,"href":"https:\/\/esportsmunicipalsalzira.com\/es\/wp-json\/wp\/v2\/users\/2"}],"replies":[{"embeddable":true,"href":"https:\/\/esportsmunicipalsalzira.com\/es\/wp-json\/wp\/v2\/comments?post=8116"}],"version-history":[{"count":0,"href":"https:\/\/esportsmunicipalsalzira.com\/es\/wp-json\/wp\/v2\/posts\/8116\/revisions"}],"wp:featuredmedia":[{"embeddable":true,"href":"https:\/\/esportsmunicipalsalzira.com\/es\/wp-json\/wp\/v2\/media\/8117"}],"wp:attachment":[{"href":"https:\/\/esportsmunicipalsalzira.com\/es\/wp-json\/wp\/v2\/media?parent=8116"}],"wp:term":[{"taxonomy":"category","embeddable":true,"href":"https:\/\/esportsmunicipalsalzira.com\/es\/wp-json\/wp\/v2\/categories?post=8116"},{"taxonomy":"post_tag","embeddable":true,"href":"https:\/\/esportsmunicipalsalzira.com\/es\/wp-json\/wp\/v2\/tags?post=8116"}],"curies":[{"name":"wp","href":"https:\/\/api.w.org\/{rel}","templated":true}]}}