{"id":8208,"date":"2024-10-14T15:55:51","date_gmt":"2024-10-14T13:55:51","guid":{"rendered":"https:\/\/esportsmunicipalsalzira.com\/convocatoria-ferfutur-cami-cesablanes2025-una-vegada-mes-alvaro-martinez-a-la-llista-de-la-seleccio-valenciana-bo\/"},"modified":"2024-10-14T15:55:51","modified_gmt":"2024-10-14T13:55:51","slug":"convocatoria-ferfutur-cami-cesablanes2025-una-vegada-mes-alvaro-martinez-a-la-llista-de-la-seleccio-valenciana-bo","status":"publish","type":"post","link":"https:\/\/esportsmunicipalsalzira.com\/es\/convocatoria-ferfutur-cami-cesablanes2025-una-vegada-mes-alvaro-martinez-a-la-llista-de-la-seleccio-valenciana-bo\/","title":{"rendered":"CONVOCATOR\u00cdA #FERFUTUR CAMINO #cesablanes2025 Una vez m\u00e1s, Alvaro Mart\u00ednez en la lista de la Selecci\u00f3n Valenciana. Bueno"},"content":{"rendered":"<p>CONVOCATORIA <a class=\"_5ayv _qdx\" href=\"https:\/\/facebook.com\/hashtag\/ferfutur\">#FERFUTUR<\/a> CAMINO <a class=\"_5ayv _qdx\" href=\"https:\/\/facebook.com\/hashtag\/cesablanes2025\">#cesablanas2025<\/a> <br \/> Una vez m\u00e1s, Alvaro Mart\u00ednez en la lista de la Selecci\u00f3n Valenciana.<br \/> Buen trabajo!!<br \/> @fedbmcv<br \/> <a class=\"_5ayv _qdx\" href=\"https:\/\/facebook.com\/hashtag\/handbolicats\">#handbolicats<\/a> <br \/> \ud83d\udc99\u2764\ufe0f\ud83d\udc99<\/p>\n<p><a href=\"https:\/\/esportsmunicipalsalzira.com\/wp-content\/uploads\/2024\/10\/463276610_1068429711950750_4642720019911387411_n.jpg\"><img decoding=\"async\" class=\"wp_automatic_fb_img\" title=\"\" src=\"https:\/\/esportsmunicipalsalzira.com\/wp-content\/uploads\/2024\/10\/463276610_1068429711950750_4642720019911387411_n.jpg\" \/><\/a><br \/>\n<br \/>\n<br \/><a href=\"https:\/\/www.facebook.com\/100063537194811\/posts\/1100106702117226\">source<\/a>  <\/p>","protected":false},"excerpt":{"rendered":"<p>CONVOCATOR\u00cdA #FERFUTUR CAM\u00cd #cesablanes2025 Una vegada mes, Alvaro Mart\u00ednez a la llista de la Selecci\u00f3 Valenciana. Bon treball!! @fedbmcv #handbolicats \ud83d\udc99\u2764\ufe0f\ud83d\udc99 Source<\/p>","protected":false},"author":2,"featured_media":8209,"comment_status":"open","ping_status":"open","sticky":false,"template":"","format":"standard","meta":{"footnotes":""},"categories":[1],"tags":[],"class_list":["post-8208","post","type-post","status-publish","format-standard","has-post-thumbnail","hentry","category-esports-alzira"],"featured_image_src":{"landsacpe":["https:\/\/esportsmunicipalsalzira.com\/wp-content\/uploads\/2024\/10\/463276610_1068429711950750_4642720019911387411_n-1079x445.jpg",1079,445,true],"list":["https:\/\/esportsmunicipalsalzira.com\/wp-content\/uploads\/2024\/10\/463276610_1068429711950750_4642720019911387411_n-463x348.jpg",463,348,true],"medium":["https:\/\/esportsmunicipalsalzira.com\/wp-content\/uploads\/2024\/10\/463276610_1068429711950750_4642720019911387411_n-240x300.jpg",240,300,true],"full":["https:\/\/esportsmunicipalsalzira.com\/wp-content\/uploads\/2024\/10\/463276610_1068429711950750_4642720019911387411_n.jpg",1079,1349,false]},"_links":{"self":[{"href":"https:\/\/esportsmunicipalsalzira.com\/es\/wp-json\/wp\/v2\/posts\/8208","targetHints":{"allow":["GET"]}}],"collection":[{"href":"https:\/\/esportsmunicipalsalzira.com\/es\/wp-json\/wp\/v2\/posts"}],"about":[{"href":"https:\/\/esportsmunicipalsalzira.com\/es\/wp-json\/wp\/v2\/types\/post"}],"author":[{"embeddable":true,"href":"https:\/\/esportsmunicipalsalzira.com\/es\/wp-json\/wp\/v2\/users\/2"}],"replies":[{"embeddable":true,"href":"https:\/\/esportsmunicipalsalzira.com\/es\/wp-json\/wp\/v2\/comments?post=8208"}],"version-history":[{"count":0,"href":"https:\/\/esportsmunicipalsalzira.com\/es\/wp-json\/wp\/v2\/posts\/8208\/revisions"}],"wp:featuredmedia":[{"embeddable":true,"href":"https:\/\/esportsmunicipalsalzira.com\/es\/wp-json\/wp\/v2\/media\/8209"}],"wp:attachment":[{"href":"https:\/\/esportsmunicipalsalzira.com\/es\/wp-json\/wp\/v2\/media?parent=8208"}],"wp:term":[{"taxonomy":"category","embeddable":true,"href":"https:\/\/esportsmunicipalsalzira.com\/es\/wp-json\/wp\/v2\/categories?post=8208"},{"taxonomy":"post_tag","embeddable":true,"href":"https:\/\/esportsmunicipalsalzira.com\/es\/wp-json\/wp\/v2\/tags?post=8208"}],"curies":[{"name":"wp","href":"https:\/\/api.w.org\/{rel}","templated":true}]}}