{"id":8325,"date":"2024-11-06T15:09:06","date_gmt":"2024-11-06T14:09:06","guid":{"rendered":"https:\/\/esportsmunicipalsalzira.com\/4-karatekes-alzirenys-a-la-final-de-la-lliga-nacional-alzira-radio-107-9-fm-noticia-alzira\/"},"modified":"2024-11-06T15:09:06","modified_gmt":"2024-11-06T14:09:06","slug":"4-karatekes-alzirenys-a-la-final-de-la-lliga-nacional-alzira-radio-107-9-fm-noticia-alzira","status":"publish","type":"post","link":"https:\/\/esportsmunicipalsalzira.com\/es\/4-karatekes-alzirenys-a-la-final-de-la-lliga-nacional-alzira-radio-107-9-fm-noticia-alzira\/","title":{"rendered":"4 karatecas alzire\u00f1os en la final de la liga nacional | Alzira Radio 107.9 fm | Noticia Alzira"},"content":{"rendered":"<p><br \/>\nMarco Mazo, Paula Penava y Carla Vives, del Club Karate Alzira se han clasificado para la final de la liga nacional de k\u00e1rate cadete y sub-21. Tambi\u00e9n disputar\u00e1 la final sub21 Susi Marin y David Estell\u00e9s y Leo Masi\u00e0 buscar\u00e1n la clasificaci\u00f3n infantil y juvenil este fin de semana en Tarragona.<\/p>\n<p>https:\/\/alziraradio.com\/4-karatekes-alzirenys-a-la-final-de-la-lliga-nacional<\/p>\n<p><a href=\"https:\/\/alziraradio.com\/4-karatekes-alzirenys-a-la-final-de-la-lliga-nacional?fbclid=IwZXh0bgNhZW0CMTEAAR3BkJBGPMsyZ5BQ-MmHFvYVEcktLSuADSBrD5XzEK8Mk2CZetgL-59Ls3c_aem_JMVGLCuoJPH95fe1Pyclgw\"><img decoding=\"async\" title=\"4 karatecas alzire\u00f1os en la final de la liga nacional | Alzira Radio 107.9 fm | Noticia Alzira\" src=\"https:\/\/esportsmunicipalsalzira.com\/wp-content\/uploads\/2024\/11\/3036974909850504225\" \/><\/a> <\/p>\n<p><a href=\"https:\/\/alziraradio.com\/4-karatekes-alzirenys-a-la-final-de-la-lliga-nacional?fbclid=IwZXh0bgNhZW0CMTEAAR3BkJBGPMsyZ5BQ-MmHFvYVEcktLSuADSBrD5XzEK8Mk2CZetgL-59Ls3c_aem_JMVGLCuoJPH95fe1Pyclgw\">4 karatecas alzire\u00f1os en la final de la liga nacional | Alzira Radio 107.9 fm | Noticia Alzira<\/a><\/p>\n<p><br \/>\n<br \/><a href=\"https:\/\/www.facebook.com\/100063537194811\/posts\/1119253226869240\">source<\/a>  <\/p>","protected":false},"excerpt":{"rendered":"<p>Marco Mazo, Paula Penava i Carla Vives, del Club Karate Alzira s&#8217;han classificat per a la final de la lliga nacional de karate cadet i sub-21. Tamb\u00e9 disputar\u00e0 la final sub21 Susi Marin i David Estell\u00e9s i Leo Masi\u00e0 buscaran la classificaci\u00f3 infantil i juvenil este cap de setmana a Tarragona. https:\/\/alziraradio.com\/4-karatekes-alzirenys-a-la-final-de-la-lliga-nacional 4 karatekes alzirenys [&hellip;]<\/p>\n","protected":false},"author":2,"featured_media":8326,"comment_status":"open","ping_status":"open","sticky":false,"template":"","format":"standard","meta":{"footnotes":""},"categories":[1],"tags":[],"class_list":["post-8325","post","type-post","status-publish","format-standard","has-post-thumbnail","hentry","category-esports-alzira"],"featured_image_src":{"landsacpe":["https:\/\/esportsmunicipalsalzira.com\/wp-content\/uploads\/2024\/11\/3036974909850504225.jpeg",833,435,false],"list":["https:\/\/esportsmunicipalsalzira.com\/wp-content\/uploads\/2024\/11\/3036974909850504225-463x348.jpeg",463,348,true],"medium":["https:\/\/esportsmunicipalsalzira.com\/wp-content\/uploads\/2024\/11\/3036974909850504225-300x157.jpeg",300,157,true],"full":["https:\/\/esportsmunicipalsalzira.com\/wp-content\/uploads\/2024\/11\/3036974909850504225.jpeg",833,435,false]},"_links":{"self":[{"href":"https:\/\/esportsmunicipalsalzira.com\/es\/wp-json\/wp\/v2\/posts\/8325","targetHints":{"allow":["GET"]}}],"collection":[{"href":"https:\/\/esportsmunicipalsalzira.com\/es\/wp-json\/wp\/v2\/posts"}],"about":[{"href":"https:\/\/esportsmunicipalsalzira.com\/es\/wp-json\/wp\/v2\/types\/post"}],"author":[{"embeddable":true,"href":"https:\/\/esportsmunicipalsalzira.com\/es\/wp-json\/wp\/v2\/users\/2"}],"replies":[{"embeddable":true,"href":"https:\/\/esportsmunicipalsalzira.com\/es\/wp-json\/wp\/v2\/comments?post=8325"}],"version-history":[{"count":0,"href":"https:\/\/esportsmunicipalsalzira.com\/es\/wp-json\/wp\/v2\/posts\/8325\/revisions"}],"wp:featuredmedia":[{"embeddable":true,"href":"https:\/\/esportsmunicipalsalzira.com\/es\/wp-json\/wp\/v2\/media\/8326"}],"wp:attachment":[{"href":"https:\/\/esportsmunicipalsalzira.com\/es\/wp-json\/wp\/v2\/media?parent=8325"}],"wp:term":[{"taxonomy":"category","embeddable":true,"href":"https:\/\/esportsmunicipalsalzira.com\/es\/wp-json\/wp\/v2\/categories?post=8325"},{"taxonomy":"post_tag","embeddable":true,"href":"https:\/\/esportsmunicipalsalzira.com\/es\/wp-json\/wp\/v2\/tags?post=8325"}],"curies":[{"name":"wp","href":"https:\/\/api.w.org\/{rel}","templated":true}]}}