{"id":8338,"date":"2024-11-13T17:00:28","date_gmt":"2024-11-13T16:00:28","guid":{"rendered":"https:\/\/esportsmunicipalsalzira.com\/episodi-pluges-dimecres-13-de-novembre-17-00h-davant-la-previsio-de-forts-pluges-que-podria-afectar-a-alzira-i-don\/"},"modified":"2024-11-13T17:00:28","modified_gmt":"2024-11-13T16:00:28","slug":"episodi-pluges-dimecres-13-de-novembre-17-00h-davant-la-previsio-de-forts-pluges-que-podria-afectar-a-alzira-i-don","status":"publish","type":"post","link":"https:\/\/esportsmunicipalsalzira.com\/es\/episodi-pluges-dimecres-13-de-novembre-17-00h-davant-la-previsio-de-forts-pluges-que-podria-afectar-a-alzira-i-don\/","title":{"rendered":"Episodio lluvias mi\u00e9rcoles 13 de noviembre 17.00h Ante la previsi\u00f3n de fuertes lluvias, que podr\u00eda afectar a Alzira, y don"},"content":{"rendered":"<p><br \/>\n\ud83d\udce2\ud83d\udce2 Episodio lluvias mi\u00e9rcoles 13 de noviembre 17.00h<\/p>\n<p>\u26c8\ufe0f\ud83c\udf0a Ante la previsi\u00f3n de fuertes lluvias, que podr\u00eda afectar a Alzira, y dada la actual saturaci\u00f3n de nuestros montes y campos, el Ayuntamiento de Alzira ha decidido por precauci\u00f3n:<\/p>\n<p>\ud83d\udcda Suspender las clases en todos los centros educativos para ma\u00f1ana jueves 14 de noviembre<br \/>\n\u26bd\ufe0f\ud83c\udfc0 Cierre de todos los espacios deportivos al aire libre, e instalaciones deportivas, tambi\u00e9n la piscina cubierta<br \/>\n\ud83c\udf33 Cierre del parque de la Alquenencia<br \/>\n\ud83e\udea6Cierre del cementerio<br \/>\n\ud83d\uddfbLa Murta estar\u00e1 cerrada<\/p>\n<p>Recordemos que el CECOPI ha establecido la restricci\u00f3n de la movilidad de veh\u00edculos privados desde esta tarde, 13 de noviembre a las 18 horas y hasta las 18 horas del jueves 14 de noviembre en veinte municipios de l&#039;Horta, la Ribera y la Foia de Bu\u00f1ol por el temporal: Alaqu\u00e0s, Albal, Aldaia, Alfafar, Algemes\u00ed, Alginet, Benet\u00fasser, Beniparrell, Catarroja, Chiva, Guadasuar, Alcudia, Llocnou de la Corona, Massanassa, Paiporta, Picanya, Sedav\u00ed, Torrent, las tres pedan\u00edas del sur de Valencia afectadas y Xirivella<\/p>\n<p>\u26a0\ufe0f \u00a1Mucha precauci\u00f3n!<\/p>\n<p>\ud83d\udce2\ud83d\udce2 Episodio lluvias mi\u00e9rcoles 13 de noviembre 17.00h<br \/>\n\u26c8\ufe0f\ud83c\udf0a Ante la previsi\u00f3n de fuertes lluvias, que podr\u00eda afectar a Alzira, y dada la actual saturaci\u00f3n de nuestras monta\u00f1as y campos, el Ayuntamiento de Alzira ha decidido por precauci\u00f3n:<br \/>\n\ud83d\udcda Suspender las clases en todos los centros educativos para ma\u00f1ana jueves 14 de noviembre<br \/>\n\u26bd\ufe0f\ud83c\udfc0 Cierre de todos los espacios deportivos al aire libre, e instalaciones deportivas, tambi\u00e9n la piscina cubierta.<br \/>\n\ud83c\udf33 Cierre del parque de la Alquenencia<br \/>\n\ud83e\udea6 Cierre del cementerio<br \/>\n\ud83d\uddfbLa Murta estar\u00e1 cerrada<br \/>\nRecordemos que el CECOPI ha establecido la restricci\u00f3n de la movilidad de veh\u00edculos privados desde esta tarde, 13 de noviembre a las 18 horas y hasta las 18 horas de jueves 14 de noviembre en veinte municipios de l&#039;Horta, la Ribera y la Hoya de Bu\u00f1ol por el temporal: Alaqu\u00e0s, Albal, Aldaia, Alfafar, Algemes\u00ed, Alginet, Benet\u00fasser, Beniparrell, Catarroja, Chiva, Guadasuar, Alcudia, Llocnou de la Corona, Massanassa, Paiporta, Picanya, Sedav\u00ed, Torrent, las tres pedan\u00edas del sur de Valencia afectadas y Xirivella<br \/>\n\u26a0\ufe0f \u00a1Mucha precauci\u00f3n!<\/p>\n<p><a href=\"https:\/\/esportsmunicipalsalzira.com\/wp-content\/uploads\/2024\/11\/466171949_957643983063674_8840161899578296287_n.jpg\"><img decoding=\"async\" class=\"wp_automatic_fb_img\" title=\"\" src=\"https:\/\/esportsmunicipalsalzira.com\/wp-content\/uploads\/2024\/11\/466171949_957643983063674_8840161899578296287_n.jpg\" \/><\/a><br \/><a href=\"https:\/\/esportsmunicipalsalzira.com\/wp-content\/uploads\/2024\/11\/466466239_957643979730341_278699687346322988_n.jpg\"><img decoding=\"async\" class=\"wp_automatic_fb_img\" title=\"\" src=\"https:\/\/esportsmunicipalsalzira.com\/wp-content\/uploads\/2024\/11\/466466239_957643979730341_278699687346322988_n.jpg\" \/><\/a><br \/><a href=\"https:\/\/esportsmunicipalsalzira.com\/wp-content\/uploads\/2024\/11\/466423664_957643989730340_3374621179521262749_n.jpg\"><img decoding=\"async\" class=\"wp_automatic_fb_img\" title=\"\" src=\"https:\/\/esportsmunicipalsalzira.com\/wp-content\/uploads\/2024\/11\/466423664_957643989730340_3374621179521262749_n.jpg\" \/><\/a><br \/><a href=\"https:\/\/esportsmunicipalsalzira.com\/wp-content\/uploads\/2024\/11\/466301139_957643986397007_324216594807821686_n.jpg\"><img decoding=\"async\" class=\"wp_automatic_fb_img\" title=\"\" src=\"https:\/\/esportsmunicipalsalzira.com\/wp-content\/uploads\/2024\/11\/466301139_957643986397007_324216594807821686_n.jpg\" \/><\/a><br \/>\n<br \/>\n<br \/><a href=\"https:\/\/www.facebook.com\/100063537194811\/posts\/1124568746337688\">source<\/a>  <\/p>","protected":false},"excerpt":{"rendered":"<p>\ud83d\udce2\ud83d\udce2 Episodi pluges dimecres 13 de novembre 17.00h \u26c8\ufe0f\ud83c\udf0a Davant la previsi\u00f3 de forts pluges, que podria afectar a Alzira, i donada l\u2019actual saturaci\u00f3 de les nostres muntanyes i camps, l\u2019Ajuntament d\u2019Alzira ha decidit per precauci\u00f3: \ud83d\udcda Suspendre les classes en tots els centres educatius per a dem\u00e0 dijous 14 de novembre \u26bd\ufe0f\ud83c\udfc0 Tancament de [&hellip;]<\/p>\n","protected":false},"author":2,"featured_media":8339,"comment_status":"open","ping_status":"open","sticky":false,"template":"","format":"standard","meta":{"footnotes":""},"categories":[1],"tags":[],"class_list":["post-8338","post","type-post","status-publish","format-standard","has-post-thumbnail","hentry","category-esports-alzira"],"featured_image_src":{"landsacpe":["https:\/\/esportsmunicipalsalzira.com\/wp-content\/uploads\/2024\/11\/466171949_957643983063674_8840161899578296287_n-1080x445.jpg",1080,445,true],"list":["https:\/\/esportsmunicipalsalzira.com\/wp-content\/uploads\/2024\/11\/466171949_957643983063674_8840161899578296287_n-463x348.jpg",463,348,true],"medium":["https:\/\/esportsmunicipalsalzira.com\/wp-content\/uploads\/2024\/11\/466171949_957643983063674_8840161899578296287_n-300x300.jpg",300,300,true],"full":["https:\/\/esportsmunicipalsalzira.com\/wp-content\/uploads\/2024\/11\/466171949_957643983063674_8840161899578296287_n.jpg",1080,1080,false]},"_links":{"self":[{"href":"https:\/\/esportsmunicipalsalzira.com\/es\/wp-json\/wp\/v2\/posts\/8338","targetHints":{"allow":["GET"]}}],"collection":[{"href":"https:\/\/esportsmunicipalsalzira.com\/es\/wp-json\/wp\/v2\/posts"}],"about":[{"href":"https:\/\/esportsmunicipalsalzira.com\/es\/wp-json\/wp\/v2\/types\/post"}],"author":[{"embeddable":true,"href":"https:\/\/esportsmunicipalsalzira.com\/es\/wp-json\/wp\/v2\/users\/2"}],"replies":[{"embeddable":true,"href":"https:\/\/esportsmunicipalsalzira.com\/es\/wp-json\/wp\/v2\/comments?post=8338"}],"version-history":[{"count":0,"href":"https:\/\/esportsmunicipalsalzira.com\/es\/wp-json\/wp\/v2\/posts\/8338\/revisions"}],"wp:featuredmedia":[{"embeddable":true,"href":"https:\/\/esportsmunicipalsalzira.com\/es\/wp-json\/wp\/v2\/media\/8339"}],"wp:attachment":[{"href":"https:\/\/esportsmunicipalsalzira.com\/es\/wp-json\/wp\/v2\/media?parent=8338"}],"wp:term":[{"taxonomy":"category","embeddable":true,"href":"https:\/\/esportsmunicipalsalzira.com\/es\/wp-json\/wp\/v2\/categories?post=8338"},{"taxonomy":"post_tag","embeddable":true,"href":"https:\/\/esportsmunicipalsalzira.com\/es\/wp-json\/wp\/v2\/tags?post=8338"}],"curies":[{"name":"wp","href":"https:\/\/api.w.org\/{rel}","templated":true}]}}