{"id":8377,"date":"2024-11-20T18:29:26","date_gmt":"2024-11-20T17:29:26","guid":{"rendered":"https:\/\/esportsmunicipalsalzira.com\/%f0%9d%90%82%f0%9d%90%80%f0%9d%90%8c%f0%9d%90%8f%f0%9d%90%88%f0%9d%90%8e%f0%9d%90%8d%f0%9d%90%80%f0%9d%90%93-%f0%9d%90%8f%f0%9d%90%91%f0%9d%90%8e%f0%9d%90%95%f0%9d%90%88%f0%9d%90%8d%f0%9d%90%82-3\/"},"modified":"2024-11-20T18:29:26","modified_gmt":"2024-11-20T17:29:26","slug":"%f0%9d%90%82%f0%9d%90%80%f0%9d%90%8c%f0%9d%90%8f%f0%9d%90%88%f0%9d%90%8e%f0%9d%90%8d%f0%9d%90%80%f0%9d%90%93-%f0%9d%90%8f%f0%9d%90%91%f0%9d%90%8e%f0%9d%90%95%f0%9d%90%88%f0%9d%90%8d%f0%9d%90%82-3","status":"publish","type":"post","link":"https:\/\/esportsmunicipalsalzira.com\/es\/%f0%9d%90%82%f0%9d%90%80%f0%9d%90%8c%f0%9d%90%8f%f0%9d%90%88%f0%9d%90%8e%f0%9d%90%8d%f0%9d%90%80%f0%9d%90%93-%f0%9d%90%8f%f0%9d%90%91%f0%9d%90%8e%f0%9d%90%95%f0%9d%90%88%f0%9d%90%8d%f0%9d%90%82-3\/","title":{"rendered":"\ud835\udc02\ud835\udc00\ud835\udc0c\ud835\udc0f\ud835\udc08\ud835\udc0e\ud835\udc0d\ud835\udc00\ud835\udc13 \ud835\udc0f\ud835\udc11\ud835\udc0e\ud835\udc15\ud835\udc08\ud835\udc0d\ud835\udc02\ud835\udc08\ud835\udc00\ud835\udc0b \ud835\udc08\ud835\udc0d\ud835\udc03\ud835\udc08\ud835\udc15\ud835\udc08\ud835\udc03\ud835\udc14\ud835\udc00\ud835\udc0b \ud835\udc12\ud835\udc14\ud835\udc01\ud835\udfcf\ud835\udfd0. Este fin de semana, tambi\u00e9n se disput\u00f3 el campeonato provincial individual"},"content":{"rendered":"<p><br \/>\n\ud835\udc02\ud835\udc00\ud835\udc0c\ud835\udc0f\ud835\udc08\ud835\udc0e\ud835\udc0d\ud835\udc00\ud835\udc13 \ud835\udc0f\ud835\udc11\ud835\udc0e\ud835\udc15\ud835\udc08\ud835\udc0d\ud835\udc02\ud835\udc08\ud835\udc00\ud835\udc0b \ud835\udc08\ud835\udc0d\ud835\udc03\ud835\udc08\ud835\udc15\ud835\udc08\ud835\udc03\ud835\udc14\ud835\udc00\ud835\udc0b \ud835\udc12\ud835\udc14\ud835\udc01\ud835\udfcf\ud835\udfd0.<\/p>\n<p>Este fin de semana, tambi\u00e9n se disput\u00f3 el campeonato provincial individual sub12 en Valencia.<\/p>\n<p>Participaron: Nuria Palacios, Zoe Ferrer, Valeria Mascarell, Niobe Cross, Ainhoa Hern\u00e1ndez, Helena Blay, Diego Hern\u00e1ndez, Jaime Herv\u00e1s.<\/p>\n<p>\ud83d\udfe2Nuria se proclam\u00f3 CAMPEONA PROVINCIAL \ud83e\udd47ales 2000m marcha.<br \/>\n\u26ab\ufe0fValeria fue SUBCAMPEONA PROVINCIAL\ud83e\udd48 a largo.<br \/>\n\ud83d\udfe2Diego se proclam\u00f3 TERCER PROVINCIAL \ud83e\udd49a los 2000mll<br \/>\n\u26ab\ufe0fZoe fue SUBCAMPEONA PROVINCIAL\ud83e\udd48 a lanzamiento de peso y Helena fue TERCERA PROVINCIAL \ud83e\udd49en la misma prueba.<\/p>\n<p>Tambi\u00e9n realizaron control de jabalina Adriana Gonz\u00e1lez (SUB16) y Aaron Sanchis(SUB14)<\/p>\n<p>Enhorabuena!!!<br \/>\n#clinicaALEJANDROSANZ #calarabosa #saludintegral Ayuntamiento de AlziraServicio Municipal de Deportes Alzira<\/p>\n<p><a href=\"https:\/\/esportsmunicipalsalzira.com\/wp-content\/uploads\/2024\/11\/467748136_1125083319621484_5537551297561696566_n.jpg\"><img decoding=\"async\" class=\"wp_automatic_fb_img\" title=\"\" src=\"https:\/\/esportsmunicipalsalzira.com\/wp-content\/uploads\/2024\/11\/467748136_1125083319621484_5537551297561696566_n.jpg\" \/><\/a><br \/><a href=\"https:\/\/esportsmunicipalsalzira.com\/wp-content\/uploads\/2024\/11\/467400102_1125082042954945_8004162507313569641_n.jpg\"><img decoding=\"async\" class=\"wp_automatic_fb_img\" title=\"\" src=\"https:\/\/esportsmunicipalsalzira.com\/wp-content\/uploads\/2024\/11\/467400102_1125082042954945_8004162507313569641_n.jpg\" \/><\/a><br \/><a href=\"https:\/\/esportsmunicipalsalzira.com\/wp-content\/uploads\/2024\/11\/467504336_1125082139621602_8455164514597785931_n.jpg\"><img decoding=\"async\" class=\"wp_automatic_fb_img\" title=\"\" src=\"https:\/\/esportsmunicipalsalzira.com\/wp-content\/uploads\/2024\/11\/467504336_1125082139621602_8455164514597785931_n.jpg\" \/><\/a><br \/><a href=\"https:\/\/esportsmunicipalsalzira.com\/wp-content\/uploads\/2024\/11\/467856751_1125082302954919_5784969953199056167_n.jpg\"><img decoding=\"async\" class=\"wp_automatic_fb_img\" title=\"\" src=\"https:\/\/esportsmunicipalsalzira.com\/wp-content\/uploads\/2024\/11\/467856751_1125082302954919_5784969953199056167_n.jpg\" \/><\/a><br \/><a href=\"https:\/\/esportsmunicipalsalzira.com\/wp-content\/uploads\/2024\/11\/467440948_1125082669621549_7253897766213302855_n.jpg\"><img decoding=\"async\" class=\"wp_automatic_fb_img\" title=\"\" src=\"https:\/\/esportsmunicipalsalzira.com\/wp-content\/uploads\/2024\/11\/467440948_1125082669621549_7253897766213302855_n.jpg\" \/><\/a><br \/>\n<br \/>\n<br \/><a href=\"https:\/\/www.facebook.com\/100063537194811\/posts\/1130663005728262\">source<\/a>  <\/p>","protected":false},"excerpt":{"rendered":"<p>\ud835\udc02\ud835\udc00\ud835\udc0c\ud835\udc0f\ud835\udc08\ud835\udc0e\ud835\udc0d\ud835\udc00\ud835\udc13 \ud835\udc0f\ud835\udc11\ud835\udc0e\ud835\udc15\ud835\udc08\ud835\udc0d\ud835\udc02\ud835\udc08\ud835\udc00\ud835\udc0b \ud835\udc08\ud835\udc0d\ud835\udc03\ud835\udc08\ud835\udc15\ud835\udc08\ud835\udc03\ud835\udc14\ud835\udc00\ud835\udc0b \ud835\udc12\ud835\udc14\ud835\udc01\ud835\udfcf\ud835\udfd0. Aquest cap de setmana, tamb\u00e9 es va disputar el campionat provincial individual sub12 a Val\u00e8ncia. Van participar: Nuria Palacios, Zoe Ferrer, Valeria Mascarell, Niobe Cros, Ainhoa Hern\u00e1ndez, Helena Blay, Diego Hern\u00e1ndez, Jaime Herv\u00e1s. \ud83d\udfe2Nuria es va proclamar CAMPIONA PROVINCIAL \ud83e\udd47als 2000m marxa. \u26ab\ufe0fValeria va ser SUBCAMPIONA PROVINCIAL\ud83e\udd48 a llargada. \ud83d\udfe2Diego es [&hellip;]<\/p>\n","protected":false},"author":2,"featured_media":8378,"comment_status":"open","ping_status":"open","sticky":false,"template":"","format":"standard","meta":{"footnotes":""},"categories":[1],"tags":[],"class_list":["post-8377","post","type-post","status-publish","format-standard","has-post-thumbnail","hentry","category-esports-alzira"],"featured_image_src":{"landsacpe":["https:\/\/esportsmunicipalsalzira.com\/wp-content\/uploads\/2024\/11\/467748136_1125083319621484_5537551297561696566_n-1140x445.jpg",1140,445,true],"list":["https:\/\/esportsmunicipalsalzira.com\/wp-content\/uploads\/2024\/11\/467748136_1125083319621484_5537551297561696566_n-463x348.jpg",463,348,true],"medium":["https:\/\/esportsmunicipalsalzira.com\/wp-content\/uploads\/2024\/11\/467748136_1125083319621484_5537551297561696566_n-300x300.jpg",300,300,true],"full":["https:\/\/esportsmunicipalsalzira.com\/wp-content\/uploads\/2024\/11\/467748136_1125083319621484_5537551297561696566_n.jpg",2048,2048,false]},"_links":{"self":[{"href":"https:\/\/esportsmunicipalsalzira.com\/es\/wp-json\/wp\/v2\/posts\/8377","targetHints":{"allow":["GET"]}}],"collection":[{"href":"https:\/\/esportsmunicipalsalzira.com\/es\/wp-json\/wp\/v2\/posts"}],"about":[{"href":"https:\/\/esportsmunicipalsalzira.com\/es\/wp-json\/wp\/v2\/types\/post"}],"author":[{"embeddable":true,"href":"https:\/\/esportsmunicipalsalzira.com\/es\/wp-json\/wp\/v2\/users\/2"}],"replies":[{"embeddable":true,"href":"https:\/\/esportsmunicipalsalzira.com\/es\/wp-json\/wp\/v2\/comments?post=8377"}],"version-history":[{"count":0,"href":"https:\/\/esportsmunicipalsalzira.com\/es\/wp-json\/wp\/v2\/posts\/8377\/revisions"}],"wp:featuredmedia":[{"embeddable":true,"href":"https:\/\/esportsmunicipalsalzira.com\/es\/wp-json\/wp\/v2\/media\/8378"}],"wp:attachment":[{"href":"https:\/\/esportsmunicipalsalzira.com\/es\/wp-json\/wp\/v2\/media?parent=8377"}],"wp:term":[{"taxonomy":"category","embeddable":true,"href":"https:\/\/esportsmunicipalsalzira.com\/es\/wp-json\/wp\/v2\/categories?post=8377"},{"taxonomy":"post_tag","embeddable":true,"href":"https:\/\/esportsmunicipalsalzira.com\/es\/wp-json\/wp\/v2\/tags?post=8377"}],"curies":[{"name":"wp","href":"https:\/\/api.w.org\/{rel}","templated":true}]}}