{"id":8387,"date":"2024-11-19T23:30:20","date_gmt":"2024-11-19T22:30:20","guid":{"rendered":"https:\/\/esportsmunicipalsalzira.com\/lxvii-campionat-despanya-absolut-dhivern-p25-astrapool-del-14-al-17-de-novembre-madrid-centro-deportivo-m86\/"},"modified":"2024-11-19T23:30:20","modified_gmt":"2024-11-19T22:30:20","slug":"lxvii-campionat-despanya-absolut-dhivern-p25-astrapool-del-14-al-17-de-novembre-madrid-centro-deportivo-m86","status":"publish","type":"post","link":"https:\/\/esportsmunicipalsalzira.com\/es\/lxvii-campionat-despanya-absolut-dhivern-p25-astrapool-del-14-al-17-de-novembre-madrid-centro-deportivo-m86\/","title":{"rendered":"LXVII Campeonato de Espa\u00f1a absoluto de invierno P25 Astrapool!! Del 14 al 17 de noviembre. Madrid, Centro deportivo M86"},"content":{"rendered":"<p><br \/>\n\ud83d\udce3\ud83c\uddea\ud83c\udde6 LXVII Campeonato de Espa\u00f1a absoluto de invierno P25 Astrapool!! Del 14 al 17 de noviembre.<br \/>\n\ud83d\udccdMadrid, Centro deportivo M86<\/p>\n<p>     *\ufe0f\u20e3Viernes 15:<\/p>\n<p>     \ud83c\udfca Josep Fayos (05) nad\u00f3 100B\u27a1\ufe0f33\u00b0\ud83c\uddea\ud83c\udde6\u23f1\ufe0f1&#039;02\u203379(MMP) y los 50L\u27a1\ufe0f32\u00b0\ud83c\uddea\ud83c\udde6\u23f1\ufe0f23&#039;00<br \/>\n     \ud83c\udfca\u200d\u2640\ufe0f Sof\u00eda Segarra (06) nad\u00f3 100B\u27a1\ufe0f63\u00b0\ud83c\uddea\ud83c\udde6\u23f1\ufe0f1&#039;16\u203351<br \/>\n     \ud83c\udfca\u200d\u2640\ufe0fMaia Lardeur (07) nad\u00f3 50L\u27a1\ufe0f20\u00b0\ud83c\uddea\ud83c\udde6\u23f1\ufe0f26&#039;27<\/p>\n<p>     \ud83c\udfca\u200d\u2640\ufe0f\ud83c\udfca\u200d\u2640\ufe0f\ud83c\udfca\u200d\u2640\ufe0f\ud83c\udfca\u200d\u2640\ufe0fRelieves 4 x 50 estilos femenino (J\u00falia,Carla, \u00c1ngeles y Maya)\u27a1\ufe0f14\u00b0\ud83c\uddea\ud83c\udde6\u23f1\ufe0f.<\/p>\n<p>   *\ufe0f\u20e3 S\u00e1bado 16:<\/p>\n<p>      \ud83c\udfca\u200d\u2640\ufe0fMaia Lardeur (07) nad\u00f3 200L\u27a1\ufe0f26\u00b0\ud83c\uddea\ud83c\udde6\u23f1\ufe0f2&#039;05\u203305<br \/>\n       \ud83c\udfca Josep Fayos (05) nad\u00f3 50M\u27a1\ufe0f35\u00b0\ud83c\uddea\ud83c\udde6\u23f1\ufe0f25&#039;19 y 100 estilos \u27a1\ufe0f22\u00b0\ud83c\uddea\ud83c\udde6\u23f1\ufe0f56&#039;69(MMP)<br \/>\n       \ud83c\udfca\u200d\u2640\ufe0f Julia Cardona (06) nad\u00f3 200E\u27a1\ufe0f40\u00b0\ud83c\uddea\ud83c\udde6\u23f1\ufe0f2&#039;26\u203363<\/p>\n<p>       \ud83c\udfca\ud83c\udfca\u200d\u2640\ufe0f\ud83c\udfca\u200d\u2640\ufe0f\ud83c\udfcaRelevos mixto 4 x 50L (David Sienra, Maya, \u00c1ngeles y Josep)\u27a1\ufe0f13\u00b0\ud83c\uddea\ud83c\udde6\u23f1\ufe0f1&#039;39\u203356(MMP).<\/p>\n<p>     *\ufe0f\u20e3 Domingo 17:<\/p>\n<p>       \ud83c\udfca\u200d\u2640\ufe0fMaia Lardeur (07) nad\u00f3 100L\u27a1\ufe0fFinal B \u23f1\ufe0f57&#039;01 quedando la 16\ud83c\uddea\ud83c\udde6 \u23f1\ufe0f 56&#039;68<br \/>\n       \ud83c\udfca\u200d\u2640\ufe0f Sof\u00eda Segarra (06) nad\u00f3 50B\u27a1\ufe0f62\u00b0\ud83c\uddea\ud83c\udde6\u23f1\ufe0f35&#039;08<br \/>\n       \ud83c\udfca\u200d\u2640\ufe0fCarla Navarro (08) nad\u00f3 50B\u27a1\ufe0f60\u00b0\ud83c\uddea\ud83c\udde6\u23f1\ufe0f34&#039;80<br \/>\n       \ud83c\udfcaJosep Fayos (05) nad\u00f3 50B \u27a1\ufe0f Final A \u23f1\ufe0f28&#039;04(MMP) y qued\u00f3 el 8\u00b0\ud83c\uddea\ud83c\udde6<br \/>\n      \ud83c\udfca\u200d\u2640\ufe0f Julia Cardona (06) nad\u00f3 100E\u27a1\ufe0f51\u00b0\ud83c\uddea\ud83c\udde6\u23f1\ufe0f1&#039;06\u203316<\/p>\n<p>       \ud83c\udfca\u200d\u2640\ufe0f\ud83c\udfca\ud83c\udfca\ud83c\udfca\u200d\u2640\ufe0fRelevos 4 x 50 estilos mixto(Julia,Josep, Carlos Cuesta y Maya)\u27a1\ufe0f12\u00b0\ud83c\uddea\ud83c\udde6\u23f1\ufe0f1&#039;49\u203326(MMP)<br \/>\n       \ud83c\udfca\u200d\u2640\ufe0f\ud83c\udfca\u200d\u2640\ufe0f\ud83c\udfca\u200d\u2640\ufe0f\ud83c\udfca\u200d\u2640\ufe0fRelevos 4 x 100 estilos femenino (J\u00falia, Sof\u00eda, \u00c1ngeles y Maya)\u27a1\ufe0f17\u00b0\ud83c\uddea\ud83c\udde6\u23f1<\/p>\n<p>   Nuestros nadadores han disputado su primer campeonato en piscina de 25m., han disfrutado mucho de la experiencia y han podido compartir piscina con los grandes nadadores ol\u00edmpicos y mundialistas de Espa\u00f1a. Ahora a continuar trabajando y preparando nuevos retos, nuevas competiciones con todo el esfuerzo y dedicaci\u00f3n.\ud83d\udcaa\ud83d\udc93\ud83d\udcaa<\/p>\n<p>    \u00a1Gracias a los patrocinadores por apoyarnos!<br \/>\n@soygumy<br \/>\n@dentalgermanies<br \/>\n@clupiksport<\/p>\n<p><a href=\"https:\/\/esportsmunicipalsalzira.com\/wp-content\/uploads\/2024\/11\/467591186_1195994291893091_3231051674016642652_n.jpg\"><img decoding=\"async\" class=\"wp_automatic_fb_img\" title=\"\" src=\"https:\/\/esportsmunicipalsalzira.com\/wp-content\/uploads\/2024\/11\/467591186_1195994291893091_3231051674016642652_n.jpg\" \/><\/a><br \/><a href=\"https:\/\/esportsmunicipalsalzira.com\/wp-content\/uploads\/2024\/11\/467591998_1195994125226441_562713061397910318_n.jpg\"><img decoding=\"async\" class=\"wp_automatic_fb_img\" title=\"\" src=\"https:\/\/esportsmunicipalsalzira.com\/wp-content\/uploads\/2024\/11\/467591998_1195994125226441_562713061397910318_n.jpg\" \/><\/a><br \/><a href=\"https:\/\/esportsmunicipalsalzira.com\/wp-content\/uploads\/2024\/11\/467833098_1195994151893105_1224226730998634688_n.jpg\"><img decoding=\"async\" class=\"wp_automatic_fb_img\" title=\"\" src=\"https:\/\/esportsmunicipalsalzira.com\/wp-content\/uploads\/2024\/11\/467833098_1195994151893105_1224226730998634688_n.jpg\" \/><\/a><br \/><a href=\"https:\/\/esportsmunicipalsalzira.com\/wp-content\/uploads\/2024\/11\/467736174_1195994171893103_2889023428651416723_n.jpg\"><img decoding=\"async\" class=\"wp_automatic_fb_img\" title=\"\" src=\"https:\/\/esportsmunicipalsalzira.com\/wp-content\/uploads\/2024\/11\/467736174_1195994171893103_2889023428651416723_n.jpg\" \/><\/a><br \/><a href=\"https:\/\/esportsmunicipalsalzira.com\/wp-content\/uploads\/2024\/11\/467670295_1195994191893101_591719469705885863_n.jpg\"><img decoding=\"async\" class=\"wp_automatic_fb_img\" title=\"\" src=\"https:\/\/esportsmunicipalsalzira.com\/wp-content\/uploads\/2024\/11\/467670295_1195994191893101_591719469705885863_n.jpg\" \/><\/a><br \/>\n<br \/>\n<br \/><a href=\"https:\/\/www.facebook.com\/100063537194811\/posts\/1129828499145046\">source<\/a>  <\/p>","protected":false},"excerpt":{"rendered":"<p>\ud83d\udce3\ud83c\uddea\ud83c\udde6 LXVII Campionat d&#8217;Espanya absolut d&#8217;hivern P25 Astrapool!! Del 14 al 17 de novembre. \ud83d\udccdMadrid, Centro deportivo M86 *\ufe0f\u20e3Divendres 15: \ud83c\udfca Josep Fayos (05) va nadar 100B\u27a1\ufe0f33\u00b0\ud83c\uddea\ud83c\udde6\u23f1\ufe0f1&#8217;02&#8243;79(MMP) i els 50L\u27a1\ufe0f32\u00b0\ud83c\uddea\ud83c\udde6\u23f1\ufe0f23&#8217;00 \ud83c\udfca\u200d\u2640\ufe0f Sof\u00eda Segarra (06) va nadar 100B\u27a1\ufe0f63\u00b0\ud83c\uddea\ud83c\udde6\u23f1\ufe0f1&#8217;16&#8243;51 \ud83c\udfca\u200d\u2640\ufe0fMaia Lardeur (07) va nadar 50L\u27a1\ufe0f20\u00b0\ud83c\uddea\ud83c\udde6\u23f1\ufe0f26&#8217;27 \ud83c\udfca\u200d\u2640\ufe0f\ud83c\udfca\u200d\u2640\ufe0f\ud83c\udfca\u200d\u2640\ufe0f\ud83c\udfca\u200d\u2640\ufe0fRelleus 4 x 50 estils femeni (J\u00falia,Carla, \u00c0ngels i Maia)\u27a1\ufe0f14\u00b0\ud83c\uddea\ud83c\udde6\u23f1\ufe0f1&#8217;59&#8243;36(MMP). *\ufe0f\u20e3 Dissabte [&hellip;]<\/p>\n","protected":false},"author":2,"featured_media":8388,"comment_status":"open","ping_status":"open","sticky":false,"template":"","format":"standard","meta":{"footnotes":""},"categories":[1],"tags":[],"class_list":["post-8387","post","type-post","status-publish","format-standard","has-post-thumbnail","hentry","category-esports-alzira"],"featured_image_src":{"landsacpe":["https:\/\/esportsmunicipalsalzira.com\/wp-content\/uploads\/2024\/11\/467591186_1195994291893091_3231051674016642652_n-1080x445.jpg",1080,445,true],"list":["https:\/\/esportsmunicipalsalzira.com\/wp-content\/uploads\/2024\/11\/467591186_1195994291893091_3231051674016642652_n-463x348.jpg",463,348,true],"medium":["https:\/\/esportsmunicipalsalzira.com\/wp-content\/uploads\/2024\/11\/467591186_1195994291893091_3231051674016642652_n-300x300.jpg",300,300,true],"full":["https:\/\/esportsmunicipalsalzira.com\/wp-content\/uploads\/2024\/11\/467591186_1195994291893091_3231051674016642652_n.jpg",1080,1080,false]},"_links":{"self":[{"href":"https:\/\/esportsmunicipalsalzira.com\/es\/wp-json\/wp\/v2\/posts\/8387","targetHints":{"allow":["GET"]}}],"collection":[{"href":"https:\/\/esportsmunicipalsalzira.com\/es\/wp-json\/wp\/v2\/posts"}],"about":[{"href":"https:\/\/esportsmunicipalsalzira.com\/es\/wp-json\/wp\/v2\/types\/post"}],"author":[{"embeddable":true,"href":"https:\/\/esportsmunicipalsalzira.com\/es\/wp-json\/wp\/v2\/users\/2"}],"replies":[{"embeddable":true,"href":"https:\/\/esportsmunicipalsalzira.com\/es\/wp-json\/wp\/v2\/comments?post=8387"}],"version-history":[{"count":0,"href":"https:\/\/esportsmunicipalsalzira.com\/es\/wp-json\/wp\/v2\/posts\/8387\/revisions"}],"wp:featuredmedia":[{"embeddable":true,"href":"https:\/\/esportsmunicipalsalzira.com\/es\/wp-json\/wp\/v2\/media\/8388"}],"wp:attachment":[{"href":"https:\/\/esportsmunicipalsalzira.com\/es\/wp-json\/wp\/v2\/media?parent=8387"}],"wp:term":[{"taxonomy":"category","embeddable":true,"href":"https:\/\/esportsmunicipalsalzira.com\/es\/wp-json\/wp\/v2\/categories?post=8387"},{"taxonomy":"post_tag","embeddable":true,"href":"https:\/\/esportsmunicipalsalzira.com\/es\/wp-json\/wp\/v2\/tags?post=8387"}],"curies":[{"name":"wp","href":"https:\/\/api.w.org\/{rel}","templated":true}]}}