{"id":8466,"date":"2024-12-11T14:56:46","date_gmt":"2024-12-11T13:56:46","guid":{"rendered":"https:\/\/esportsmunicipalsalzira.com\/emilio-blanco-sha-unit-als-germans-miguel-i-rafa-rosello-en-la-categoria-dalta-competicio-els-40-millors-pescadors-d\/"},"modified":"2024-12-11T14:56:46","modified_gmt":"2024-12-11T13:56:46","slug":"emilio-blanco-sha-unit-als-germans-miguel-i-rafa-rosello-en-la-categoria-dalta-competicio-els-40-millors-pescadors-d","status":"publish","type":"post","link":"https:\/\/esportsmunicipalsalzira.com\/es\/emilio-blanco-sha-unit-als-germans-miguel-i-rafa-rosello-en-la-categoria-dalta-competicio-els-40-millors-pescadors-d\/","title":{"rendered":"Emilio Blanco se ha unido a los hermanos Miguel y Rafa Rosell\u00f3 en la categor\u00eda de alta competici\u00f3n (los 40 mejores pescadores) de"},"content":{"rendered":"<p><br \/>\nEmilio Blanco se ha unido a los hermanos Miguel y Rafa Rosell\u00f3 en la categor\u00eda de alta competici\u00f3n (los 40 mejores pescadores) despu\u00e9s del campeonato de Espa\u00f1a celebrado en octubre en Zamora. El presidente del club de pesca El Ham, comenta adem\u00e1s, las muchas particularidades que tiene su deporte. Lo escuchamos a partir del minuto 12&#039;11\u201d<\/p>\n<p>https:\/\/alziraradio.com\/tres-pescadors-alzirenys-en-la-categoria-dalta-competicio\/<br \/>\n<br \/>\n<br \/><a href=\"https:\/\/www.facebook.com\/100063537194811\/posts\/1147447210716508\">source<\/a>  <\/p>","protected":false},"excerpt":{"rendered":"<p>Emilio Blanco s&#8217;ha unit als germans Miguel i Rafa Rosell\u00f3 en la categoria d&#8217;alta competici\u00f3 (els 40 millors pescadors) despr\u00e9s del campionat d&#8217;Espanya celebrat en octubre a Zamora. El president del club de pesca L&#8217;Ham, comenta a m\u00e9s, les moltes particularitats que t\u00e9 el seu esport. L&#8217;escoltem a partir del minut 12&#8217;11&#8221; https:\/\/alziraradio.com\/tres-pescadors-alzirenys-en-la-categoria-dalta-competicio\/ Source<\/p>","protected":false},"author":2,"featured_media":0,"comment_status":"open","ping_status":"open","sticky":false,"template":"","format":"standard","meta":{"footnotes":""},"categories":[1],"tags":[],"class_list":["post-8466","post","type-post","status-publish","format-standard","hentry","category-esports-alzira"],"featured_image_src":{"landsacpe":false,"list":false,"medium":false,"full":false},"_links":{"self":[{"href":"https:\/\/esportsmunicipalsalzira.com\/es\/wp-json\/wp\/v2\/posts\/8466","targetHints":{"allow":["GET"]}}],"collection":[{"href":"https:\/\/esportsmunicipalsalzira.com\/es\/wp-json\/wp\/v2\/posts"}],"about":[{"href":"https:\/\/esportsmunicipalsalzira.com\/es\/wp-json\/wp\/v2\/types\/post"}],"author":[{"embeddable":true,"href":"https:\/\/esportsmunicipalsalzira.com\/es\/wp-json\/wp\/v2\/users\/2"}],"replies":[{"embeddable":true,"href":"https:\/\/esportsmunicipalsalzira.com\/es\/wp-json\/wp\/v2\/comments?post=8466"}],"version-history":[{"count":0,"href":"https:\/\/esportsmunicipalsalzira.com\/es\/wp-json\/wp\/v2\/posts\/8466\/revisions"}],"wp:attachment":[{"href":"https:\/\/esportsmunicipalsalzira.com\/es\/wp-json\/wp\/v2\/media?parent=8466"}],"wp:term":[{"taxonomy":"category","embeddable":true,"href":"https:\/\/esportsmunicipalsalzira.com\/es\/wp-json\/wp\/v2\/categories?post=8466"},{"taxonomy":"post_tag","embeddable":true,"href":"https:\/\/esportsmunicipalsalzira.com\/es\/wp-json\/wp\/v2\/tags?post=8466"}],"curies":[{"name":"wp","href":"https:\/\/api.w.org\/{rel}","templated":true}]}}