{"id":8467,"date":"2024-12-12T15:01:23","date_gmt":"2024-12-12T14:01:23","guid":{"rendered":"https:\/\/esportsmunicipalsalzira.com\/antonio-gordo-martinez-va-rebre-ahir-el-guardo-illa-del-xuquer-i-per-tant-el-proxim-30-de-desembre-rebra-tambe-la-insig\/"},"modified":"2024-12-12T15:01:23","modified_gmt":"2024-12-12T14:01:23","slug":"antonio-gordo-martinez-va-rebre-ahir-el-guardo-illa-del-xuquer-i-per-tant-el-proxim-30-de-desembre-rebra-tambe-la-insig","status":"publish","type":"post","link":"https:\/\/esportsmunicipalsalzira.com\/es\/antonio-gordo-martinez-va-rebre-ahir-el-guardo-illa-del-xuquer-i-per-tant-el-proxim-30-de-desembre-rebra-tambe-la-insig\/","title":{"rendered":"Antonio Gord\u00f3 Mart\u00ednez recibi\u00f3 ayer el galard\u00f3n Isla del J\u00facar y por tanto, el pr\u00f3ximo 30 de diciembre recibir\u00e1 tambi\u00e9n la insignia"},"content":{"rendered":"<p><br \/>\nAntonio Gord\u00f3 Mart\u00ednez recibi\u00f3 ayer el galard\u00f3n Isla del J\u00facar y por tanto, el pr\u00f3ximo 30 de diciembre recibir\u00e1 tambi\u00e9n la insignia de oro de Alzira en la modalidad de deportes. Hoy conocemos su carrera deportiva.<br \/>\nDiana Vilches Del Castillo y Pedro Mart\u00ednez Portero fueron los mejores deportistas alzire\u00f1os del a\u00f1o.<br \/>\nPreviamente, hemos contado los resultados de los partidos que faltaban de 2\u00aa RFEF de f\u00fatbol y 2\u00aa divisi\u00f3n de f\u00fatbol sala que se jugaron ayer.<\/p>\n<p>https:\/\/alziraradio.com\/toni-gordo-rebra-la-insignia-dor-dalzira-en-esports\/<br \/>\n<br \/>\n<br \/><a href=\"https:\/\/www.facebook.com\/100063537194811\/posts\/1147650004029562\">source<\/a>  <\/p>","protected":false},"excerpt":{"rendered":"<p>Antonio Gord\u00f3 Mart\u00ednez va rebre ahir el guard\u00f3 Illa del X\u00faquer i per tant, el pr\u00f2xim 30 de desembre rebr\u00e0 tamb\u00e9 la ins\u00edgnia d&#8217;or d&#8217;Alzira en la modalitat d&#8217;esports. Hui coneixem la seua carrera esportiva. Diana Vilches Del Castillo i Pedro Mart\u00ednez Portero foren els millors esportistes alzirenys de l&#8217;any. Pr\u00e8viament, hem contat els resultats [&hellip;]<\/p>\n","protected":false},"author":2,"featured_media":0,"comment_status":"open","ping_status":"open","sticky":false,"template":"","format":"standard","meta":{"footnotes":""},"categories":[1],"tags":[],"class_list":["post-8467","post","type-post","status-publish","format-standard","hentry","category-esports-alzira"],"featured_image_src":{"landsacpe":false,"list":false,"medium":false,"full":false},"_links":{"self":[{"href":"https:\/\/esportsmunicipalsalzira.com\/es\/wp-json\/wp\/v2\/posts\/8467","targetHints":{"allow":["GET"]}}],"collection":[{"href":"https:\/\/esportsmunicipalsalzira.com\/es\/wp-json\/wp\/v2\/posts"}],"about":[{"href":"https:\/\/esportsmunicipalsalzira.com\/es\/wp-json\/wp\/v2\/types\/post"}],"author":[{"embeddable":true,"href":"https:\/\/esportsmunicipalsalzira.com\/es\/wp-json\/wp\/v2\/users\/2"}],"replies":[{"embeddable":true,"href":"https:\/\/esportsmunicipalsalzira.com\/es\/wp-json\/wp\/v2\/comments?post=8467"}],"version-history":[{"count":0,"href":"https:\/\/esportsmunicipalsalzira.com\/es\/wp-json\/wp\/v2\/posts\/8467\/revisions"}],"wp:attachment":[{"href":"https:\/\/esportsmunicipalsalzira.com\/es\/wp-json\/wp\/v2\/media?parent=8467"}],"wp:term":[{"taxonomy":"category","embeddable":true,"href":"https:\/\/esportsmunicipalsalzira.com\/es\/wp-json\/wp\/v2\/categories?post=8467"},{"taxonomy":"post_tag","embeddable":true,"href":"https:\/\/esportsmunicipalsalzira.com\/es\/wp-json\/wp\/v2\/tags?post=8467"}],"curies":[{"name":"wp","href":"https:\/\/api.w.org\/{rel}","templated":true}]}}