{"id":8483,"date":"2024-12-16T16:00:31","date_gmt":"2024-12-16T15:00:31","guid":{"rendered":"https:\/\/esportsmunicipalsalzira.com\/cesablanes2025-_alvaro-m_11-va-gaudir-una-volta-mes-duna-jornada-amb-la-sellecio-valenciana-a-murcia-proxima-par\/"},"modified":"2024-12-16T16:00:31","modified_gmt":"2024-12-16T15:00:31","slug":"cesablanes2025-_alvaro-m_11-va-gaudir-una-volta-mes-duna-jornada-amb-la-sellecio-valenciana-a-murcia-proxima-par","status":"publish","type":"post","link":"https:\/\/esportsmunicipalsalzira.com\/es\/cesablanes2025-_alvaro-m_11-va-gaudir-una-volta-mes-duna-jornada-amb-la-sellecio-valenciana-a-murcia-proxima-par\/","title":{"rendered":"#cesablanes2025 @_alvaro.m_11 disfrut\u00f3 una vuelta m\u00e1s de una jornada con la selecci\u00f3n valenciana en Murcia. Pr\u00f3xima par"},"content":{"rendered":"<p><br \/>\n#cesablanas2025 <\/p>\n<p>@_alvaro.m_11 disfrut\u00f3 una vuelta m\u00e1s de una jornada con la selecci\u00f3n valenciana en Murcia.<\/p>\n<p>Pr\u00f3xima parada #cesablanes2025 <\/p>\n<p>#handbolicats #selecciohandbol<\/p>\n<p>\ud83d\udc99\u2665\ufe0f\ud83d\udc99\ud83d\udd1d<\/p>\n<p><a href=\"https:\/\/esportsmunicipalsalzira.com\/wp-content\/uploads\/2024\/12\/470477612_1118115466982174_3516592431807856248_n.jpg\"><img decoding=\"async\" class=\"wp_automatic_fb_img\" title=\"\" src=\"https:\/\/esportsmunicipalsalzira.com\/wp-content\/uploads\/2024\/12\/470477612_1118115466982174_3516592431807856248_n.jpg\" \/><\/a><br \/><a href=\"https:\/\/esportsmunicipalsalzira.com\/wp-content\/uploads\/2024\/12\/470206128_1118115470315507_3229683590572946058_n.jpg\"><img decoding=\"async\" class=\"wp_automatic_fb_img\" title=\"\" src=\"https:\/\/esportsmunicipalsalzira.com\/wp-content\/uploads\/2024\/12\/470206128_1118115470315507_3229683590572946058_n.jpg\" \/><\/a><br \/><a href=\"https:\/\/esportsmunicipalsalzira.com\/wp-content\/uploads\/2024\/12\/470561357_1118115463648841_4822655724421717254_n.jpg\"><img decoding=\"async\" class=\"wp_automatic_fb_img\" title=\"\" src=\"https:\/\/esportsmunicipalsalzira.com\/wp-content\/uploads\/2024\/12\/470561357_1118115463648841_4822655724421717254_n.jpg\" \/><\/a><br \/>\n<br \/>\n<br \/><a href=\"https:\/\/www.facebook.com\/100063537194811\/posts\/1152125363582026\">source<\/a>  <\/p>","protected":false},"excerpt":{"rendered":"<p>#cesablanes2025 @_alvaro.m_11 disfrut\u00f3 una vuelta m\u00e1s de una jornada con la selecci\u00f3n valenciana en Murcia. Pr\u00f3xima parada #cesablanes2025 #handbolicats #selecciohandbol \ud83d\udc99\u2665\ufe0f\ud83d\udc99\ud83d\udd1d Source<\/p>","protected":false},"author":2,"featured_media":8484,"comment_status":"open","ping_status":"open","sticky":false,"template":"","format":"standard","meta":{"footnotes":""},"categories":[1],"tags":[],"class_list":["post-8483","post","type-post","status-publish","format-standard","has-post-thumbnail","hentry","category-esports-alzira"],"featured_image_src":{"landsacpe":["https:\/\/esportsmunicipalsalzira.com\/wp-content\/uploads\/2024\/12\/470477612_1118115466982174_3516592431807856248_n-1140x445.jpg",1140,445,true],"list":["https:\/\/esportsmunicipalsalzira.com\/wp-content\/uploads\/2024\/12\/470477612_1118115466982174_3516592431807856248_n-463x348.jpg",463,348,true],"medium":["https:\/\/esportsmunicipalsalzira.com\/wp-content\/uploads\/2024\/12\/470477612_1118115466982174_3516592431807856248_n-300x300.jpg",300,300,true],"full":["https:\/\/esportsmunicipalsalzira.com\/wp-content\/uploads\/2024\/12\/470477612_1118115466982174_3516592431807856248_n.jpg",1440,1440,false]},"_links":{"self":[{"href":"https:\/\/esportsmunicipalsalzira.com\/es\/wp-json\/wp\/v2\/posts\/8483","targetHints":{"allow":["GET"]}}],"collection":[{"href":"https:\/\/esportsmunicipalsalzira.com\/es\/wp-json\/wp\/v2\/posts"}],"about":[{"href":"https:\/\/esportsmunicipalsalzira.com\/es\/wp-json\/wp\/v2\/types\/post"}],"author":[{"embeddable":true,"href":"https:\/\/esportsmunicipalsalzira.com\/es\/wp-json\/wp\/v2\/users\/2"}],"replies":[{"embeddable":true,"href":"https:\/\/esportsmunicipalsalzira.com\/es\/wp-json\/wp\/v2\/comments?post=8483"}],"version-history":[{"count":0,"href":"https:\/\/esportsmunicipalsalzira.com\/es\/wp-json\/wp\/v2\/posts\/8483\/revisions"}],"wp:featuredmedia":[{"embeddable":true,"href":"https:\/\/esportsmunicipalsalzira.com\/es\/wp-json\/wp\/v2\/media\/8484"}],"wp:attachment":[{"href":"https:\/\/esportsmunicipalsalzira.com\/es\/wp-json\/wp\/v2\/media?parent=8483"}],"wp:term":[{"taxonomy":"category","embeddable":true,"href":"https:\/\/esportsmunicipalsalzira.com\/es\/wp-json\/wp\/v2\/categories?post=8483"},{"taxonomy":"post_tag","embeddable":true,"href":"https:\/\/esportsmunicipalsalzira.com\/es\/wp-json\/wp\/v2\/tags?post=8483"}],"curies":[{"name":"wp","href":"https:\/\/api.w.org\/{rel}","templated":true}]}}