{"id":8574,"date":"2025-01-23T11:34:42","date_gmt":"2025-01-23T10:34:42","guid":{"rendered":"https:\/\/esportsmunicipalsalzira.com\/galotxa-fronto-escala-i-corda-aquestes-son-les-partides-previstes-per-a-les-jornades-del-cap-de-setmana-a-primera-dels\/"},"modified":"2025-01-23T11:34:42","modified_gmt":"2025-01-23T10:34:42","slug":"galotxa-fronto-escala-i-corda-aquestes-son-les-partides-previstes-per-a-les-jornades-del-cap-de-setmana-a-primera-dels","status":"publish","type":"post","link":"https:\/\/esportsmunicipalsalzira.com\/es\/galotxa-fronto-escala-i-corda-aquestes-son-les-partides-previstes-per-a-les-jornades-del-cap-de-setmana-a-primera-dels\/","title":{"rendered":"GALOCHA FRONT\u00d3N ESCALERA Y CUERDA Estas son las partidas previstas para las jornadas del fin de semana en Primera de los"},"content":{"rendered":"<p><br \/>\nGALOCHA \ud83d\udfe1 FRONT\u00d3 \ud83d\udfe2 ESCALERA Y CUERDA \ud83d\udd34Estas son las partidas previstas para las jornadas del fin de semana en Primera de los diferentes campeonatos.<\/p>\n<p>#moulapelota<br \/>\n#galocha<br \/>\n#front\u00f3n<br \/>\n#escalaycuerda<\/p>\n<p>Diputaci\u00f3n de Valencia<\/p>\n<p><a href=\"https:\/\/esportsmunicipalsalzira.com\/wp-content\/uploads\/2025\/01\/474531705_1039423238224130_1775316978806711880_n.jpg\"><img decoding=\"async\" class=\"wp_automatic_fb_img\" title=\"\" src=\"https:\/\/esportsmunicipalsalzira.com\/wp-content\/uploads\/2025\/01\/474531705_1039423238224130_1775316978806711880_n.jpg\" \/><\/a><br \/><a href=\"https:\/\/esportsmunicipalsalzira.com\/wp-content\/uploads\/2025\/01\/474533819_1039423234890797_2074856800150384484_n.jpg\"><img decoding=\"async\" class=\"wp_automatic_fb_img\" title=\"\" src=\"https:\/\/esportsmunicipalsalzira.com\/wp-content\/uploads\/2025\/01\/474533819_1039423234890797_2074856800150384484_n.jpg\" \/><\/a><br \/><a href=\"https:\/\/esportsmunicipalsalzira.com\/wp-content\/uploads\/2025\/01\/474680214_1039516134881507_1307882729815680866_n.jpg\"><img decoding=\"async\" class=\"wp_automatic_fb_img\" title=\"\" src=\"https:\/\/esportsmunicipalsalzira.com\/wp-content\/uploads\/2025\/01\/474680214_1039516134881507_1307882729815680866_n.jpg\" \/><\/a><br \/>\n<br \/>\n<br \/><a href=\"https:\/\/www.facebook.com\/100063537194811\/posts\/1180523170742245\">source<\/a>  <\/p>","protected":false},"excerpt":{"rendered":"<p>GALOTXA \ud83d\udfe1 FRONT\u00d3 \ud83d\udfe2 ESCALA I CORDA \ud83d\udd34Aquestes s\u00f3n les partides previstes per a les jornades del cap de setmana a Primera dels diferents campionats. #moulapilota #galotxa #front\u00f3 #escalaicorda Diputaci\u00f3 de Val\u00e8ncia Source<\/p>","protected":false},"author":2,"featured_media":8575,"comment_status":"open","ping_status":"open","sticky":false,"template":"","format":"standard","meta":{"footnotes":""},"categories":[1],"tags":[],"class_list":["post-8574","post","type-post","status-publish","format-standard","has-post-thumbnail","hentry","category-esports-alzira"],"featured_image_src":{"landsacpe":["https:\/\/esportsmunicipalsalzira.com\/wp-content\/uploads\/2025\/01\/474531705_1039423238224130_1775316978806711880_n-1140x445.jpg",1140,445,true],"list":["https:\/\/esportsmunicipalsalzira.com\/wp-content\/uploads\/2025\/01\/474531705_1039423238224130_1775316978806711880_n-463x348.jpg",463,348,true],"medium":["https:\/\/esportsmunicipalsalzira.com\/wp-content\/uploads\/2025\/01\/474531705_1039423238224130_1775316978806711880_n-212x300.jpg",212,300,true],"full":["https:\/\/esportsmunicipalsalzira.com\/wp-content\/uploads\/2025\/01\/474531705_1039423238224130_1775316978806711880_n.jpg",1448,2048,false]},"_links":{"self":[{"href":"https:\/\/esportsmunicipalsalzira.com\/es\/wp-json\/wp\/v2\/posts\/8574","targetHints":{"allow":["GET"]}}],"collection":[{"href":"https:\/\/esportsmunicipalsalzira.com\/es\/wp-json\/wp\/v2\/posts"}],"about":[{"href":"https:\/\/esportsmunicipalsalzira.com\/es\/wp-json\/wp\/v2\/types\/post"}],"author":[{"embeddable":true,"href":"https:\/\/esportsmunicipalsalzira.com\/es\/wp-json\/wp\/v2\/users\/2"}],"replies":[{"embeddable":true,"href":"https:\/\/esportsmunicipalsalzira.com\/es\/wp-json\/wp\/v2\/comments?post=8574"}],"version-history":[{"count":0,"href":"https:\/\/esportsmunicipalsalzira.com\/es\/wp-json\/wp\/v2\/posts\/8574\/revisions"}],"wp:featuredmedia":[{"embeddable":true,"href":"https:\/\/esportsmunicipalsalzira.com\/es\/wp-json\/wp\/v2\/media\/8575"}],"wp:attachment":[{"href":"https:\/\/esportsmunicipalsalzira.com\/es\/wp-json\/wp\/v2\/media?parent=8574"}],"wp:term":[{"taxonomy":"category","embeddable":true,"href":"https:\/\/esportsmunicipalsalzira.com\/es\/wp-json\/wp\/v2\/categories?post=8574"},{"taxonomy":"post_tag","embeddable":true,"href":"https:\/\/esportsmunicipalsalzira.com\/es\/wp-json\/wp\/v2\/tags?post=8574"}],"curies":[{"name":"wp","href":"https:\/\/api.w.org\/{rel}","templated":true}]}}