{"id":8621,"date":"2025-02-03T08:48:30","date_gmt":"2025-02-03T07:48:30","guid":{"rendered":"https:\/\/esportsmunicipalsalzira.com\/hace-siete-anos-el-corazon-de-nacho-barbera-dejo-de-latir-pero-su-luz-nunca-se-apago-nacho-sigues-presente-en-cada\/"},"modified":"2025-02-03T08:48:30","modified_gmt":"2025-02-03T07:48:30","slug":"hace-siete-anos-el-corazon-de-nacho-barbera-dejo-de-latir-pero-su-luz-nunca-se-apago-nacho-sigues-presente-en-cada","status":"publish","type":"post","link":"https:\/\/esportsmunicipalsalzira.com\/es\/hace-siete-anos-el-corazon-de-nacho-barbera-dejo-de-latir-pero-su-luz-nunca-se-apago-nacho-sigues-presente-en-cada\/","title":{"rendered":"Hace siete a\u00f1os, el coraz\u00f3n de Nacho Barber\u00e1 dej\u00f3 de latir, pero su luz nunca se apag\u00f3. Nacho, s\u00e9 presente en cada"},"content":{"rendered":"<p><br \/>\nHace siete a\u00f1os, el coraz\u00f3n de Nacho Barber\u00e1 dej\u00f3 de latir, pero su luz nunca se apag\u00f3. <\/p>\n<p>Nacho, s\u00e9 presente en cada gol, en cada abrazo y en cada recuerdo bonito que dejaste en nosotros. Nunca te olvidaremos.7\ufe0f\u20e3<\/p>\n<p><a href=\"https:\/\/\/es\/\\\/\\\/scontent-mad2-1.xx.fbcdn.net\\\/v\\\/t51.75761-15\\\/475990100_18267901024250629_793539153569905139_n.jpg\/?stp=dst-jpg_s1080x2048_tt6&#038;_nc_cat=100&#038;ccb=1-7&#038;_nc_sid=127cfc&#038;_nc_ohc=aHelvLHvBJwQ7kNvgEWxuyO&#038;_nc_zt=23&#038;_nc_ht=scontent-mad2-1.xx&#038;_nc_gid=An7QSA__EXG0k2CqaMV-Wfi&#038;oh=00_AYCd6nSw2OrVIEjfxoAdWEcXSt7jYN5Tu4LWAOu-Sgp9IQ&#038;oe=67A67AC5\"><img decoding=\"async\" class=\"wp_automatic_fb_img\" title=\"\" src=\"https:\\\/\\\/scontent-mad2-1.xx.fbcdn.net\\\/v\\\/t51.75761-15\\\/475990100_18267901024250629_793539153569905139_n.jpg?stp=dst-jpg_s1080x2048_tt6&#038;_nc_cat=100&#038;ccb=1-7&#038;_nc_sid=127cfc&#038;_nc_ohc=aHelvLHvBJwQ7kNvgEWxuyO&#038;_nc_zt=23&#038;_nc_ht=scontent-mad2-1.xx&#038;_nc_gid=An7QSA__EXG0k2CqaMV-Wfi&#038;oh=00_AYCd6nSw2OrVIEjfxoAdWEcXSt7jYN5Tu4LWAOu-Sgp9IQ&#038;oe=67A67AC5\" \/><\/a><br \/><a href=\"https:\/\/\/es\/\\\/\\\/scontent-mad2-1.xx.fbcdn.net\\\/v\\\/t51.75761-15\\\/475990100_18267901024250629_793539153569905139_n.jpg\/?stp=dst-jpg_s1080x2048_tt6&#038;_nc_cat=100&#038;ccb=1-7&#038;_nc_sid=127cfc&#038;_nc_ohc=aHelvLHvBJwQ7kNvgEWxuyO&#038;_nc_zt=23&#038;_nc_ht=scontent-mad2-1.xx&#038;_nc_gid=An7QSA__EXG0k2CqaMV-Wfi&#038;oh=00_AYCd6nSw2OrVIEjfxoAdWEcXSt7jYN5Tu4LWAOu-Sgp9IQ&#038;oe=67A67AC5\"><img decoding=\"async\" class=\"wp_automatic_fb_img\" title=\"\" src=\"https:\\\/\\\/scontent-mad2-1.xx.fbcdn.net\\\/v\\\/t51.75761-15\\\/475990100_18267901024250629_793539153569905139_n.jpg?stp=dst-jpg_s1080x2048_tt6&#038;_nc_cat=100&#038;ccb=1-7&#038;_nc_sid=127cfc&#038;_nc_ohc=aHelvLHvBJwQ7kNvgEWxuyO&#038;_nc_zt=23&#038;_nc_ht=scontent-mad2-1.xx&#038;_nc_gid=An7QSA__EXG0k2CqaMV-Wfi&#038;oh=00_AYCd6nSw2OrVIEjfxoAdWEcXSt7jYN5Tu4LWAOu-Sgp9IQ&#038;oe=67A67AC5\" \/><\/a><br \/>\n<br \/>\n<br \/><a href=\"https:\/\/www.facebook.com\/100063537194811\/posts\/1189353836525845\">source<\/a>  <\/p>","protected":false},"excerpt":{"rendered":"<p>Hace siete a\u00f1os, el coraz\u00f3n de Nacho Barber\u00e1 dej\u00f3 de latir, pero su luz nunca se apag\u00f3. Nacho, sigues presente en cada gol, en cada abrazo y en cada recuerdo bonito que dejaste en nosotros. Nunca te olvidaremos.7\ufe0f\u20e3 Source<\/p>","protected":false},"author":2,"featured_media":8622,"comment_status":"open","ping_status":"open","sticky":false,"template":"","format":"standard","meta":{"footnotes":""},"categories":[1],"tags":[],"class_list":["post-8621","post","type-post","status-publish","format-standard","has-post-thumbnail","hentry","category-esports-alzira"],"featured_image_src":{"landsacpe":["https:\/\/esportsmunicipalsalzira.com\/wp-content\/uploads\/2025\/02\/475990100_18267901024250629_793539153569905139_n-1080x445.jpg",1080,445,true],"list":["https:\/\/esportsmunicipalsalzira.com\/wp-content\/uploads\/2025\/02\/475990100_18267901024250629_793539153569905139_n-463x348.jpg",463,348,true],"medium":["https:\/\/esportsmunicipalsalzira.com\/wp-content\/uploads\/2025\/02\/475990100_18267901024250629_793539153569905139_n-300x300.jpg",300,300,true],"full":["https:\/\/esportsmunicipalsalzira.com\/wp-content\/uploads\/2025\/02\/475990100_18267901024250629_793539153569905139_n.jpg",1080,1080,false]},"_links":{"self":[{"href":"https:\/\/esportsmunicipalsalzira.com\/es\/wp-json\/wp\/v2\/posts\/8621","targetHints":{"allow":["GET"]}}],"collection":[{"href":"https:\/\/esportsmunicipalsalzira.com\/es\/wp-json\/wp\/v2\/posts"}],"about":[{"href":"https:\/\/esportsmunicipalsalzira.com\/es\/wp-json\/wp\/v2\/types\/post"}],"author":[{"embeddable":true,"href":"https:\/\/esportsmunicipalsalzira.com\/es\/wp-json\/wp\/v2\/users\/2"}],"replies":[{"embeddable":true,"href":"https:\/\/esportsmunicipalsalzira.com\/es\/wp-json\/wp\/v2\/comments?post=8621"}],"version-history":[{"count":0,"href":"https:\/\/esportsmunicipalsalzira.com\/es\/wp-json\/wp\/v2\/posts\/8621\/revisions"}],"wp:featuredmedia":[{"embeddable":true,"href":"https:\/\/esportsmunicipalsalzira.com\/es\/wp-json\/wp\/v2\/media\/8622"}],"wp:attachment":[{"href":"https:\/\/esportsmunicipalsalzira.com\/es\/wp-json\/wp\/v2\/media?parent=8621"}],"wp:term":[{"taxonomy":"category","embeddable":true,"href":"https:\/\/esportsmunicipalsalzira.com\/es\/wp-json\/wp\/v2\/categories?post=8621"},{"taxonomy":"post_tag","embeddable":true,"href":"https:\/\/esportsmunicipalsalzira.com\/es\/wp-json\/wp\/v2\/tags?post=8621"}],"curies":[{"name":"wp","href":"https:\/\/api.w.org\/{rel}","templated":true}]}}