{"id":8635,"date":"2025-02-05T09:34:58","date_gmt":"2025-02-05T08:34:58","guid":{"rendered":"https:\/\/esportsmunicipalsalzira.com\/el-equipo-valenciano-del-que-nuestro-deportista-christian-perea-fue-miembro-suben-al-3-puesto-del-escalon-obteniendo\/"},"modified":"2025-02-05T09:34:58","modified_gmt":"2025-02-05T08:34:58","slug":"el-equipo-valenciano-del-que-nuestro-deportista-christian-perea-fue-miembro-suben-al-3-puesto-del-escalon-obteniendo","status":"publish","type":"post","link":"https:\/\/esportsmunicipalsalzira.com\/es\/el-equipo-valenciano-del-que-nuestro-deportista-christian-perea-fue-miembro-suben-al-3-puesto-del-escalon-obteniendo\/","title":{"rendered":"El equipo Valenciano del que nuestro deportista Christian Perea fue miembro, suben al 3\u00b0 puesto del escal\u00f3n obteniendo"},"content":{"rendered":"<p><br \/>\nEl equipo Valenciano del que nuestro deportista Christian Perea fue miembro, suben al 3\u00b0 puesto del escal\u00f3n obteniendo un meritorio BRONCE \ud83e\udd49en el Memorial \u00c1ngel S\u00e1ez en Legan\u00e9s Madrid.<\/p>\n<p>\u00a1Enhorabuena Christian, Enhorabuena equipo! <\/p>\n<p>Gran equipo!! Buen trabajo!!!\ud83d\udcaa<\/p>\n<p><a href=\"https:\/\/esportsmunicipalsalzira.com\/wp-content\/uploads\/2025\/02\/475837285_921877083266159_4240697264110700609_n.jpg\"><img decoding=\"async\" class=\"wp_automatic_fb_img\" title=\"\" src=\"https:\/\/esportsmunicipalsalzira.com\/wp-content\/uploads\/2025\/02\/475837285_921877083266159_4240697264110700609_n.jpg\" \/><\/a><br \/><a href=\"https:\/\/esportsmunicipalsalzira.com\/wp-content\/uploads\/2025\/02\/476095855_921877079932826_7591008484240830081_n.jpg\"><img decoding=\"async\" class=\"wp_automatic_fb_img\" title=\"\" src=\"https:\/\/esportsmunicipalsalzira.com\/wp-content\/uploads\/2025\/02\/476095855_921877079932826_7591008484240830081_n.jpg\" \/><\/a><br \/>\n<br \/>\n<br \/><a href=\"https:\/\/www.facebook.com\/100063537194811\/posts\/1191032139691348\">source<\/a>  <\/p>","protected":false},"excerpt":{"rendered":"<p>El equipo Valenciano del que nuestro deportista Christian Perea fue miembro, suben al 3\u00b0 puesto del escal\u00f3n obteniendo un meritorio BRONCE \ud83e\udd49en el Memorial \u00c1ngel S\u00e1ez en Legan\u00e9s Madrid. Enhorabuena Christian, Enhorabuena equipo! Gran equipo!! Buen trabajo!!!\ud83d\udcaa Source<\/p>","protected":false},"author":2,"featured_media":8636,"comment_status":"open","ping_status":"open","sticky":false,"template":"","format":"standard","meta":{"footnotes":""},"categories":[1],"tags":[],"class_list":["post-8635","post","type-post","status-publish","format-standard","has-post-thumbnail","hentry","category-esports-alzira"],"featured_image_src":{"landsacpe":["https:\/\/esportsmunicipalsalzira.com\/wp-content\/uploads\/2025\/02\/475837285_921877083266159_4240697264110700609_n-1140x445.jpg",1140,445,true],"list":["https:\/\/esportsmunicipalsalzira.com\/wp-content\/uploads\/2025\/02\/475837285_921877083266159_4240697264110700609_n-463x348.jpg",463,348,true],"medium":["https:\/\/esportsmunicipalsalzira.com\/wp-content\/uploads\/2025\/02\/475837285_921877083266159_4240697264110700609_n-300x300.jpg",300,300,true],"full":["https:\/\/esportsmunicipalsalzira.com\/wp-content\/uploads\/2025\/02\/475837285_921877083266159_4240697264110700609_n.jpg",1440,1440,false]},"_links":{"self":[{"href":"https:\/\/esportsmunicipalsalzira.com\/es\/wp-json\/wp\/v2\/posts\/8635","targetHints":{"allow":["GET"]}}],"collection":[{"href":"https:\/\/esportsmunicipalsalzira.com\/es\/wp-json\/wp\/v2\/posts"}],"about":[{"href":"https:\/\/esportsmunicipalsalzira.com\/es\/wp-json\/wp\/v2\/types\/post"}],"author":[{"embeddable":true,"href":"https:\/\/esportsmunicipalsalzira.com\/es\/wp-json\/wp\/v2\/users\/2"}],"replies":[{"embeddable":true,"href":"https:\/\/esportsmunicipalsalzira.com\/es\/wp-json\/wp\/v2\/comments?post=8635"}],"version-history":[{"count":0,"href":"https:\/\/esportsmunicipalsalzira.com\/es\/wp-json\/wp\/v2\/posts\/8635\/revisions"}],"wp:featuredmedia":[{"embeddable":true,"href":"https:\/\/esportsmunicipalsalzira.com\/es\/wp-json\/wp\/v2\/media\/8636"}],"wp:attachment":[{"href":"https:\/\/esportsmunicipalsalzira.com\/es\/wp-json\/wp\/v2\/media?parent=8635"}],"wp:term":[{"taxonomy":"category","embeddable":true,"href":"https:\/\/esportsmunicipalsalzira.com\/es\/wp-json\/wp\/v2\/categories?post=8635"},{"taxonomy":"post_tag","embeddable":true,"href":"https:\/\/esportsmunicipalsalzira.com\/es\/wp-json\/wp\/v2\/tags?post=8635"}],"curies":[{"name":"wp","href":"https:\/\/api.w.org\/{rel}","templated":true}]}}