{"id":8641,"date":"2025-02-06T09:21:58","date_gmt":"2025-02-06T08:21:58","guid":{"rendered":"https:\/\/esportsmunicipalsalzira.com\/la-%f0%9d%90%8f%f0%9d%90%9e%f0%9d%90%a7%f0%9d%90%b2%f0%9d%90%9a-%f0%9d%90%86%f0%9d%90%9e%f0%9d%90%a7%f0%9d%90%ad-%f0%9d%90%81%f0%9d%90%a5%f0%9d%90%9a%f0%9d%90%ae%f0%9d%90%a0%f0%9d%90%ab%f0%9d%90%9a\/"},"modified":"2025-02-06T09:21:58","modified_gmt":"2025-02-06T08:21:58","slug":"la-%f0%9d%90%8f%f0%9d%90%9e%f0%9d%90%a7%f0%9d%90%b2%f0%9d%90%9a-%f0%9d%90%86%f0%9d%90%9e%f0%9d%90%a7%f0%9d%90%ad-%f0%9d%90%81%f0%9d%90%a5%f0%9d%90%9a%f0%9d%90%ae%f0%9d%90%a0%f0%9d%90%ab%f0%9d%90%9a","status":"publish","type":"post","link":"https:\/\/esportsmunicipalsalzira.com\/es\/la-%f0%9d%90%8f%f0%9d%90%9e%f0%9d%90%a7%f0%9d%90%b2%f0%9d%90%9a-%f0%9d%90%86%f0%9d%90%9e%f0%9d%90%a7%f0%9d%90%ad-%f0%9d%90%81%f0%9d%90%a5%f0%9d%90%9a%f0%9d%90%ae%f0%9d%90%a0%f0%9d%90%ab%f0%9d%90%9a\/","title":{"rendered":"La \ud835\udc0f\ud835\udc1e\ud835\udc27\ud835\udc32\ud835\udc1a \ud835\udc06\ud835\udc1e\ud835\udc27\ud835\udc2d \ud835\udc01\ud835\udc25\ud835\udc1a\ud835\udc2e\ud835\udc20\ud835\udc2b\ud835\udc1a\ud835\udc27\ud835\udc1a celebr\u00f3 ayer la cena anual, donde se rinde homenaje a los jugadores m\u00e1s destacados"},"content":{"rendered":"<p><br \/>\nLa \ud835\udc0f\ud835\udc1e\ud835\udc27\ud835\udc32\ud835\udc1a \ud835\udc06\ud835\udc1e\ud835\udc27\ud835\udc2d \ud835\udc01\ud835\udc25\ud835\udc1a\ud835\udc2e\ud835\udc20\ud835\udc2b\ud835\udc1a\ud835\udc27\ud835\udc1a celebr\u00f3 hoy la cena anual, donde se rinde homenaje a los jugadores m\u00e1s.<br \/>\nPor parte del club acudieron al acto Vicente Dolz, Leandro, S. Bono, Sala, Adri\u00e1n Ferrandis y Jose Alemany, acompa\u00f1ados por varios miembros de la directiva.<br \/>\n\u2013 \u2013 \u2013 \u2013 \u2013 \u2013 \u2013 \u2013 \u2013 \u2013 \u2013 \u2013 \u2013 \u2013 \u2013 \u2013 \u2013 \u2013 \u2013 \u2013 \u2013 \u2013 \u2013 \u2013 \u2013 \u2013 \u2013<br \/>\nLa \ud835\udc0f\ud835\udc1e\ud835\udc27\ud835\udc32\ud835\udc1a \ud835\udc06\ud835\udc1e\ud835\udc27\ud835\udc2d \ud835\udc01\ud835\udc25\ud835\udc1a\ud835\udc2e\ud835\udc20\ud835\udc2b\ud835\udc1a\ud835\udc27\ud835\udc1a celebr\u00f3 ayer la cena anual, donde se rinde homenaje a los jugadores m\u00e1s destacados.<br \/>\nPor parte del club acudieron al acto Vicent Dolz, Leandro, S.Bono, Sala, Adri\u00e1n Ferrandis y Jose Alemany, acompa\u00f1ados por varios miembros de la directiva.<\/p>\n<p>#UDAlzira | #SomLaResistencia<\/p>\n<p><a href=\"https:\/\/\/es\/\\\/\\\/scontent-mad1-1.xx.fbcdn.net\\\/v\\\/t39.30808-6\\\/475463982_1184124647048067_1217367308896374843_n.jpg\/?_nc_cat=101&#038;ccb=1-7&#038;_nc_sid=833d8c&#038;_nc_ohc=oR7cpCyFuqUQ7kNvgHXVuGD&#038;_nc_zt=23&#038;_nc_ht=scontent-mad1-1.xx&#038;_nc_gid=Axo9mVf_xjCBR2WPBXg7pvK&#038;oh=00_AYD29TZZ916fMsY16LihzMNVUA6t2tq67q2WEOHn7g3p1A&#038;oe=67AA46D1\"><img decoding=\"async\" class=\"wp_automatic_fb_img\" title=\"\" src=\"https:\\\/\\\/scontent-mad1-1.xx.fbcdn.net\\\/v\\\/t39.30808-6\\\/475463982_1184124647048067_1217367308896374843_n.jpg?_nc_cat=101&#038;ccb=1-7&#038;_nc_sid=833d8c&#038;_nc_ohc=oR7cpCyFuqUQ7kNvgHXVuGD&#038;_nc_zt=23&#038;_nc_ht=scontent-mad1-1.xx&#038;_nc_gid=Axo9mVf_xjCBR2WPBXg7pvK&#038;oh=00_AYD29TZZ916fMsY16LihzMNVUA6t2tq67q2WEOHn7g3p1A&#038;oe=67AA46D1\" \/><\/a><br \/><a href=\"https:\/\/\/es\/\\\/\\\/scontent-mad1-1.xx.fbcdn.net\\\/v\\\/t39.30808-6\\\/475463982_1184124647048067_1217367308896374843_n.jpg\/?_nc_cat=101&#038;ccb=1-7&#038;_nc_sid=833d8c&#038;_nc_ohc=oR7cpCyFuqUQ7kNvgHXVuGD&#038;_nc_zt=23&#038;_nc_ht=scontent-mad1-1.xx&#038;_nc_gid=Axo9mVf_xjCBR2WPBXg7pvK&#038;oh=00_AYD29TZZ916fMsY16LihzMNVUA6t2tq67q2WEOHn7g3p1A&#038;oe=67AA46D1\"><img decoding=\"async\" class=\"wp_automatic_fb_img\" title=\"\" src=\"https:\\\/\\\/scontent-mad1-1.xx.fbcdn.net\\\/v\\\/t39.30808-6\\\/475463982_1184124647048067_1217367308896374843_n.jpg?_nc_cat=101&#038;ccb=1-7&#038;_nc_sid=833d8c&#038;_nc_ohc=oR7cpCyFuqUQ7kNvgHXVuGD&#038;_nc_zt=23&#038;_nc_ht=scontent-mad1-1.xx&#038;_nc_gid=Axo9mVf_xjCBR2WPBXg7pvK&#038;oh=00_AYD29TZZ916fMsY16LihzMNVUA6t2tq67q2WEOHn7g3p1A&#038;oe=67AA46D1\" \/><\/a><br \/>\n<br \/>\n<br \/><a href=\"https:\/\/www.facebook.com\/100063537194811\/posts\/1191676739626888\">source<\/a>  <\/p>","protected":false},"excerpt":{"rendered":"<p>La \ud835\udc0f\ud835\udc1e\ud835\udc27\ud835\udc32\ud835\udc1a \ud835\udc06\ud835\udc1e\ud835\udc27\ud835\udc2d \ud835\udc01\ud835\udc25\ud835\udc1a\ud835\udc2e\ud835\udc20\ud835\udc2b\ud835\udc1a\ud835\udc27\ud835\udc1a celebr\u00f3 ayer la cena anual, donde se rinde homenaje a los jugadores m\u00e1s destacados de la temporada pasada, pe\u00f1istas y aficionados. Por parte del club acudieron al acto Vicent Dolz, Leandro, S.Bono, Sala, Adri\u00e1n Ferrandis y Jose Alemany, acompa\u00f1ados por varios miembros de la directiva. &#8211; &#8211; &#8211; &#8211; &#8211; &#8211; [&hellip;]<\/p>\n","protected":false},"author":2,"featured_media":8642,"comment_status":"open","ping_status":"open","sticky":false,"template":"","format":"standard","meta":{"footnotes":""},"categories":[1],"tags":[],"class_list":["post-8641","post","type-post","status-publish","format-standard","has-post-thumbnail","hentry","category-esports-alzira"],"featured_image_src":{"landsacpe":["https:\/\/esportsmunicipalsalzira.com\/wp-content\/uploads\/2025\/02\/475463982_1184124647048067_1217367308896374843_n-1140x445.jpg",1140,445,true],"list":["https:\/\/esportsmunicipalsalzira.com\/wp-content\/uploads\/2025\/02\/475463982_1184124647048067_1217367308896374843_n-463x348.jpg",463,348,true],"medium":["https:\/\/esportsmunicipalsalzira.com\/wp-content\/uploads\/2025\/02\/475463982_1184124647048067_1217367308896374843_n-300x225.jpg",300,225,true],"full":["https:\/\/esportsmunicipalsalzira.com\/wp-content\/uploads\/2025\/02\/475463982_1184124647048067_1217367308896374843_n.jpg",1440,1080,false]},"_links":{"self":[{"href":"https:\/\/esportsmunicipalsalzira.com\/es\/wp-json\/wp\/v2\/posts\/8641","targetHints":{"allow":["GET"]}}],"collection":[{"href":"https:\/\/esportsmunicipalsalzira.com\/es\/wp-json\/wp\/v2\/posts"}],"about":[{"href":"https:\/\/esportsmunicipalsalzira.com\/es\/wp-json\/wp\/v2\/types\/post"}],"author":[{"embeddable":true,"href":"https:\/\/esportsmunicipalsalzira.com\/es\/wp-json\/wp\/v2\/users\/2"}],"replies":[{"embeddable":true,"href":"https:\/\/esportsmunicipalsalzira.com\/es\/wp-json\/wp\/v2\/comments?post=8641"}],"version-history":[{"count":0,"href":"https:\/\/esportsmunicipalsalzira.com\/es\/wp-json\/wp\/v2\/posts\/8641\/revisions"}],"wp:featuredmedia":[{"embeddable":true,"href":"https:\/\/esportsmunicipalsalzira.com\/es\/wp-json\/wp\/v2\/media\/8642"}],"wp:attachment":[{"href":"https:\/\/esportsmunicipalsalzira.com\/es\/wp-json\/wp\/v2\/media?parent=8641"}],"wp:term":[{"taxonomy":"category","embeddable":true,"href":"https:\/\/esportsmunicipalsalzira.com\/es\/wp-json\/wp\/v2\/categories?post=8641"},{"taxonomy":"post_tag","embeddable":true,"href":"https:\/\/esportsmunicipalsalzira.com\/es\/wp-json\/wp\/v2\/tags?post=8641"}],"curies":[{"name":"wp","href":"https:\/\/api.w.org\/{rel}","templated":true}]}}