{"id":8673,"date":"2025-02-12T11:28:45","date_gmt":"2025-02-12T10:28:45","guid":{"rendered":"https:\/\/esportsmunicipalsalzira.com\/compartim-la-noticia-de-club_halterofilia-alzira-halterofilia-alzira-el-passat-2-de-febrer-els-mes-xicotets-del-cl\/"},"modified":"2025-02-12T11:28:45","modified_gmt":"2025-02-12T10:28:45","slug":"compartim-la-noticia-de-club_halterofilia-alzira-halterofilia-alzira-el-passat-2-de-febrer-els-mes-xicotets-del-cl","status":"publish","type":"post","link":"https:\/\/esportsmunicipalsalzira.com\/es\/compartim-la-noticia-de-club_halterofilia-alzira-halterofilia-alzira-el-passat-2-de-febrer-els-mes-xicotets-del-cl\/","title":{"rendered":"Compartimos la noticia de @club_halterofilia.alzira @Halterofilia Alzira El pasado 2 de febrero los m\u00e1s peque\u00f1os del cl"},"content":{"rendered":"<p><br \/>\nCompartimos la noticia de @club_halterofilia.alzira @Halterofilia Alzira \ud83d\udc47<\/p>\n<p>El pasado 2 de febrero los m\u00e1s peque\u00f1os del club participaron en el Campeonato Nacional de T\u00e9cnica \ud83c\udfcb\ufe0f\u200d\u2640\ufe0f\ud83c\udfcb\ufe0f\ud83c\udfcb\ufe0f\u200d\u2642\ufe0f. <\/p>\n<p>96 deportistas de entre los 10 y 14 a\u00f1os, se subieron a la tarima, para que el jurado evaluara los levantamientos m\u00e1s correctos y las mejores t\u00e9cnicas. El club Halterofilia Alzira estuvo representado por los nacidos en 2012, Paula Andujar, Greta Beltr\u00e1n y Sara Alonso, los nacidos en 2013, Adriana Boluda, Nicol\u00e1s Castrillo, Marc Sanchiz y Efraim Ferr\u00fas<br \/>\nEl club Halterofilia Alzira aunque se qued\u00f3 sin podio sigui\u00f3 destacando tanto con el n\u00famero de participantes como por la depurada t\u00e9cnica adquirida por la escuela de Perea. Los resultados tanto de participaci\u00f3n como t\u00e9cnicos demuestran el gran trabajo de los clubs a trav\u00e9s de las federaciones territoriales y c\u00f3mo ha aumentado el nivel de todos ellos. <\/p>\n<p>\ud83d\udcf8Fotograf\u00edas; Pablo Moreno @liftermedia y Antonio Gord\u00f3 Martinez @tonicoach<\/p>\n<p><a href=\"https:\/\/esportsmunicipalsalzira.com\/wp-content\/uploads\/2025\/02\/479467407_1021726256655446_954496223405805404_n.jpg\"><img decoding=\"async\" class=\"wp_automatic_fb_img\" title=\"\" src=\"https:\/\/esportsmunicipalsalzira.com\/wp-content\/uploads\/2025\/02\/479467407_1021726256655446_954496223405805404_n.jpg\" \/><\/a><br \/><a href=\"https:\/\/esportsmunicipalsalzira.com\/wp-content\/uploads\/2025\/02\/479317483_1021726406655431_2281017952108706440_n.jpg\"><img decoding=\"async\" class=\"wp_automatic_fb_img\" title=\"\" src=\"https:\/\/esportsmunicipalsalzira.com\/wp-content\/uploads\/2025\/02\/479317483_1021726406655431_2281017952108706440_n.jpg\" \/><\/a><br \/><a href=\"https:\/\/esportsmunicipalsalzira.com\/wp-content\/uploads\/2025\/02\/477043701_1021726356655436_2073001836927883632_n.jpg\"><img decoding=\"async\" class=\"wp_automatic_fb_img\" title=\"\" src=\"https:\/\/esportsmunicipalsalzira.com\/wp-content\/uploads\/2025\/02\/477043701_1021726356655436_2073001836927883632_n.jpg\" \/><\/a><br \/><a href=\"https:\/\/esportsmunicipalsalzira.com\/wp-content\/uploads\/2025\/02\/479199791_1021730369988368_557208967987812172_n.jpg\"><img decoding=\"async\" class=\"wp_automatic_fb_img\" title=\"\" src=\"https:\/\/esportsmunicipalsalzira.com\/wp-content\/uploads\/2025\/02\/479199791_1021730369988368_557208967987812172_n.jpg\" \/><\/a><br \/><a href=\"https:\/\/esportsmunicipalsalzira.com\/wp-content\/uploads\/2025\/02\/477045865_1021730449988360_8473752593374451375_n.jpg\"><img decoding=\"async\" class=\"wp_automatic_fb_img\" title=\"\" src=\"https:\/\/esportsmunicipalsalzira.com\/wp-content\/uploads\/2025\/02\/477045865_1021730449988360_8473752593374451375_n.jpg\" \/><\/a><br \/>\n<br \/>\n<br \/><a href=\"https:\/\/www.facebook.com\/100063537194811\/posts\/1196373172490578\">source<\/a>  <\/p>","protected":false},"excerpt":{"rendered":"<p>Compartim la not\u00edcia de @club_halterofilia.alzira @Halterofilia Alzira \ud83d\udc47 El passat 2 de febrer els m\u00e9s xicotets del club van participar en el Campionat Nacional de T\u00e8cnica \ud83c\udfcb\ufe0f\u200d\u2640\ufe0f\ud83c\udfcb\ufe0f\ud83c\udfcb\ufe0f\u200d\u2642\ufe0f. 96 esportistes d&#8217;entre els 10 i 14 anys, es van pujar a la tarima, perqu\u00e8 el jurat avaluara els al\u00e7aments m\u00e9s correctes i les millors t\u00e8cniques. El club [&hellip;]<\/p>\n","protected":false},"author":2,"featured_media":8674,"comment_status":"open","ping_status":"open","sticky":false,"template":"","format":"standard","meta":{"footnotes":""},"categories":[1],"tags":[],"class_list":["post-8673","post","type-post","status-publish","format-standard","has-post-thumbnail","hentry","category-esports-alzira"],"featured_image_src":{"landsacpe":["https:\/\/esportsmunicipalsalzira.com\/wp-content\/uploads\/2025\/02\/479467407_1021726256655446_954496223405805404_n-1101x445.jpg",1101,445,true],"list":["https:\/\/esportsmunicipalsalzira.com\/wp-content\/uploads\/2025\/02\/479467407_1021726256655446_954496223405805404_n-463x348.jpg",463,348,true],"medium":["https:\/\/esportsmunicipalsalzira.com\/wp-content\/uploads\/2025\/02\/479467407_1021726256655446_954496223405805404_n-300x157.jpg",300,157,true],"full":["https:\/\/esportsmunicipalsalzira.com\/wp-content\/uploads\/2025\/02\/479467407_1021726256655446_954496223405805404_n.jpg",1101,577,false]},"_links":{"self":[{"href":"https:\/\/esportsmunicipalsalzira.com\/es\/wp-json\/wp\/v2\/posts\/8673","targetHints":{"allow":["GET"]}}],"collection":[{"href":"https:\/\/esportsmunicipalsalzira.com\/es\/wp-json\/wp\/v2\/posts"}],"about":[{"href":"https:\/\/esportsmunicipalsalzira.com\/es\/wp-json\/wp\/v2\/types\/post"}],"author":[{"embeddable":true,"href":"https:\/\/esportsmunicipalsalzira.com\/es\/wp-json\/wp\/v2\/users\/2"}],"replies":[{"embeddable":true,"href":"https:\/\/esportsmunicipalsalzira.com\/es\/wp-json\/wp\/v2\/comments?post=8673"}],"version-history":[{"count":0,"href":"https:\/\/esportsmunicipalsalzira.com\/es\/wp-json\/wp\/v2\/posts\/8673\/revisions"}],"wp:featuredmedia":[{"embeddable":true,"href":"https:\/\/esportsmunicipalsalzira.com\/es\/wp-json\/wp\/v2\/media\/8674"}],"wp:attachment":[{"href":"https:\/\/esportsmunicipalsalzira.com\/es\/wp-json\/wp\/v2\/media?parent=8673"}],"wp:term":[{"taxonomy":"category","embeddable":true,"href":"https:\/\/esportsmunicipalsalzira.com\/es\/wp-json\/wp\/v2\/categories?post=8673"},{"taxonomy":"post_tag","embeddable":true,"href":"https:\/\/esportsmunicipalsalzira.com\/es\/wp-json\/wp\/v2\/tags?post=8673"}],"curies":[{"name":"wp","href":"https:\/\/api.w.org\/{rel}","templated":true}]}}