{"id":8740,"date":"2025-02-22T20:34:20","date_gmt":"2025-02-22T19:34:20","guid":{"rendered":"https:\/\/esportsmunicipalsalzira.com\/%f0%9d%90%82%f0%9d%90%8e%f0%9d%90%8d%f0%9d%90%93%f0%9d%90%91%f0%9d%90%8e%f0%9d%90%8b-%f0%9d%90%92%f0%9d%90%94%f0%9d%90%81%f0%9d%9f%8f%f0%9d%9f%90-%f0%9d%90%a2-%f0%9d%90%92%f0%9d%90%94%f0%9d%90%81\/"},"modified":"2025-02-22T20:34:20","modified_gmt":"2025-02-22T19:34:20","slug":"%f0%9d%90%82%f0%9d%90%8e%f0%9d%90%8d%f0%9d%90%93%f0%9d%90%91%f0%9d%90%8e%f0%9d%90%8b-%f0%9d%90%92%f0%9d%90%94%f0%9d%90%81%f0%9d%9f%8f%f0%9d%9f%90-%f0%9d%90%a2-%f0%9d%90%92%f0%9d%90%94%f0%9d%90%81","status":"publish","type":"post","link":"https:\/\/esportsmunicipalsalzira.com\/es\/%f0%9d%90%82%f0%9d%90%8e%f0%9d%90%8d%f0%9d%90%93%f0%9d%90%91%f0%9d%90%8e%f0%9d%90%8b-%f0%9d%90%92%f0%9d%90%94%f0%9d%90%81%f0%9d%9f%8f%f0%9d%9f%90-%f0%9d%90%a2-%f0%9d%90%92%f0%9d%90%94%f0%9d%90%81\/","title":{"rendered":"\ud835\udc02\ud835\udc0e\ud835\udc0d\ud835\udc13\ud835\udc11\ud835\udc0e\ud835\udc0b \ud835\udc12\ud835\udc14\ud835\udc01\ud835\udfcf\ud835\udfd0 \ud835\udc22 \ud835\udc12\ud835\udc14\ud835\udc01\ud835\udfcf\ud835\udfd2. Ayer se celebr\u00f3 en Paterna, un nuevo control de las categor\u00edas SUB12 y SUB14, donde tuvimos la"},"content":{"rendered":"<p><br \/>\n\ud835\udc02\ud835\udc0e\ud835\udc0d\ud835\udc13\ud835\udc11\ud835\udc0e\ud835\udc0b \ud835\udc12\ud835\udc14\ud835\udc01\ud835\udfcf\ud835\udfd0 \ud835\udc22 \ud835\udc12\ud835\udc14\ud835\udc01\ud835\udfcf\ud835\udfd2.<\/p>\n<p>Ayer se celebr\u00f3 en Paterna, un nuevo control de las categor\u00edas SUB12 y SUB14, donde tuvimos la participaci\u00f3n de: <\/p>\n<p>\u2b1b\ufe0fSUB12<br \/>\nDani Mengual, Diego Hern\u00e1ndez, Jaime Herv\u00e1s, Ainhoa Hern\u00e1ndez, Helena Blay, Iria Vilches y Valeria Mascarell.<\/p>\n<p>\ud83d\udfe9 SUB14<br \/>\nAlvaro Mengual y Mireya Montagud.<\/p>\n<p>Muchos consiguieron marcas personales y sobre todo disfrutaron de una tarde de atletismo\ud83d\udc4f\ud83c\udffd<\/p>\n<p>Enhorabuena!!!<br \/>\n#clinicaALEJANDROSANZ #calarabosa #saludintegrativa<\/p>\n<p><a href=\"https:\/\/esportsmunicipalsalzira.com\/wp-content\/uploads\/2025\/02\/481450352_1200816905381458_5587919426059989522_n.jpg\"><img decoding=\"async\" class=\"wp_automatic_fb_img\" title=\"\" src=\"https:\/\/esportsmunicipalsalzira.com\/wp-content\/uploads\/2025\/02\/481450352_1200816905381458_5587919426059989522_n.jpg\" \/><\/a><br \/><a href=\"https:\/\/esportsmunicipalsalzira.com\/wp-content\/uploads\/2025\/02\/480499221_1200824702047345_4252285641912660236_n.jpg\"><img decoding=\"async\" class=\"wp_automatic_fb_img\" title=\"\" src=\"https:\/\/esportsmunicipalsalzira.com\/wp-content\/uploads\/2025\/02\/480499221_1200824702047345_4252285641912660236_n.jpg\" \/><\/a><br \/><a href=\"https:\/\/esportsmunicipalsalzira.com\/wp-content\/uploads\/2025\/02\/480241354_1200824782047337_8738288626532590832_n.jpg\"><img decoding=\"async\" class=\"wp_automatic_fb_img\" title=\"\" src=\"https:\/\/esportsmunicipalsalzira.com\/wp-content\/uploads\/2025\/02\/480241354_1200824782047337_8738288626532590832_n.jpg\" \/><\/a><br \/><a href=\"https:\/\/esportsmunicipalsalzira.com\/wp-content\/uploads\/2025\/02\/480177899_1200816352048180_1899879288706418396_n.jpg\"><img decoding=\"async\" class=\"wp_automatic_fb_img\" title=\"\" src=\"https:\/\/esportsmunicipalsalzira.com\/wp-content\/uploads\/2025\/02\/480177899_1200816352048180_1899879288706418396_n.jpg\" \/><\/a><br \/><a href=\"https:\/\/esportsmunicipalsalzira.com\/wp-content\/uploads\/2025\/02\/480463441_1200824755380673_1017091368239473043_n.jpg\"><img decoding=\"async\" class=\"wp_automatic_fb_img\" title=\"\" src=\"https:\/\/esportsmunicipalsalzira.com\/wp-content\/uploads\/2025\/02\/480463441_1200824755380673_1017091368239473043_n.jpg\" \/><\/a><br \/>\n<br \/>\n<br \/><a href=\"https:\/\/www.facebook.com\/100063537194811\/posts\/1206290754832153\">source<\/a>  <\/p>","protected":false},"excerpt":{"rendered":"<p>\ud835\udc02\ud835\udc0e\ud835\udc0d\ud835\udc13\ud835\udc11\ud835\udc0e\ud835\udc0b \ud835\udc12\ud835\udc14\ud835\udc01\ud835\udfcf\ud835\udfd0 \ud835\udc22 \ud835\udc12\ud835\udc14\ud835\udc01\ud835\udfcf\ud835\udfd2. Ahir es va celebrar a Paterna, un nou control de les categories SUB12 i SUB14, on vam tindre la participaci\u00f3 de: \u2b1b\ufe0fSUB12 Dani Mengual, Diego Hern\u00e1ndez, Jaime Herv\u00e1s, Ainhoa Hern\u00e1ndez, Helena Blay, Iria Vilches i Valeria Mascarell. \ud83d\udfe9 SUB14 Alvaro Mengual i Mireya Montagud. Molts aconseguiren marques personals i sobretot van [&hellip;]<\/p>\n","protected":false},"author":2,"featured_media":8741,"comment_status":"open","ping_status":"open","sticky":false,"template":"","format":"standard","meta":{"footnotes":""},"categories":[1],"tags":[],"class_list":["post-8740","post","type-post","status-publish","format-standard","has-post-thumbnail","hentry","category-esports-alzira"],"featured_image_src":{"landsacpe":["https:\/\/esportsmunicipalsalzira.com\/wp-content\/uploads\/2025\/02\/481450352_1200816905381458_5587919426059989522_n-960x445.jpg",960,445,true],"list":["https:\/\/esportsmunicipalsalzira.com\/wp-content\/uploads\/2025\/02\/481450352_1200816905381458_5587919426059989522_n-463x348.jpg",463,348,true],"medium":["https:\/\/esportsmunicipalsalzira.com\/wp-content\/uploads\/2025\/02\/481450352_1200816905381458_5587919426059989522_n-300x182.jpg",300,182,true],"full":["https:\/\/esportsmunicipalsalzira.com\/wp-content\/uploads\/2025\/02\/481450352_1200816905381458_5587919426059989522_n.jpg",960,581,false]},"_links":{"self":[{"href":"https:\/\/esportsmunicipalsalzira.com\/es\/wp-json\/wp\/v2\/posts\/8740","targetHints":{"allow":["GET"]}}],"collection":[{"href":"https:\/\/esportsmunicipalsalzira.com\/es\/wp-json\/wp\/v2\/posts"}],"about":[{"href":"https:\/\/esportsmunicipalsalzira.com\/es\/wp-json\/wp\/v2\/types\/post"}],"author":[{"embeddable":true,"href":"https:\/\/esportsmunicipalsalzira.com\/es\/wp-json\/wp\/v2\/users\/2"}],"replies":[{"embeddable":true,"href":"https:\/\/esportsmunicipalsalzira.com\/es\/wp-json\/wp\/v2\/comments?post=8740"}],"version-history":[{"count":0,"href":"https:\/\/esportsmunicipalsalzira.com\/es\/wp-json\/wp\/v2\/posts\/8740\/revisions"}],"wp:featuredmedia":[{"embeddable":true,"href":"https:\/\/esportsmunicipalsalzira.com\/es\/wp-json\/wp\/v2\/media\/8741"}],"wp:attachment":[{"href":"https:\/\/esportsmunicipalsalzira.com\/es\/wp-json\/wp\/v2\/media?parent=8740"}],"wp:term":[{"taxonomy":"category","embeddable":true,"href":"https:\/\/esportsmunicipalsalzira.com\/es\/wp-json\/wp\/v2\/categories?post=8740"},{"taxonomy":"post_tag","embeddable":true,"href":"https:\/\/esportsmunicipalsalzira.com\/es\/wp-json\/wp\/v2\/tags?post=8740"}],"curies":[{"name":"wp","href":"https:\/\/api.w.org\/{rel}","templated":true}]}}