{"id":8754,"date":"2025-02-24T15:08:34","date_gmt":"2025-02-24T14:08:34","guid":{"rendered":"https:\/\/esportsmunicipalsalzira.com\/arranquem-dilluns-amb-les-competicions-daquest-cap-de-setmana-concretament-del-dissabte-a-elx-tingue-lloc-la-primer\/"},"modified":"2025-02-24T15:08:34","modified_gmt":"2025-02-24T14:08:34","slug":"arranquem-dilluns-amb-les-competicions-daquest-cap-de-setmana-concretament-del-dissabte-a-elx-tingue-lloc-la-primer","status":"publish","type":"post","link":"https:\/\/esportsmunicipalsalzira.com\/es\/arranquem-dilluns-amb-les-competicions-daquest-cap-de-setmana-concretament-del-dissabte-a-elx-tingue-lloc-la-primer\/","title":{"rendered":"Arrancamos el lunes con las competiciones de este fin de semana, concretamente del s\u00e1bado. En Elche tuvo lugar la primera"},"content":{"rendered":"<p><br \/>\nArrancamos el lunes con las competiciones de este fin de semana, concretamente del s\u00e1bado. <\/p>\n<p>En Elche tuvo lugar la primera edici\u00f3n de la @ultrahelike, una dur\u00edsima prueba de 100km donde tres de nuestros guerreros, estuvieron presentes.<\/p>\n<p>Desde el club damos la enhorabuena a @xusii93 por su quinta posici\u00f3n absoluta, ya Carles Lozano y @franciscobuenoborja para conseguir ser finishers de esta carrera, con muy buenos registros. \ud83e\udd29<\/p>\n<p>SOMOS AMIGOS, SOMOS DEPORTE, SOMOS CLUB ATLETISMO RICKYSPORTEAM ALZIRA \ud83d\udc9c\ud83c\udfc3\ud83c\udffb\u200d\u27a1\ufe0f\ud83c\udfc3\ud83c\udffb\u200d\u2640\ufe0f\u200d\u27a1\ufe0f<\/p>\n<p><a href=\"https:\/\/esportsmunicipalsalzira.com\/wp-content\/uploads\/2025\/02\/481661056_18030864188555701_2650202864361283256_n.jpg\"><img decoding=\"async\" class=\"wp_automatic_fb_img\" title=\"\" src=\"https:\/\/esportsmunicipalsalzira.com\/wp-content\/uploads\/2025\/02\/481661056_18030864188555701_2650202864361283256_n.jpg\" \/><\/a><br \/><a href=\"https:\/\/esportsmunicipalsalzira.com\/wp-content\/uploads\/2025\/02\/481423120_18030864203555701_5632524833433888455_n.jpg\"><img decoding=\"async\" class=\"wp_automatic_fb_img\" title=\"\" src=\"https:\/\/esportsmunicipalsalzira.com\/wp-content\/uploads\/2025\/02\/481423120_18030864203555701_5632524833433888455_n.jpg\" \/><\/a><br \/><a href=\"https:\/\/esportsmunicipalsalzira.com\/wp-content\/uploads\/2025\/02\/481414910_18030864215555701_1753137487754076578_n.jpg\"><img decoding=\"async\" class=\"wp_automatic_fb_img\" title=\"\" src=\"https:\/\/esportsmunicipalsalzira.com\/wp-content\/uploads\/2025\/02\/481414910_18030864215555701_1753137487754076578_n.jpg\" \/><\/a><br \/><a href=\"https:\/\/esportsmunicipalsalzira.com\/wp-content\/uploads\/2025\/02\/481455405_18030864206555701_1075040473093844043_n.jpg\"><img decoding=\"async\" class=\"wp_automatic_fb_img\" title=\"\" src=\"https:\/\/esportsmunicipalsalzira.com\/wp-content\/uploads\/2025\/02\/481455405_18030864206555701_1075040473093844043_n.jpg\" \/><\/a><br \/>\n<br \/>\n<br \/><a href=\"https:\/\/www.facebook.com\/100063537194811\/posts\/1207294764731752\">source<\/a>  <\/p>","protected":false},"excerpt":{"rendered":"<p>Arranquem dilluns amb les competicions d\u2019aquest cap de setmana, concretament del dissabte. A Elx tingu\u00e9 lloc la primera edici\u00f3 de la @ultrahelike, una dur\u00edssima proba de 100km on tres dels nostres guerrers, hi estigueren presents. Des del club donem l\u2019enhorabona a @xusii93 per la seua quinta posici\u00f3 absoluta, i a Carles Lozano i @franciscobuenoborja per [&hellip;]<\/p>\n","protected":false},"author":2,"featured_media":8755,"comment_status":"open","ping_status":"open","sticky":false,"template":"","format":"standard","meta":{"footnotes":""},"categories":[1],"tags":[],"class_list":["post-8754","post","type-post","status-publish","format-standard","has-post-thumbnail","hentry","category-esports-alzira"],"featured_image_src":{"landsacpe":["https:\/\/esportsmunicipalsalzira.com\/wp-content\/uploads\/2025\/02\/481661056_18030864188555701_2650202864361283256_n-1140x445.jpg",1140,445,true],"list":["https:\/\/esportsmunicipalsalzira.com\/wp-content\/uploads\/2025\/02\/481661056_18030864188555701_2650202864361283256_n-463x348.jpg",463,348,true],"medium":["https:\/\/esportsmunicipalsalzira.com\/wp-content\/uploads\/2025\/02\/481661056_18030864188555701_2650202864361283256_n-240x300.jpg",240,300,true],"full":["https:\/\/esportsmunicipalsalzira.com\/wp-content\/uploads\/2025\/02\/481661056_18030864188555701_2650202864361283256_n.jpg",1440,1800,false]},"_links":{"self":[{"href":"https:\/\/esportsmunicipalsalzira.com\/es\/wp-json\/wp\/v2\/posts\/8754","targetHints":{"allow":["GET"]}}],"collection":[{"href":"https:\/\/esportsmunicipalsalzira.com\/es\/wp-json\/wp\/v2\/posts"}],"about":[{"href":"https:\/\/esportsmunicipalsalzira.com\/es\/wp-json\/wp\/v2\/types\/post"}],"author":[{"embeddable":true,"href":"https:\/\/esportsmunicipalsalzira.com\/es\/wp-json\/wp\/v2\/users\/2"}],"replies":[{"embeddable":true,"href":"https:\/\/esportsmunicipalsalzira.com\/es\/wp-json\/wp\/v2\/comments?post=8754"}],"version-history":[{"count":0,"href":"https:\/\/esportsmunicipalsalzira.com\/es\/wp-json\/wp\/v2\/posts\/8754\/revisions"}],"wp:featuredmedia":[{"embeddable":true,"href":"https:\/\/esportsmunicipalsalzira.com\/es\/wp-json\/wp\/v2\/media\/8755"}],"wp:attachment":[{"href":"https:\/\/esportsmunicipalsalzira.com\/es\/wp-json\/wp\/v2\/media?parent=8754"}],"wp:term":[{"taxonomy":"category","embeddable":true,"href":"https:\/\/esportsmunicipalsalzira.com\/es\/wp-json\/wp\/v2\/categories?post=8754"},{"taxonomy":"post_tag","embeddable":true,"href":"https:\/\/esportsmunicipalsalzira.com\/es\/wp-json\/wp\/v2\/tags?post=8754"}],"curies":[{"name":"wp","href":"https:\/\/api.w.org\/{rel}","templated":true}]}}