{"id":8760,"date":"2025-02-27T08:29:48","date_gmt":"2025-02-27T07:29:48","guid":{"rendered":"https:\/\/esportsmunicipalsalzira.com\/atencion-karatekas-las-jovenes-promesas-del-club-karate-alzira-estan-listas-para-demostrar-su-talento-este-fin\/"},"modified":"2025-02-27T08:29:48","modified_gmt":"2025-02-27T07:29:48","slug":"atencion-karatekas-las-jovenes-promesas-del-club-karate-alzira-estan-listas-para-demostrar-su-talento-este-fin","status":"publish","type":"post","link":"https:\/\/esportsmunicipalsalzira.com\/es\/atencion-karatekas-las-jovenes-promesas-del-club-karate-alzira-estan-listas-para-demostrar-su-talento-este-fin\/","title":{"rendered":"\u00a1Atenci\u00f3n karatekas! Las j\u00f3venes promesas del Club Karate Alzira est\u00e1n listas para demostrar su talento. Este fin"},"content":{"rendered":"<p><br \/>\n\ud83d\udce3 \u00a1Atenci\u00f3n karatekas! \ud83d\udce3<\/p>\n<p>Las j\u00f3venes promesas del Club Karate Alzira est\u00e1n listas para demostrar su talento.<br \/>\nEste fin de semana competir\u00e1n en el Trofeo Promoci\u00f3n de Pu\u00e7ol 2025. \ud83e\udd4b\ud83e\udd47<\/p>\n<p>\ud83d\uddd3\ufe0f **Fecha:** 1 de marzo<\/p>\n<p>\ud83d\udccd **Lugar:** Pabell\u00f3n Municipal de Pu\u00e7ol<\/p>\n<p>\u23f0 **Hora:** 10:00h<\/p>\n<p>\u00a1No te lo pierdas! Ser\u00e1 una jornada llena de emoci\u00f3n y esfuerzo. <\/p>\n<p>\u00a1Vamos a disfrutar con nuestros peke karatekas! \ud83d\udcaa<\/p>\n<p>123\u2026#ckaalzira \ud83e\udd4a<\/p>\n<p>#ClubKarateAlzira #Karate #Competici\u00f3n #Puzol 2025<\/p>\n<p><a href=\"https:\/\/esportsmunicipalsalzira.com\/wp-content\/uploads\/2025\/02\/481707253_936373671816500_8198385228516080108_n.jpg\"><img decoding=\"async\" class=\"wp_automatic_fb_img\" title=\"\" src=\"https:\/\/esportsmunicipalsalzira.com\/wp-content\/uploads\/2025\/02\/481707253_936373671816500_8198385228516080108_n.jpg\" \/><\/a><br \/>\n<br \/>\n<br \/><a href=\"https:\/\/www.facebook.com\/100063537194811\/posts\/1209050181222877\">source<\/a>  <\/p>","protected":false},"excerpt":{"rendered":"<p>\ud83d\udce3 \u00a1Atenci\u00f3n karatekas! \ud83d\udce3 Las j\u00f3venes promesas del **Club Karate Alzira** est\u00e1n listas para demostrar su talento. Este fin de semana competir\u00e1n en el *Trofeo Promoci\u00f3n de Pu\u00e7ol 2025*. \ud83e\udd4b\ud83e\udd47 \ud83d\uddd3\ufe0f **Fecha:** 1 de marzo \ud83d\udccd **Lugar:** Pavell\u00f3 Municipal de Pu\u00e7ol \u23f0 **Hora:** 10:00h \u00a1No te lo pierdas! Ser\u00e1 una jornada llena de emoci\u00f3n y [&hellip;]<\/p>\n","protected":false},"author":2,"featured_media":8761,"comment_status":"open","ping_status":"open","sticky":false,"template":"","format":"standard","meta":{"footnotes":""},"categories":[1],"tags":[],"class_list":["post-8760","post","type-post","status-publish","format-standard","has-post-thumbnail","hentry","category-esports-alzira"],"featured_image_src":{"landsacpe":["https:\/\/esportsmunicipalsalzira.com\/wp-content\/uploads\/2025\/02\/481707253_936373671816500_8198385228516080108_n-1080x445.jpg",1080,445,true],"list":["https:\/\/esportsmunicipalsalzira.com\/wp-content\/uploads\/2025\/02\/481707253_936373671816500_8198385228516080108_n-463x348.jpg",463,348,true],"medium":["https:\/\/esportsmunicipalsalzira.com\/wp-content\/uploads\/2025\/02\/481707253_936373671816500_8198385228516080108_n-300x300.jpg",300,300,true],"full":["https:\/\/esportsmunicipalsalzira.com\/wp-content\/uploads\/2025\/02\/481707253_936373671816500_8198385228516080108_n.jpg",1080,1080,false]},"_links":{"self":[{"href":"https:\/\/esportsmunicipalsalzira.com\/es\/wp-json\/wp\/v2\/posts\/8760","targetHints":{"allow":["GET"]}}],"collection":[{"href":"https:\/\/esportsmunicipalsalzira.com\/es\/wp-json\/wp\/v2\/posts"}],"about":[{"href":"https:\/\/esportsmunicipalsalzira.com\/es\/wp-json\/wp\/v2\/types\/post"}],"author":[{"embeddable":true,"href":"https:\/\/esportsmunicipalsalzira.com\/es\/wp-json\/wp\/v2\/users\/2"}],"replies":[{"embeddable":true,"href":"https:\/\/esportsmunicipalsalzira.com\/es\/wp-json\/wp\/v2\/comments?post=8760"}],"version-history":[{"count":0,"href":"https:\/\/esportsmunicipalsalzira.com\/es\/wp-json\/wp\/v2\/posts\/8760\/revisions"}],"wp:featuredmedia":[{"embeddable":true,"href":"https:\/\/esportsmunicipalsalzira.com\/es\/wp-json\/wp\/v2\/media\/8761"}],"wp:attachment":[{"href":"https:\/\/esportsmunicipalsalzira.com\/es\/wp-json\/wp\/v2\/media?parent=8760"}],"wp:term":[{"taxonomy":"category","embeddable":true,"href":"https:\/\/esportsmunicipalsalzira.com\/es\/wp-json\/wp\/v2\/categories?post=8760"},{"taxonomy":"post_tag","embeddable":true,"href":"https:\/\/esportsmunicipalsalzira.com\/es\/wp-json\/wp\/v2\/tags?post=8760"}],"curies":[{"name":"wp","href":"https:\/\/api.w.org\/{rel}","templated":true}]}}