{"id":8782,"date":"2025-03-02T19:38:54","date_gmt":"2025-03-02T18:38:54","guid":{"rendered":"https:\/\/esportsmunicipalsalzira.com\/resultats-campionat-pucol-01-03-2025-club-karate-alzira-ahir-els-nostres-karatekes-demostraren-el-seu-talent-i-esfo\/"},"modified":"2025-03-02T19:38:54","modified_gmt":"2025-03-02T18:38:54","slug":"resultats-campionat-pucol-01-03-2025-club-karate-alzira-ahir-els-nostres-karatekes-demostraren-el-seu-talent-i-esfo","status":"publish","type":"post","link":"https:\/\/esportsmunicipalsalzira.com\/es\/resultats-campionat-pucol-01-03-2025-club-karate-alzira-ahir-els-nostres-karatekes-demostraren-el-seu-talent-i-esfo\/","title":{"rendered":"RESULTADOS CAMPEONATO PU\u00c7OL 01-03-2025 CLUB KARATE ALZIRA Ayer, nuestros karatecas demostraron su talento y esfuerzo"},"content":{"rendered":"<p><br \/>\n\ud83e\udd4b RESULTADOS CAMPEONATO PU\u00c7OL 01-03-2025 CLUB KARATE ALZIRA\ud83e\udd4b  <\/p>\n<p>Ayer, nuestros karatecas demostraron su talento y esfuerzo en el campeonato, consiguiendo unos resultados incre\u00edbles. Pero m\u00e1s all\u00e1 de las medallas, queremos agradecer a las familias, que siempre est\u00e1n ah\u00ed, apoyando a sus hijos en cada competici\u00f3n. \ud83d\udc99 Gracias por el esfuerzo, por madrugar, por los nervios compartidos y por ser parte de esta peque\u00f1a familia. Sin vosotros, \u00a1nada de eso ser\u00eda posible! \ud83d\udc4f  <\/p>\n<p>\u2728 Menci\u00f3n especial a Dani Estell\u00e9s, Iv\u00e1n Cebri\u00e1n, Dario Pela\u00e9z y Manuel Berenguer por su apoyo y ayuda fundamental. \u00a1Gracias por su compromiso y trabajo en equipo! \ud83d\ude4c  <\/p>\n<p>\ud83c\udfc6 Resultados destacados:  <\/p>\n<p>\ud83e\udd47 **1\u00ba lugar**<br \/>\n\u2013 \ud83e\udd4b **Alba Berenguer** \u2013 Kata Alev\u00edn<br \/>\n\u2013 \ud83e\udd4b **Luc\u00eda Escriva** \u2013 Kata Infantil<br \/>\n\u2013 \ud83e\udd4b **Luc\u00eda Escriva** \u2013 Kumite Infantil<br \/>\n\u2013 \ud83e\udd4b **Salimata Diagne** \u2013 Kumite Cadete<br \/>\n\u2013 \ud83e\udd4b **Joana Mart\u00ednez** \u2013 Kumite Juvenil<br \/>\n\u2013 \ud83e\udd4b **Alex Selles** \u2013 Kumite Juvenil  <\/p>\n<p>\ud83e\udd48 **2\u00ba lugar**<br \/>\n\u2013 \ud83e\udd4b **Vera Blanco** \u2013 Kata Infantil<br \/>\n\u2013 \ud83e\udd4b **Laura Cebri\u00e1n** \u2013 Kumite Cadete<br \/>\n\u2013 \ud83e\udd4b **Ana Corts** \u2013 Kumite Juvenil  <\/p>\n<p>\ud83e\udd49 **3r lugar**<br \/>\n\u2013 \ud83e\udd4b **Adelina Gorea** \u2013 Kumite Cadete<br \/>\n\u2013 \ud83e\udd4b **Noa Mart\u00ednez** \u2013 Kumite Juvenil<br \/>\n\u2013 \ud83e\udd4b **Iv\u00e1n Gorea** \u2013 Kumite Alev\u00edn<br \/>\n\u2013 \ud83e\udd4b **Marco Blanco** \u2013 Kumite Juvenil  <\/p>\n<p>Destacar tambi\u00e9n el buen trabajo de Elena Piera que en pr\u00f3ximas ocasiones seguro que puede recoger los frutos de su entrenamiento y constancia. \u00a1Seguimos creciendo juntos! \ud83d\udcaa\ud83d\udd25<br \/>\n#KarateAlzira #orgulloDeClub #EsperitGuerrero<\/p>\n<p><a href=\"https:\/\/esportsmunicipalsalzira.com\/wp-content\/uploads\/2025\/03\/481776800_938751191578748_2993050275231853612_n.jpg\"><img decoding=\"async\" class=\"wp_automatic_fb_img\" title=\"\" src=\"https:\/\/esportsmunicipalsalzira.com\/wp-content\/uploads\/2025\/03\/481776800_938751191578748_2993050275231853612_n.jpg\" \/><\/a><br \/><a href=\"https:\/\/esportsmunicipalsalzira.com\/wp-content\/uploads\/2025\/03\/481704459_938750988245435_7911695795704008473_n.jpg\"><img decoding=\"async\" class=\"wp_automatic_fb_img\" title=\"\" src=\"https:\/\/esportsmunicipalsalzira.com\/wp-content\/uploads\/2025\/03\/481704459_938750988245435_7911695795704008473_n.jpg\" \/><\/a><br \/><a href=\"https:\/\/esportsmunicipalsalzira.com\/wp-content\/uploads\/2025\/03\/481669049_938751028245431_6037493013624427617_n.jpg\"><img decoding=\"async\" class=\"wp_automatic_fb_img\" title=\"\" src=\"https:\/\/esportsmunicipalsalzira.com\/wp-content\/uploads\/2025\/03\/481669049_938751028245431_6037493013624427617_n.jpg\" \/><\/a><br \/><a href=\"https:\/\/esportsmunicipalsalzira.com\/wp-content\/uploads\/2025\/03\/481152331_938751048245429_2742680186613738109_n.jpg\"><img decoding=\"async\" class=\"wp_automatic_fb_img\" title=\"\" src=\"https:\/\/esportsmunicipalsalzira.com\/wp-content\/uploads\/2025\/03\/481152331_938751048245429_2742680186613738109_n.jpg\" \/><\/a><br \/><a href=\"https:\/\/esportsmunicipalsalzira.com\/wp-content\/uploads\/2025\/03\/481265526_938751071578760_6085737313741778337_n.jpg\"><img decoding=\"async\" class=\"wp_automatic_fb_img\" title=\"\" src=\"https:\/\/esportsmunicipalsalzira.com\/wp-content\/uploads\/2025\/03\/481265526_938751071578760_6085737313741778337_n.jpg\" \/><\/a><br \/>\n<br \/>\n<br \/><a href=\"https:\/\/www.facebook.com\/100063537194811\/posts\/1212650667529495\">source<\/a>  <\/p>","protected":false},"excerpt":{"rendered":"<p>\ud83e\udd4b RESULTATS CAMPIONAT PU\u00c7OL 01-03-2025 CLUB KARATE ALZIRA\ud83e\udd4b Ahir, els nostres karatekes demostraren el seu talent i esfor\u00e7 en el campionat, aconseguint uns resultats incre\u00efbles. Per\u00f2 m\u00e9s enll\u00e0 de les medalles, volem agrair a les fam\u00edlies, que sempre estan ah\u00ed, donant suport als seus fills en cada competici\u00f3. \ud83d\udc99 Gr\u00e0cies per l\u2019esfor\u00e7, per matinar, pels [&hellip;]<\/p>\n","protected":false},"author":2,"featured_media":8783,"comment_status":"open","ping_status":"open","sticky":false,"template":"","format":"standard","meta":{"footnotes":""},"categories":[1],"tags":[],"class_list":["post-8782","post","type-post","status-publish","format-standard","has-post-thumbnail","hentry","category-esports-alzira"],"featured_image_src":{"landsacpe":["https:\/\/esportsmunicipalsalzira.com\/wp-content\/uploads\/2025\/03\/481776800_938751191578748_2993050275231853612_n-1140x445.jpg",1140,445,true],"list":["https:\/\/esportsmunicipalsalzira.com\/wp-content\/uploads\/2025\/03\/481776800_938751191578748_2993050275231853612_n-463x348.jpg",463,348,true],"medium":["https:\/\/esportsmunicipalsalzira.com\/wp-content\/uploads\/2025\/03\/481776800_938751191578748_2993050275231853612_n-300x169.jpg",300,169,true],"full":["https:\/\/esportsmunicipalsalzira.com\/wp-content\/uploads\/2025\/03\/481776800_938751191578748_2993050275231853612_n.jpg",1439,810,false]},"_links":{"self":[{"href":"https:\/\/esportsmunicipalsalzira.com\/es\/wp-json\/wp\/v2\/posts\/8782","targetHints":{"allow":["GET"]}}],"collection":[{"href":"https:\/\/esportsmunicipalsalzira.com\/es\/wp-json\/wp\/v2\/posts"}],"about":[{"href":"https:\/\/esportsmunicipalsalzira.com\/es\/wp-json\/wp\/v2\/types\/post"}],"author":[{"embeddable":true,"href":"https:\/\/esportsmunicipalsalzira.com\/es\/wp-json\/wp\/v2\/users\/2"}],"replies":[{"embeddable":true,"href":"https:\/\/esportsmunicipalsalzira.com\/es\/wp-json\/wp\/v2\/comments?post=8782"}],"version-history":[{"count":0,"href":"https:\/\/esportsmunicipalsalzira.com\/es\/wp-json\/wp\/v2\/posts\/8782\/revisions"}],"wp:featuredmedia":[{"embeddable":true,"href":"https:\/\/esportsmunicipalsalzira.com\/es\/wp-json\/wp\/v2\/media\/8783"}],"wp:attachment":[{"href":"https:\/\/esportsmunicipalsalzira.com\/es\/wp-json\/wp\/v2\/media?parent=8782"}],"wp:term":[{"taxonomy":"category","embeddable":true,"href":"https:\/\/esportsmunicipalsalzira.com\/es\/wp-json\/wp\/v2\/categories?post=8782"},{"taxonomy":"post_tag","embeddable":true,"href":"https:\/\/esportsmunicipalsalzira.com\/es\/wp-json\/wp\/v2\/tags?post=8782"}],"curies":[{"name":"wp","href":"https:\/\/api.w.org\/{rel}","templated":true}]}}