{"id":8792,"date":"2025-03-03T14:55:59","date_gmt":"2025-03-03T13:55:59","guid":{"rendered":"https:\/\/esportsmunicipalsalzira.com\/previsio-inforatge-per-a-dema-i-dimecresatencio-a-les-previsions-que-continuen-avisant-de-risc-taronja-per-pluges-dim\/"},"modified":"2025-03-03T14:55:59","modified_gmt":"2025-03-03T13:55:59","slug":"previsio-inforatge-per-a-dema-i-dimecresatencio-a-les-previsions-que-continuen-avisant-de-risc-taronja-per-pluges-dim","status":"publish","type":"post","link":"https:\/\/esportsmunicipalsalzira.com\/es\/previsio-inforatge-per-a-dema-i-dimecresatencio-a-les-previsions-que-continuen-avisant-de-risc-taronja-per-pluges-dim\/","title":{"rendered":"Previsi\u00f3n \u00a9Inforaje para ma\u00f1ana y mi\u00e9rcoles Atenci\u00f3n a las previsiones que siguen avisando de riesgo naranja por lluvias. Dim"},"content":{"rendered":"<p><br \/>\nPrevisi\u00f3n \u00a9\ufe0fInforaje para ma\u00f1ana y mi\u00e9rcoles\ud83d\udc49<br \/>\n\u203cAtenci\u00f3n a las previsiones que siguen avisando de riesgo naranja por lluvias.<br \/>\n\ud83d\udfe0Martes 4 de marzo aviso activo desde las 6 de la ma\u00f1ana hasta las 18 horas, hasta 20 litros en 1 hora. Hasta 60 litros en 12 horas<br \/>\n\ud83d\udfe0Mi\u00e9rcoles 5 de marzo aviso activo durante todo el d\u00eda, hasta 100\/150 litros en 12 horas.<\/p>\n<p>\u2139\ufe0fDesde ayer por la tarde el \u26a0\ufe0fCentro de Coordinaci\u00f3n para emergencias CECOPAL Alzira, est\u00e1 trabajando para poner en com\u00fan la informaci\u00f3n que emite tanto la AEMET como el servicio t\u00e9cnico meteorol\u00f3gico del Ayuntamiento, InfoOratge. <\/p>\n<p>\ud83c\udf27Como se hace habitualmente, el protocolo por lluvias est\u00e1 en marcha para valorar el nivel de riesgo en cada momento y prepatrar la ciudad para poder evacuar el agua. Se han quitado las trampillas de las principales calles que tienen problemas para evitar colapsos y se ha se\u00f1alizado.<br \/>\nContinuamos con reuniones a primeras para seguir la evoluci\u00f3n de las previsiones y se informar\u00e1 a la ciudadan\u00eda por los canales oficiales.<\/p>\n<p>\u203cA estas alturas el servicio de meteorolog\u00eda nos informa de que supone un menor riesgo que la del pasado mes de octubre, pero no se descartan posibles lluvias fuertes en las cabeceras de las cuencas o trenes convectivos en las cordilleras locales (Casella, Murta, Aig\u00fces Vives).<\/p>\n<p>\u27a1Mantenemos la vigilancia activa.<\/p>\n<p><a href=\"https:\/\/esportsmunicipalsalzira.com\/wp-content\/uploads\/2025\/03\/481669789_1036511961843542_223117199588966063_n.jpg\"><img decoding=\"async\" class=\"wp_automatic_fb_img\" title=\"\" src=\"https:\/\/esportsmunicipalsalzira.com\/wp-content\/uploads\/2025\/03\/481669789_1036511961843542_223117199588966063_n.jpg\" \/><\/a><br \/><a href=\"https:\/\/esportsmunicipalsalzira.com\/wp-content\/uploads\/2025\/03\/481197482_1036511965176875_957194618252279837_n.jpg\"><img decoding=\"async\" class=\"wp_automatic_fb_img\" title=\"\" src=\"https:\/\/esportsmunicipalsalzira.com\/wp-content\/uploads\/2025\/03\/481197482_1036511965176875_957194618252279837_n.jpg\" \/><\/a><br \/>\n<br \/>\n<br \/><a href=\"https:\/\/www.facebook.com\/100063537194811\/posts\/1212916637502898\">source<\/a>  <\/p>","protected":false},"excerpt":{"rendered":"<p>Previsi\u00f3 \u00a9\ufe0fInforatge per a dem\u00e0 i dimecres\ud83d\udc49 \u203cAtenci\u00f3 a les previsions que continuen avisant de risc taronja per pluges. \ud83d\udfe0Dimarts 4 de mar\u00e7 av\u00eds actiu des de les 6 del mat\u00ed fins a les 18 hores, fins a 20 litres en 1 hora. Fins a 60 litres en 12 hores \ud83d\udfe0Dimecres 5 de mar\u00e7 av\u00eds [&hellip;]<\/p>\n","protected":false},"author":2,"featured_media":8793,"comment_status":"open","ping_status":"open","sticky":false,"template":"","format":"standard","meta":{"footnotes":""},"categories":[1],"tags":[],"class_list":["post-8792","post","type-post","status-publish","format-standard","has-post-thumbnail","hentry","category-esports-alzira"],"featured_image_src":{"landsacpe":["https:\/\/esportsmunicipalsalzira.com\/wp-content\/uploads\/2025\/03\/481669789_1036511961843542_223117199588966063_n-680x445.jpg",680,445,true],"list":["https:\/\/esportsmunicipalsalzira.com\/wp-content\/uploads\/2025\/03\/481669789_1036511961843542_223117199588966063_n-463x348.jpg",463,348,true],"medium":["https:\/\/esportsmunicipalsalzira.com\/wp-content\/uploads\/2025\/03\/481669789_1036511961843542_223117199588966063_n-300x300.jpg",300,300,true],"full":["https:\/\/esportsmunicipalsalzira.com\/wp-content\/uploads\/2025\/03\/481669789_1036511961843542_223117199588966063_n.jpg",680,680,false]},"_links":{"self":[{"href":"https:\/\/esportsmunicipalsalzira.com\/es\/wp-json\/wp\/v2\/posts\/8792","targetHints":{"allow":["GET"]}}],"collection":[{"href":"https:\/\/esportsmunicipalsalzira.com\/es\/wp-json\/wp\/v2\/posts"}],"about":[{"href":"https:\/\/esportsmunicipalsalzira.com\/es\/wp-json\/wp\/v2\/types\/post"}],"author":[{"embeddable":true,"href":"https:\/\/esportsmunicipalsalzira.com\/es\/wp-json\/wp\/v2\/users\/2"}],"replies":[{"embeddable":true,"href":"https:\/\/esportsmunicipalsalzira.com\/es\/wp-json\/wp\/v2\/comments?post=8792"}],"version-history":[{"count":0,"href":"https:\/\/esportsmunicipalsalzira.com\/es\/wp-json\/wp\/v2\/posts\/8792\/revisions"}],"wp:featuredmedia":[{"embeddable":true,"href":"https:\/\/esportsmunicipalsalzira.com\/es\/wp-json\/wp\/v2\/media\/8793"}],"wp:attachment":[{"href":"https:\/\/esportsmunicipalsalzira.com\/es\/wp-json\/wp\/v2\/media?parent=8792"}],"wp:term":[{"taxonomy":"category","embeddable":true,"href":"https:\/\/esportsmunicipalsalzira.com\/es\/wp-json\/wp\/v2\/categories?post=8792"},{"taxonomy":"post_tag","embeddable":true,"href":"https:\/\/esportsmunicipalsalzira.com\/es\/wp-json\/wp\/v2\/tags?post=8792"}],"curies":[{"name":"wp","href":"https:\/\/api.w.org\/{rel}","templated":true}]}}