{"id":8808,"date":"2025-03-05T10:54:36","date_gmt":"2025-03-05T09:54:36","guid":{"rendered":"https:\/\/esportsmunicipalsalzira.com\/pre-reserva-ibiza-com-sabras-es-possible-que-no-es-puga-jugar-en-el-palau-desports-lalternativa-es-el-pavello-la\/"},"modified":"2025-03-05T10:54:36","modified_gmt":"2025-03-05T09:54:36","slug":"pre-reserva-ibiza-com-sabras-es-possible-que-no-es-puga-jugar-en-el-palau-desports-lalternativa-es-el-pavello-la","status":"publish","type":"post","link":"https:\/\/esportsmunicipalsalzira.com\/es\/pre-reserva-ibiza-com-sabras-es-possible-que-no-es-puga-jugar-en-el-palau-desports-lalternativa-es-el-pavello-la\/","title":{"rendered":"PRE RESERVA Ibiza Como sabr\u00e1s, es posible que no se pueda jugar en el Palacio de Deportes. La alternativa es el pabell\u00f3n La"},"content":{"rendered":"<p><br \/>\nPRE RESERVA \ud83c\udd9a Ibiza <\/p>\n<p>Como sabr\u00e1s, es posible que no se pueda jugar en el Palacio de Deportes. La alternativa es el pabell\u00f3n La Solana de L&#039;Olleria.<\/p>\n<p>Dado que el aforo es inferior al n\u00famero de abonados, se ha creado una PRE-RESERVA DE ENTRADA PARA ABONADOS. Si la lista supera la cifra de localidades, se realizar\u00e1 un sorteo puro y el viernes por la ma\u00f1ana se comunicar\u00e1.<\/p>\n<p>\ud835\udc02\ud835\udc0e\ud835\udc0c \ud835\udc05\ud835\udc00\ud835\udc08\ud835\udc06 \ud835\udc0b\ud835\udc00 \ud835\udc0f\ud835\udc11\ud835\udc04-\ud835\udc11\ud835\udc04\ud835\udc12\ud835\udc04\ud835\udc11\ud835\udc15\ud835\udc00? \ud83e\udd14<\/p>\n<p>En Tienda AFS, desde hoy mi\u00e9rcoles hasta las 13.30 horas, de 17 a 20 horas o jueves por la tarde, tambi\u00e9n de 17 a 20 horas.<\/p>\n<p>\u00bfY SI NO PUEDO IR A LA TIENDA?<\/p>\n<p>Online en este enlace \u21aa\ufe0f https:\/\/app.cluber.es\/clubes\/648c1144560b8672634725\/pagos\/67c6e75369d95823869212<\/p>\n<p>\ud83d\udd2e Si el viernes, por lo que sea, la situaci\u00f3n invitara a disputar el partido en el Palau, cada abonado y abonada podr\u00e1 acceder como habitualmente y ocupar su asiento.<\/p>\n<p>PD: Si has visto un post anterior que te invitaba a pensar que estaba en el Palau: s\u00ed, era programado. <\/p>\n<p>#Jonobajo<\/p>\n<p><a href=\"https:\/\/esportsmunicipalsalzira.com\/wp-content\/uploads\/2025\/03\/480971365_1191695829627564_1525861812453023002_n.jpg\"><img decoding=\"async\" class=\"wp_automatic_fb_img\" title=\"\" src=\"https:\/\/esportsmunicipalsalzira.com\/wp-content\/uploads\/2025\/03\/480971365_1191695829627564_1525861812453023002_n.jpg\" \/><\/a><br \/>\n<br \/>\n<br \/><a href=\"https:\/\/www.facebook.com\/100063537194811\/posts\/1214310344030194\">source<\/a>  <\/p>","protected":false},"excerpt":{"rendered":"<p>PRE RESERVA \ud83c\udd9a Ibiza Com sabr\u00e0s, \u00e9s possible que no es puga jugar en el Palau d&#8217;Esports. L&#8217;alternativa \u00e9s el pavell\u00f3 La Solana de L&#8217;Olleria. Com que l&#8217;aforament \u00e9s inferior al nombre d&#8217;abonats, s&#8217;ha creat una PRE-RESERVA D&#8217;ENTRADA PER A ABONATS. Si la llista supera la xifra de localitats, es far\u00e0 un sorteig pur i [&hellip;]<\/p>\n","protected":false},"author":2,"featured_media":8809,"comment_status":"open","ping_status":"open","sticky":false,"template":"","format":"standard","meta":{"footnotes":""},"categories":[1],"tags":[],"class_list":["post-8808","post","type-post","status-publish","format-standard","has-post-thumbnail","hentry","category-esports-alzira"],"featured_image_src":{"landsacpe":["https:\/\/esportsmunicipalsalzira.com\/wp-content\/uploads\/2025\/03\/480971365_1191695829627564_1525861812453023002_n-960x445.jpg",960,445,true],"list":["https:\/\/esportsmunicipalsalzira.com\/wp-content\/uploads\/2025\/03\/480971365_1191695829627564_1525861812453023002_n-463x348.jpg",463,348,true],"medium":["https:\/\/esportsmunicipalsalzira.com\/wp-content\/uploads\/2025\/03\/480971365_1191695829627564_1525861812453023002_n-240x300.jpg",240,300,true],"full":["https:\/\/esportsmunicipalsalzira.com\/wp-content\/uploads\/2025\/03\/480971365_1191695829627564_1525861812453023002_n.jpg",960,1200,false]},"_links":{"self":[{"href":"https:\/\/esportsmunicipalsalzira.com\/es\/wp-json\/wp\/v2\/posts\/8808","targetHints":{"allow":["GET"]}}],"collection":[{"href":"https:\/\/esportsmunicipalsalzira.com\/es\/wp-json\/wp\/v2\/posts"}],"about":[{"href":"https:\/\/esportsmunicipalsalzira.com\/es\/wp-json\/wp\/v2\/types\/post"}],"author":[{"embeddable":true,"href":"https:\/\/esportsmunicipalsalzira.com\/es\/wp-json\/wp\/v2\/users\/2"}],"replies":[{"embeddable":true,"href":"https:\/\/esportsmunicipalsalzira.com\/es\/wp-json\/wp\/v2\/comments?post=8808"}],"version-history":[{"count":0,"href":"https:\/\/esportsmunicipalsalzira.com\/es\/wp-json\/wp\/v2\/posts\/8808\/revisions"}],"wp:featuredmedia":[{"embeddable":true,"href":"https:\/\/esportsmunicipalsalzira.com\/es\/wp-json\/wp\/v2\/media\/8809"}],"wp:attachment":[{"href":"https:\/\/esportsmunicipalsalzira.com\/es\/wp-json\/wp\/v2\/media?parent=8808"}],"wp:term":[{"taxonomy":"category","embeddable":true,"href":"https:\/\/esportsmunicipalsalzira.com\/es\/wp-json\/wp\/v2\/categories?post=8808"},{"taxonomy":"post_tag","embeddable":true,"href":"https:\/\/esportsmunicipalsalzira.com\/es\/wp-json\/wp\/v2\/tags?post=8808"}],"curies":[{"name":"wp","href":"https:\/\/api.w.org\/{rel}","templated":true}]}}