{"id":8812,"date":"2025-03-05T09:46:55","date_gmt":"2025-03-05T08:46:55","guid":{"rendered":"https:\/\/esportsmunicipalsalzira.com\/ultimes-hores-situacio-actual-i-previsioinforatgedurant-la-matinada-ha-seguit-plovent-a-la-canal-de-navarres-i-la-c\/"},"modified":"2025-03-05T09:46:55","modified_gmt":"2025-03-05T08:46:55","slug":"ultimes-hores-situacio-actual-i-previsioinforatgedurant-la-matinada-ha-seguit-plovent-a-la-canal-de-navarres-i-la-c","status":"publish","type":"post","link":"https:\/\/esportsmunicipalsalzira.com\/es\/ultimes-hores-situacio-actual-i-previsioinforatgedurant-la-matinada-ha-seguit-plovent-a-la-canal-de-navarres-i-la-c\/","title":{"rendered":"\u00daltimas horas, situaci\u00f3n actual y previsi\u00f3n \u00a9Inforatge Durante la madrugada ha seguido lloviendo en la Canal de Navarr\u00e9s y la C"},"content":{"rendered":"<p><br \/>\n\u203c\u00daltimas horas, situaci\u00f3n actual y previsi\u00f3n<br \/>\n\u00a9\ufe0fInforaje<\/p>\n<p>Durante la madrugada ha seguido lloviendo en la Canal de Navarr\u00e9s y la Costera, pero de forma entre d\u00e9bil y moderada, de hecho no se han superado los 30 litros durante la madrugada en la cuenca del R\u00edo Sellent ni en el C\u00e0nyoles, por lo que la situaci\u00f3n de estos r\u00edos se encuentra normalizada. En estos momentos vuelven a ampliarse en extensi\u00f3n las lluvias en la mitad sur de Valencia, pero siguen sin presentar torrencialidad.<\/p>\n<p>Paulatinamente aparecieron durante la madrugada nuevas lluvias en la mitad norte, cayendo de igual forma y en cantidades similares a la Hoya de Bu\u00f1ol. En las \u00faltimas horas, tambi\u00e9n han ido enganch\u00e1ndose las lluvias en la Sierra Calderona y Sierra de Espad\u00e1n, donde algunos puntos ya superan los 40 litros hoy. <\/p>\n<p>Debido a los totales acumulados y la lluvia continuada que esperamos las pr\u00f3ximas 36-48 horas en el interior-prelitoral de Valencia y Castell\u00f3n, \u00e9stos son los principales puntos a vigilar por el agua que enviar\u00e1n los arroyos y barrancos hacia abajo, mientras sea la situaci\u00f3n sin convectividad (tormentas y rel\u00e1mpagos.) , hasta el viernes 7 de ma\u00f1ana, donde ir\u00e1n centr\u00e1ndose en la mitad norte de la Comunitat.<\/p>\n<p><a href=\"https:\/\/esportsmunicipalsalzira.com\/wp-content\/uploads\/2025\/03\/482321479_1037856101709128_9203046470219023482_n.jpg\"><img decoding=\"async\" class=\"wp_automatic_fb_img\" title=\"\" src=\"https:\/\/esportsmunicipalsalzira.com\/wp-content\/uploads\/2025\/03\/482321479_1037856101709128_9203046470219023482_n.jpg\" \/><\/a><br \/>\n<br \/>\n<br \/><a href=\"https:\/\/www.facebook.com\/100063537194811\/posts\/1214271794034049\">source<\/a>  <\/p>","protected":false},"excerpt":{"rendered":"<p>\u203c\u00daltimes hores, situaci\u00f3 actual i previsi\u00f3 \u00a9\ufe0fInforatge Durant la matinada ha seguit plovent a la Canal de Navarr\u00e9s i la Costera, per\u00f2 de forma entre d\u00e8bil i moderada, de fet no s&#8217;han superat els 30 litres durant la matinada a la conca del Riu Sellent ni al C\u00e0nyoles, per lo que la situaci\u00f3 d&#8217;aquestos rius [&hellip;]<\/p>\n","protected":false},"author":2,"featured_media":8813,"comment_status":"open","ping_status":"open","sticky":false,"template":"","format":"standard","meta":{"footnotes":""},"categories":[1],"tags":[],"class_list":["post-8812","post","type-post","status-publish","format-standard","has-post-thumbnail","hentry","category-esports-alzira"],"featured_image_src":{"landsacpe":["https:\/\/esportsmunicipalsalzira.com\/wp-content\/uploads\/2025\/03\/482321479_1037856101709128_9203046470219023482_n-698x445.jpg",698,445,true],"list":["https:\/\/esportsmunicipalsalzira.com\/wp-content\/uploads\/2025\/03\/482321479_1037856101709128_9203046470219023482_n-463x348.jpg",463,348,true],"medium":["https:\/\/esportsmunicipalsalzira.com\/wp-content\/uploads\/2025\/03\/482321479_1037856101709128_9203046470219023482_n-276x300.jpg",276,300,true],"full":["https:\/\/esportsmunicipalsalzira.com\/wp-content\/uploads\/2025\/03\/482321479_1037856101709128_9203046470219023482_n.jpg",698,758,false]},"_links":{"self":[{"href":"https:\/\/esportsmunicipalsalzira.com\/es\/wp-json\/wp\/v2\/posts\/8812","targetHints":{"allow":["GET"]}}],"collection":[{"href":"https:\/\/esportsmunicipalsalzira.com\/es\/wp-json\/wp\/v2\/posts"}],"about":[{"href":"https:\/\/esportsmunicipalsalzira.com\/es\/wp-json\/wp\/v2\/types\/post"}],"author":[{"embeddable":true,"href":"https:\/\/esportsmunicipalsalzira.com\/es\/wp-json\/wp\/v2\/users\/2"}],"replies":[{"embeddable":true,"href":"https:\/\/esportsmunicipalsalzira.com\/es\/wp-json\/wp\/v2\/comments?post=8812"}],"version-history":[{"count":0,"href":"https:\/\/esportsmunicipalsalzira.com\/es\/wp-json\/wp\/v2\/posts\/8812\/revisions"}],"wp:featuredmedia":[{"embeddable":true,"href":"https:\/\/esportsmunicipalsalzira.com\/es\/wp-json\/wp\/v2\/media\/8813"}],"wp:attachment":[{"href":"https:\/\/esportsmunicipalsalzira.com\/es\/wp-json\/wp\/v2\/media?parent=8812"}],"wp:term":[{"taxonomy":"category","embeddable":true,"href":"https:\/\/esportsmunicipalsalzira.com\/es\/wp-json\/wp\/v2\/categories?post=8812"},{"taxonomy":"post_tag","embeddable":true,"href":"https:\/\/esportsmunicipalsalzira.com\/es\/wp-json\/wp\/v2\/tags?post=8812"}],"curies":[{"name":"wp","href":"https:\/\/api.w.org\/{rel}","templated":true}]}}