{"id":8820,"date":"2025-03-06T12:38:55","date_gmt":"2025-03-06T11:38:55","guid":{"rendered":"https:\/\/esportsmunicipalsalzira.com\/1130-h-el-centro-de-coordinacion-de-emergencias-de-la-generalitat-actualiza-sus-avisos-y-establecese-mantiene-la\/"},"modified":"2025-03-06T12:38:55","modified_gmt":"2025-03-06T11:38:55","slug":"1130-h-el-centro-de-coordinacion-de-emergencias-de-la-generalitat-actualiza-sus-avisos-y-establecese-mantiene-la","status":"publish","type":"post","link":"https:\/\/esportsmunicipalsalzira.com\/es\/1130-h-el-centro-de-coordinacion-de-emergencias-de-la-generalitat-actualiza-sus-avisos-y-establecese-mantiene-la\/","title":{"rendered":"(11:30 h) El Centro de Coordinaci\u00f3n de Emergencias de la @generalitat actualiza sus avisos y establece: Se mantiene la"},"content":{"rendered":"<p><br \/>\n\ud83d\udea8(11:30 h) El Centro de Coordinaci\u00f3n de Emergencias de la @generalitat actualiza sus avisos y establece:<\/p>\n<p>\u27a1\ufe0fSe mantiene la emergencia Situaci\u00f3n 0 por inundaciones en Castell\u00f3n y Valencia (no se modifica la de aquellos municipios declarados en Situaci\u00f3n 1 y 2 por motivo de la DANA del 29\/10\/2024)<\/p>\n<p>\u27a1\ufe0fRecordar: Se recomienda\u2026<br \/>\n\u2796Limitar los desplazamientos que no sean imprescindibles en las zonas afectadas por la DANA por su especial vulnerabilidad<br \/>\n\u2796La suspensi\u00f3n de actividades al aire libre y de las actividades escolares, educativas, extraescolares y deportivas<\/p>\n<p>\u2795INFO\ud83d\udc47<\/p>\n<p><a href=\"https:\/\/esportsmunicipalsalzira.com\/wp-content\/uploads\/2025\/03\/480228015_1038676778293727_5134665525228177039_n.jpg\"><img decoding=\"async\" class=\"wp_automatic_fb_img\" title=\"\" src=\"https:\/\/esportsmunicipalsalzira.com\/wp-content\/uploads\/2025\/03\/480228015_1038676778293727_5134665525228177039_n.jpg\" \/><\/a><br \/><a href=\"https:\/\/esportsmunicipalsalzira.com\/wp-content\/uploads\/2025\/03\/476848390_1038676821627056_1518926936684282000_n.jpg\"><img decoding=\"async\" class=\"wp_automatic_fb_img\" title=\"\" src=\"https:\/\/esportsmunicipalsalzira.com\/wp-content\/uploads\/2025\/03\/476848390_1038676821627056_1518926936684282000_n.jpg\" \/><\/a><br \/>\n<br \/>\n<br \/><a href=\"https:\/\/www.facebook.com\/100063537194811\/posts\/1215289917265570\">source<\/a>  <\/p>","protected":false},"excerpt":{"rendered":"<p>\ud83d\udea8(11:30 h) El Centro de Coordinaci\u00f3n de Emergencias de la @generalitat actualiza sus avisos y establece: \u27a1\ufe0fSe mantiene la emergencia Situaci\u00f3n 0 por inundaciones en Castell\u00f3n y Valencia (no se modifica la de aquellos municipios declarados en Situaci\u00f3n 1 y 2 por motivo de la DANA del 29\/10\/2024) \u27a1\ufe0fRecordar: Se recomienda&#8230; \u2796Limitar los desplazamientos que [&hellip;]<\/p>\n","protected":false},"author":2,"featured_media":8821,"comment_status":"open","ping_status":"open","sticky":false,"template":"","format":"standard","meta":{"footnotes":""},"categories":[1],"tags":[],"class_list":["post-8820","post","type-post","status-publish","format-standard","has-post-thumbnail","hentry","category-esports-alzira"],"featured_image_src":{"landsacpe":["https:\/\/esportsmunicipalsalzira.com\/wp-content\/uploads\/2025\/03\/480228015_1038676778293727_5134665525228177039_n-1140x445.jpg",1140,445,true],"list":["https:\/\/esportsmunicipalsalzira.com\/wp-content\/uploads\/2025\/03\/480228015_1038676778293727_5134665525228177039_n-463x348.jpg",463,348,true],"medium":["https:\/\/esportsmunicipalsalzira.com\/wp-content\/uploads\/2025\/03\/480228015_1038676778293727_5134665525228177039_n-212x300.jpg",212,300,true],"full":["https:\/\/esportsmunicipalsalzira.com\/wp-content\/uploads\/2025\/03\/480228015_1038676778293727_5134665525228177039_n.jpg",1448,2048,false]},"_links":{"self":[{"href":"https:\/\/esportsmunicipalsalzira.com\/es\/wp-json\/wp\/v2\/posts\/8820","targetHints":{"allow":["GET"]}}],"collection":[{"href":"https:\/\/esportsmunicipalsalzira.com\/es\/wp-json\/wp\/v2\/posts"}],"about":[{"href":"https:\/\/esportsmunicipalsalzira.com\/es\/wp-json\/wp\/v2\/types\/post"}],"author":[{"embeddable":true,"href":"https:\/\/esportsmunicipalsalzira.com\/es\/wp-json\/wp\/v2\/users\/2"}],"replies":[{"embeddable":true,"href":"https:\/\/esportsmunicipalsalzira.com\/es\/wp-json\/wp\/v2\/comments?post=8820"}],"version-history":[{"count":0,"href":"https:\/\/esportsmunicipalsalzira.com\/es\/wp-json\/wp\/v2\/posts\/8820\/revisions"}],"wp:featuredmedia":[{"embeddable":true,"href":"https:\/\/esportsmunicipalsalzira.com\/es\/wp-json\/wp\/v2\/media\/8821"}],"wp:attachment":[{"href":"https:\/\/esportsmunicipalsalzira.com\/es\/wp-json\/wp\/v2\/media?parent=8820"}],"wp:term":[{"taxonomy":"category","embeddable":true,"href":"https:\/\/esportsmunicipalsalzira.com\/es\/wp-json\/wp\/v2\/categories?post=8820"},{"taxonomy":"post_tag","embeddable":true,"href":"https:\/\/esportsmunicipalsalzira.com\/es\/wp-json\/wp\/v2\/tags?post=8820"}],"curies":[{"name":"wp","href":"https:\/\/api.w.org\/{rel}","templated":true}]}}