{"id":8941,"date":"2025-04-07T12:10:31","date_gmt":"2025-04-07T10:10:31","guid":{"rendered":"https:\/\/esportsmunicipalsalzira.com\/el-dissabte-de-mati-van-acompanyar-a-idinea-la-nostra-veu-la-nostra-veu-en-la-carrera-solidaria-per-lautisme-el-tercer\/"},"modified":"2025-04-07T12:10:31","modified_gmt":"2025-04-07T10:10:31","slug":"el-dissabte-de-mati-van-acompanyar-a-idinea-la-nostra-veu-la-nostra-veu-en-la-carrera-solidaria-per-lautisme-el-tercer","status":"publish","type":"post","link":"https:\/\/esportsmunicipalsalzira.com\/es\/el-dissabte-de-mati-van-acompanyar-a-idinea-la-nostra-veu-la-nostra-veu-en-la-carrera-solidaria-per-lautisme-el-tercer\/","title":{"rendered":"El s\u00e1bado por la ma\u00f1ana acompa\u00f1aron a Idinea Nuestra VOZ Nuestra Voz en la Carrera Solidaria por el Autismo El tercero"},"content":{"rendered":"<p><br \/>\n\ud83d\udd35\ud83d\udd35\ud83d\udd35El s\u00e1bado por la ma\u00f1ana acompa\u00f1aron a Idinea Nuestra VOZ Nuestra Voz en la Carrera Solidaria por el Autismo \ud83d\udd35\ud83d\udd35\ud83d\udd35<br \/>\nEl tercer teniente de Alcalde, Andr\u00e9s Gomis, el concejal de Deportes, Vicente de la Concepci\u00f3n, y la concejala de Igualdad, Amelia Blanquer asistieron a este evento.<\/p>\n<p><a href=\"https:\/\/esportsmunicipalsalzira.com\/wp-content\/uploads\/2025\/04\/488902863_1063895619105176_136579613364040739_n.jpg\"><img decoding=\"async\" class=\"wp_automatic_fb_img\" title=\"\" src=\"https:\/\/esportsmunicipalsalzira.com\/wp-content\/uploads\/2025\/04\/488902863_1063895619105176_136579613364040739_n.jpg\" \/><\/a><br \/><a href=\"https:\/\/esportsmunicipalsalzira.com\/wp-content\/uploads\/2025\/04\/489904708_1063895622438509_7833244595363601221_n.jpg\"><img decoding=\"async\" class=\"wp_automatic_fb_img\" title=\"\" src=\"https:\/\/esportsmunicipalsalzira.com\/wp-content\/uploads\/2025\/04\/489904708_1063895622438509_7833244595363601221_n.jpg\" \/><\/a><br \/><a href=\"https:\/\/esportsmunicipalsalzira.com\/wp-content\/uploads\/2025\/04\/489240277_1063895625771842_2818687967867511235_n.jpg\"><img decoding=\"async\" class=\"wp_automatic_fb_img\" title=\"\" src=\"https:\/\/esportsmunicipalsalzira.com\/wp-content\/uploads\/2025\/04\/489240277_1063895625771842_2818687967867511235_n.jpg\" \/><\/a><br \/><a href=\"https:\/\/esportsmunicipalsalzira.com\/wp-content\/uploads\/2025\/04\/489563747_1063895722438499_9183022790830528813_n.jpg\"><img decoding=\"async\" class=\"wp_automatic_fb_img\" title=\"\" src=\"https:\/\/esportsmunicipalsalzira.com\/wp-content\/uploads\/2025\/04\/489563747_1063895722438499_9183022790830528813_n.jpg\" \/><\/a><br \/>\n<br \/>\n<br \/><a href=\"https:\/\/www.facebook.com\/100063537194811\/posts\/1245639137563981\">source<\/a>  <\/p>","protected":false},"excerpt":{"rendered":"<p>\ud83d\udd35\ud83d\udd35\ud83d\udd35El s\u00e1bado por la ma\u00f1ana acompa\u00f1aron a Idinea Nuestra VOZ Nuestra Voz en la Carrera Solidaria por el Autismo \ud83d\udd35\ud83d\udd35\ud83d\udd35 El tercer teniente de Alcalde, Andr\u00e9s Gomis, el concejal de Deportes, Vicente de la Concepci\u00f3n, y la regidora evento. Source<\/p>","protected":false},"author":2,"featured_media":8942,"comment_status":"open","ping_status":"open","sticky":false,"template":"","format":"standard","meta":{"footnotes":""},"categories":[1],"tags":[],"class_list":["post-8941","post","type-post","status-publish","format-standard","has-post-thumbnail","hentry","category-esports-alzira"],"featured_image_src":{"landsacpe":["https:\/\/esportsmunicipalsalzira.com\/wp-content\/uploads\/2025\/04\/488902863_1063895619105176_136579613364040739_n-1140x445.jpg",1140,445,true],"list":["https:\/\/esportsmunicipalsalzira.com\/wp-content\/uploads\/2025\/04\/488902863_1063895619105176_136579613364040739_n-463x348.jpg",463,348,true],"medium":["https:\/\/esportsmunicipalsalzira.com\/wp-content\/uploads\/2025\/04\/488902863_1063895619105176_136579613364040739_n-169x300.jpg",169,300,true],"full":["https:\/\/esportsmunicipalsalzira.com\/wp-content\/uploads\/2025\/04\/488902863_1063895619105176_136579613364040739_n.jpg",1152,2048,false]},"_links":{"self":[{"href":"https:\/\/esportsmunicipalsalzira.com\/es\/wp-json\/wp\/v2\/posts\/8941","targetHints":{"allow":["GET"]}}],"collection":[{"href":"https:\/\/esportsmunicipalsalzira.com\/es\/wp-json\/wp\/v2\/posts"}],"about":[{"href":"https:\/\/esportsmunicipalsalzira.com\/es\/wp-json\/wp\/v2\/types\/post"}],"author":[{"embeddable":true,"href":"https:\/\/esportsmunicipalsalzira.com\/es\/wp-json\/wp\/v2\/users\/2"}],"replies":[{"embeddable":true,"href":"https:\/\/esportsmunicipalsalzira.com\/es\/wp-json\/wp\/v2\/comments?post=8941"}],"version-history":[{"count":0,"href":"https:\/\/esportsmunicipalsalzira.com\/es\/wp-json\/wp\/v2\/posts\/8941\/revisions"}],"wp:featuredmedia":[{"embeddable":true,"href":"https:\/\/esportsmunicipalsalzira.com\/es\/wp-json\/wp\/v2\/media\/8942"}],"wp:attachment":[{"href":"https:\/\/esportsmunicipalsalzira.com\/es\/wp-json\/wp\/v2\/media?parent=8941"}],"wp:term":[{"taxonomy":"category","embeddable":true,"href":"https:\/\/esportsmunicipalsalzira.com\/es\/wp-json\/wp\/v2\/categories?post=8941"},{"taxonomy":"post_tag","embeddable":true,"href":"https:\/\/esportsmunicipalsalzira.com\/es\/wp-json\/wp\/v2\/tags?post=8941"}],"curies":[{"name":"wp","href":"https:\/\/api.w.org\/{rel}","templated":true}]}}