{"id":8949,"date":"2025-04-09T12:48:13","date_gmt":"2025-04-09T10:48:13","guid":{"rendered":"https:\/\/esportsmunicipalsalzira.com\/capturant-la-intensitat-daquells-instants-que-passen-desapercebuts-pero-que-defineixen-el-joc-lessencia-del-basquet\/"},"modified":"2025-04-09T12:48:13","modified_gmt":"2025-04-09T10:48:13","slug":"capturant-la-intensitat-daquells-instants-que-passen-desapercebuts-pero-que-defineixen-el-joc-lessencia-del-basquet","status":"publish","type":"post","link":"https:\/\/esportsmunicipalsalzira.com\/es\/capturant-la-intensitat-daquells-instants-que-passen-desapercebuts-pero-que-defineixen-el-joc-lessencia-del-basquet\/","title":{"rendered":"Capturando la intensidad de esos instantes que pasan desapercibidos, pero que definen el juego. La esencia del baloncesto"},"content":{"rendered":"<p><br \/>\nCapturando la intensidad de esos instantes que pasan desapercibidos, pero que definen el juego. La esencia del baloncesto en su forma m\u00e1s pura.<\/p>\n<p>\ud83d\udcf8 Fotograf\u00edas por Vanessa Vera (@vanssart).<\/p>\n<p>#NBAlzira #FuerzaAlzira #BbasketPasi\u00f3n #familiaazulgrana #pasi\u00f3n #temporada2425 #equipo #valencia #alzira #baloncesto #Comunidad #noubasquetalzira #riberaalta #basquet #fbcv #inmoking #fotografia<\/p>\n<p><a href=\"https:\/\/esportsmunicipalsalzira.com\/wp-content\/uploads\/2025\/04\/489635780_18398797531110518_1414255579391592389_n.jpg\"><img decoding=\"async\" class=\"wp_automatic_fb_img\" title=\"\" src=\"https:\/\/esportsmunicipalsalzira.com\/wp-content\/uploads\/2025\/04\/489635780_18398797531110518_1414255579391592389_n.jpg\" \/><\/a><br \/><a href=\"https:\/\/esportsmunicipalsalzira.com\/wp-content\/uploads\/2025\/04\/489915265_18398797552110518_3096932548281671922_n.jpg\"><img decoding=\"async\" class=\"wp_automatic_fb_img\" title=\"\" src=\"https:\/\/esportsmunicipalsalzira.com\/wp-content\/uploads\/2025\/04\/489915265_18398797552110518_3096932548281671922_n.jpg\" \/><\/a><br \/><a href=\"https:\/\/esportsmunicipalsalzira.com\/wp-content\/uploads\/2025\/04\/489284882_18398797567110518_7843653019393208092_n.jpg\"><img decoding=\"async\" class=\"wp_automatic_fb_img\" title=\"\" src=\"https:\/\/esportsmunicipalsalzira.com\/wp-content\/uploads\/2025\/04\/489284882_18398797567110518_7843653019393208092_n.jpg\" \/><\/a><br \/>\n<br \/>\n<br \/><a href=\"https:\/\/www.facebook.com\/100063537194811\/posts\/1247464037381491\">source<\/a>  <\/p>","protected":false},"excerpt":{"rendered":"<p>Capturant la intensitat d\u2019aquells instants que passen desapercebuts, per\u00f2 que defineixen el joc. L\u2019ess\u00e8ncia del b\u00e0squet en la seua forma m\u00e9s pura. \ud83d\udcf8 Fotografies per Vanessa Vera (@vanssart). #NBAlzira #For\u00e7aAlzira #B\u00e0squetPassi\u00f3 #familiablaugrana #pasi\u00f3n #temporada2425 #equipo #valencia #alzira #baloncesto #ComunitatValenciana #basketball #noubasquetalzira #riberaalta #basquet #fbcv #inmoking #fotografia Source<\/p>","protected":false},"author":2,"featured_media":8950,"comment_status":"open","ping_status":"open","sticky":false,"template":"","format":"standard","meta":{"footnotes":""},"categories":[1],"tags":[],"class_list":["post-8949","post","type-post","status-publish","format-standard","has-post-thumbnail","hentry","category-esports-alzira"],"featured_image_src":{"landsacpe":["https:\/\/esportsmunicipalsalzira.com\/wp-content\/uploads\/2025\/04\/489635780_18398797531110518_1414255579391592389_n-1140x445.jpg",1140,445,true],"list":["https:\/\/esportsmunicipalsalzira.com\/wp-content\/uploads\/2025\/04\/489635780_18398797531110518_1414255579391592389_n-463x348.jpg",463,348,true],"medium":["https:\/\/esportsmunicipalsalzira.com\/wp-content\/uploads\/2025\/04\/489635780_18398797531110518_1414255579391592389_n-240x300.jpg",240,300,true],"full":["https:\/\/esportsmunicipalsalzira.com\/wp-content\/uploads\/2025\/04\/489635780_18398797531110518_1414255579391592389_n.jpg",1440,1799,false]},"_links":{"self":[{"href":"https:\/\/esportsmunicipalsalzira.com\/es\/wp-json\/wp\/v2\/posts\/8949","targetHints":{"allow":["GET"]}}],"collection":[{"href":"https:\/\/esportsmunicipalsalzira.com\/es\/wp-json\/wp\/v2\/posts"}],"about":[{"href":"https:\/\/esportsmunicipalsalzira.com\/es\/wp-json\/wp\/v2\/types\/post"}],"author":[{"embeddable":true,"href":"https:\/\/esportsmunicipalsalzira.com\/es\/wp-json\/wp\/v2\/users\/2"}],"replies":[{"embeddable":true,"href":"https:\/\/esportsmunicipalsalzira.com\/es\/wp-json\/wp\/v2\/comments?post=8949"}],"version-history":[{"count":0,"href":"https:\/\/esportsmunicipalsalzira.com\/es\/wp-json\/wp\/v2\/posts\/8949\/revisions"}],"wp:featuredmedia":[{"embeddable":true,"href":"https:\/\/esportsmunicipalsalzira.com\/es\/wp-json\/wp\/v2\/media\/8950"}],"wp:attachment":[{"href":"https:\/\/esportsmunicipalsalzira.com\/es\/wp-json\/wp\/v2\/media?parent=8949"}],"wp:term":[{"taxonomy":"category","embeddable":true,"href":"https:\/\/esportsmunicipalsalzira.com\/es\/wp-json\/wp\/v2\/categories?post=8949"},{"taxonomy":"post_tag","embeddable":true,"href":"https:\/\/esportsmunicipalsalzira.com\/es\/wp-json\/wp\/v2\/tags?post=8949"}],"curies":[{"name":"wp","href":"https:\/\/api.w.org\/{rel}","templated":true}]}}